{"id":317396,"date":"2025-08-13T23:54:10","date_gmt":"2025-08-13T23:54:10","guid":{"rendered":"https:\/\/www.europesays.com\/fr\/317396\/"},"modified":"2025-08-13T23:54:10","modified_gmt":"2025-08-13T23:54:10","slug":"luis-enrique-jespere-beaucoup-plus-de-mes-joueurs-supercoupe-deurope-psg-tottenham-2-2-4-3-tab","status":"publish","type":"post","link":"https:\/\/www.europesays.com\/fr\/317396\/","title":{"rendered":"Luis Enrique\u00a0: \u00ab\u00a0J&rsquo;esp\u00e8re beaucoup plus de mes joueurs\u00a0\u00bb &#8211; Supercoupe d&rsquo;Europe &#8211; PSG-Tottenham (2-2, 4-3 TAB)"},"content":{"rendered":"<p>Le s\u00e9rieux avant les \u00e9motions.<\/p>\n<p>Ravi d\u2019avoir vu son \u00e9quipe <a target=\"_blank\" href=\"https:\/\/www.sofoot.com\/articles\/revenu-de-nulle-part-le-psg-arrache-la-supercoupe-deurope-aux-tirs-aux-buts-contre-tottenham\" rel=\"noopener nofollow\">renverser Tottenham alors que tout semblait perdu pour s\u2019offrir la Supercoupe d\u2019Europe<\/a>, <strong>Luis Enrique n\u2019a pas souhait\u00e9 sur-analyser la prestation du PSG. Et reste conscient que ses joueurs doivent encore monter en puissance<\/strong>, une semaine seulement apr\u00e8s avoir repris le chemin de l\u2019entra\u00eenement. \u00ab\u202fJe pense que c\u2019est difficile de parler de ce match parce qu\u2019on s\u2019est entra\u00een\u00e9 cinq ou six\u00a0 jours. C\u2019est incroyable, nos supporters sont l\u00e0 tout le temps, peu importent les r\u00e9sultats, et soutiennent l\u2019\u00e9quipe. Pour nous, c\u2019est important de gagner ce troph\u00e9e et de l\u2019offrir \u00e0 nos supporters\u202f\u00bb, a confi\u00e9 le tacticien espagnol au micro de Canal+.<\/p>\n<p class=\"Paragraph__content\" data-v-e14a34bc=\"\"><strong>L\u2019entra\u00eeneur parisien s\u2019est \u00e9galement confi\u00e9 sur le rapport de force du match<\/strong>, longtemps domin\u00e9 par les Spurs, avant une derni\u00e8re demi-heure \u00e0 l\u2019avantage des siens et ces deux buts arriv\u00e9s au moment o\u00f9 l\u2019on ne les attendait plus. \u00ab\u202fJe pense que Tottenham a jou\u00e9 un tr\u00e8s bon match, a-t-il affirm\u00e9. Ils sont plus forts que nous, parce que nous, on \u00e9tait dans une situation tr\u00e8s difficile. On a eu la capacit\u00e9 de lutter jusqu\u2019\u00e0 la fin du match et, je ne sais pas si c\u2019est juste mais c\u2019est comme \u00e7a le football. On doit s\u2019am\u00e9liorer encore. J\u2019esp\u00e8re beaucoup plus de mes joueurs, toujours plus.\u202f\u00bb<\/p>\n<p data-v-e14a34bc=\"\">Imaginez de quoi cette \u00e9quipe sera capable avec quelques jours d\u2019entra\u00eenement suppl\u00e9mentaires.<\/p>\n<p>\t\t\t\t\t\t\t\t\t\t<a class=\"lien-connexe\" href=\"https:\/\/www.sofoot.com\/breves\/goncalo-ramos-annonce-quil-reste-au-psg\" rel=\"nofollow noopener\" target=\"_blank\">Gon\u00e7alo Ramos annonce qu&rsquo;il reste au PSG<\/a>\t\t\t\t\t<\/p>\n","protected":false},"excerpt":{"rendered":"Le s\u00e9rieux avant les \u00e9motions. Ravi d\u2019avoir vu son \u00e9quipe renverser Tottenham alors que tout semblait perdu pour&hellip;\n","protected":false},"author":2,"featured_media":317397,"comment_status":"","ping_status":"","sticky":false,"template":"","format":"standard","meta":{"footnotes":""},"categories":[9],"tags":[47,61,69,65,64,63,1011,27,68,66,62,70,67,60],"class_list":{"0":"post-317396","1":"post","2":"type-post","3":"status-publish","4":"format-standard","5":"has-post-thumbnail","7":"category-sports","8":"tag-actualite","9":"tag-actus-football","10":"tag-bundesliga","11":"tag-championnats-europeens","12":"tag-equipe-de-france","13":"tag-football","14":"tag-fr","15":"tag-france","16":"tag-ligua","17":"tag-ligue-1","18":"tag-news-foot","19":"tag-premier-league","20":"tag-serie-a","21":"tag-sports"},"share_on_mastodon":{"url":"https:\/\/pubeurope.com\/@fr\/115024158013555397","error":""},"_links":{"self":[{"href":"https:\/\/www.europesays.com\/fr\/wp-json\/wp\/v2\/posts\/317396","targetHints":{"allow":["GET"]}}],"collection":[{"href":"https:\/\/www.europesays.com\/fr\/wp-json\/wp\/v2\/posts"}],"about":[{"href":"https:\/\/www.europesays.com\/fr\/wp-json\/wp\/v2\/types\/post"}],"author":[{"embeddable":true,"href":"https:\/\/www.europesays.com\/fr\/wp-json\/wp\/v2\/users\/2"}],"replies":[{"embeddable":true,"href":"https:\/\/www.europesays.com\/fr\/wp-json\/wp\/v2\/comments?post=317396"}],"version-history":[{"count":0,"href":"https:\/\/www.europesays.com\/fr\/wp-json\/wp\/v2\/posts\/317396\/revisions"}],"wp:featuredmedia":[{"embeddable":true,"href":"https:\/\/www.europesays.com\/fr\/wp-json\/wp\/v2\/media\/317397"}],"wp:attachment":[{"href":"https:\/\/www.europesays.com\/fr\/wp-json\/wp\/v2\/media?parent=317396"}],"wp:term":[{"taxonomy":"category","embeddable":true,"href":"https:\/\/www.europesays.com\/fr\/wp-json\/wp\/v2\/categories?post=317396"},{"taxonomy":"post_tag","embeddable":true,"href":"https:\/\/www.europesays.com\/fr\/wp-json\/wp\/v2\/tags?post=317396"}],"curies":[{"name":"wp","href":"https:\/\/api.w.org\/{rel}","templated":true}]}}