{"id":317402,"date":"2025-08-13T23:57:10","date_gmt":"2025-08-13T23:57:10","guid":{"rendered":"https:\/\/www.europesays.com\/fr\/317402\/"},"modified":"2025-08-13T23:57:10","modified_gmt":"2025-08-13T23:57:10","slug":"ces-francais-ont-choisi-de-se-faire-cryogeniser","status":"publish","type":"post","link":"https:\/\/www.europesays.com\/fr\/317402\/","title":{"rendered":"ces Fran\u00e7ais ont choisi de se faire cryog\u00e9niser"},"content":{"rendered":"<p data-module=\"fig-standfirst-editorial-episode\" data-context=\"@media (min-width:48em)\"><strong>ENQU\u00caTE (4\/5)<\/strong> &#8211; \u00c0 leur mort, ils seront conserv\u00e9s dans des cuves \u00e0 &#8211;\u00a0196\u00a0\u00b0C. Avec l\u2019espoir d\u2019\u00eatre r\u00e9anim\u00e9s dans le futur.<\/p>\n<p class=\"fig-paragraph\">\u00ab\u00a0Pour 50\u00a0euros par mois, tu peux \u00eatre cryog\u00e9nis\u00e9 puis r\u00e9veill\u00e9 dans 300\u00a0ans.\u00a0\u00bb En janvier dernier, l\u2019entrepreneur\u00a0<a href=\"http:\/\/tvmag.lefigaro.fr\/programme-tv\/actu-tele\/j-aimerais-etre-le-porte-drapeau-de-la-meritocratie-anthony-bourbon-qui-veut-etre-mon-associe-de-la-rue-aux-millions-20240124\" data-fig-type=\"Article\" data-gtm-custom-categorie=\"navigation\" data-gtm-custom-action=\"crossclick\" data-gtm-custom-label=\"Contextuel\" data-gtm-event=\"customEventSPE\" data-fig-domain=\"TVMAG\" target=\"_blank\" rel=\"noopener\">Anthony Bourbon<\/a>, star de l\u2019\u00e9mission \u00ab\u00a0<a href=\"http:\/\/www.lefigaro.fr\/societes\/qui-veut-etre-mon-associe-ces-entreprises-qui-ont-connu-un-succes-retentissant-apres-leur-passage-dans-l-emission-20250215\" data-fig-type=\"Article\" data-gtm-custom-categorie=\"navigation\" data-gtm-custom-action=\"crossclick\" data-gtm-custom-label=\"Contextuel\" data-gtm-event=\"customEventSPE\" data-fig-domain=\"LEFIGARO\" target=\"_blank\" rel=\"noopener\">Qui veut \u00eatre mon associ\u00e9\u00a0?\u00a0<\/a> \u00bb sur M6, stup\u00e9fiait son intervieweur du jour, Guillaume Pley, cr\u00e9ateur du m\u00e9dia\u00a0<a href=\"http:\/\/tvmag.lefigaro.fr\/programme-tv\/actu-tele\/michel-drucker-et-guillaume-pley-youtube-et-la-television-c-est-la-meme-chose-20250529\" data-fig-type=\"Article\" data-gtm-custom-categorie=\"navigation\" data-gtm-custom-action=\"crossclick\" data-gtm-custom-label=\"Contextuel\" data-gtm-event=\"customEventSPE\" data-fig-domain=\"TVMAG\" target=\"_blank\" rel=\"noopener\">Legend<\/a>, en lui avouant avoir sign\u00e9 un contrat avec la start-up allemande Tomorrow Biostasis. \u00c0 sa mort, l\u2019investisseur verra son corps r\u00e9cup\u00e9r\u00e9 par une \u00e9quipe m\u00e9dicale d\u00e9di\u00e9e, refroidi, puis entrepos\u00e9 dans une immense cuve en Suisse, \u00e0 &#8211;\u00a0196\u00a0\u00b0C. \u00ab\u00a0C\u2019est s\u00fbr et certain que la technologie nous permettra de nous r\u00e9veiller, une sorte micro-onde. Et apr\u00e8s, tu finirais dans un robot que fait\u00a0<a href=\"http:\/\/www.lefigaro.fr\/conjoncture\/conduite-autonome-robotique-ia-les-chantiers-qui-attendent-elon-musk-de-retour-chez-tesla-20250502\" data-fig-type=\"Article\" data-gtm-custom-categorie=\"navigation\" data-gtm-custom-action=\"crossclick\" data-gtm-custom-label=\"Contextuel\" data-gtm-event=\"customEventSPE\" data-fig-domain=\"LEFIGARO\" target=\"_blank\" rel=\"noopener\">Elon Musk\u00a0<\/a> \u00bb, poursuivait l\u2019homme d\u2019affaires de 37\u00a0ans. Un mois apr\u00e8s cet entretien, le cr\u00e9ateur de Feed annon\u00e7ait que le club d\u2019investisseurs Blast, qu\u2019il a cofond\u00e9 avec Samuel Guez, avait inject\u00e9 1,5\u00a0million d\u2019euros dans Tomorrow Biostasis. Anthony Bourbon, technophile convaincu, a mis un coup de projecteur sur cette technique aux allures\u2026<\/p>\n<p class=\"fig-premium-paywall__infos\">\n        Cet article est r\u00e9serv\u00e9 aux abonn\u00e9s.        Il vous reste 91% \u00e0 d\u00e9couvrir.\n    <\/p>\n<p>                <img  data- alt=\"Le Figaro\" class=\"fig-img--complete fig-img\"\/><\/p>\n<p class=\"fig-premium-paywall__title\">Vente Flash<\/p>\n<p class=\"fig-premium-paywall__subtitle\">4,99\u20ac par mois pendant 12 mois. Sans engagement<\/p>\n<p class=\"fig-premium-paywall__connect\">\n                D\u00e9j\u00e0 abonn\u00e9\u00a0?                <a class=\"fig-premium-paywall__connect-link\" href=\"https:\/\/connect.lefigaro.fr\/login?client=sante_web&amp;type=main&amp;redirect_uri=https%3A%2F%2Fsante.lefigaro.fr%2Fmieux-etre%2Fje-reve-d-etre-reanime-rajeuni-et-d-aller-explorer-d-autres-systemes-solaires-ces-francais-ont-choisi-de-se-faire-cryogeniser-20250813\" data-js-gtm=\"{&quot;customCategorie&quot;: &quot;conversion&quot;, &quot;customAction&quot;: &quot;before_Landing_Connexion_paywall_auto&quot;, &quot;customLabel&quot;: &quot;c2FudGUubGVmaWdhcm8uZnJfXzFmMDVjMGU0LWQyMjQtNmVkNi05NjUwLWU3NjQ4MTY0NmFlY19fQXJ0aWNsZQ==_\u00ab\u00a0Je r\u00eave d\u2019\u00eatre r\u00e9anim\u00e9, rajeuni et d\u2019aller explorer d\u2019autres syst\u00e8mes solaires\u00a0\u00bb\u00a0: ces Fran\u00e7ais ont choisi de se faire cryog\u00e9niser_1000&quot;, &quot;customIDSPE&quot;: &quot;c2FudGUubGVmaWdhcm8uZnJfXzFmMDVjMGU0LWQyMjQtNmVkNi05NjUwLWU3NjQ4MTY0NmFlY19fQXJ0aWNsZQ==&quot;, &quot;event&quot;: &quot;customEventSPE&quot;}\" target=\"_blank\" rel=\"noopener\"><br \/>\n                    Connectez-vous<br \/>\n                <\/a>\n            <\/p>\n","protected":false},"excerpt":{"rendered":"ENQU\u00caTE (4\/5) &#8211; \u00c0 leur mort, ils seront conserv\u00e9s dans des cuves \u00e0 &#8211;\u00a0196\u00a0\u00b0C. Avec l\u2019espoir d\u2019\u00eatre r\u00e9anim\u00e9s&hellip;\n","protected":false},"author":2,"featured_media":317403,"comment_status":"","ping_status":"","sticky":false,"template":"","format":"standard","meta":{"footnotes":""},"categories":[6],"tags":[8704,8699,37046,37048,2424,4983,35,37045,7516,37051,37052,37053,37047,45585,33,34,37049,4988,1011,27,4463,8700,37055,37050,37054,35749,517],"class_list":{"0":"post-317402","1":"post","2":"type-post","3":"status-publish","4":"format-standard","5":"has-post-thumbnail","7":"category-economie","8":"tag-actu-sante","9":"tag-actualite-sante","10":"tag-astuce","11":"tag-astuces-sante","12":"tag-beaute","13":"tag-bien-etre","14":"tag-business","15":"tag-coaching","16":"tag-conseil","17":"tag-conseil-beaute","18":"tag-conseil-forme","19":"tag-conseil-sante","20":"tag-conseils-sante","21":"tag-cryogenie","22":"tag-economie","23":"tag-economy","24":"tag-etre-en-forme","25":"tag-forme","26":"tag-fr","27":"tag-france","28":"tag-guide","29":"tag-info-sante","30":"tag-information-sante","31":"tag-restez-en-forme","32":"tag-site-de-sante","33":"tag-soin","34":"tag-sport"},"share_on_mastodon":{"url":"https:\/\/pubeurope.com\/@fr\/115024170002224555","error":""},"_links":{"self":[{"href":"https:\/\/www.europesays.com\/fr\/wp-json\/wp\/v2\/posts\/317402","targetHints":{"allow":["GET"]}}],"collection":[{"href":"https:\/\/www.europesays.com\/fr\/wp-json\/wp\/v2\/posts"}],"about":[{"href":"https:\/\/www.europesays.com\/fr\/wp-json\/wp\/v2\/types\/post"}],"author":[{"embeddable":true,"href":"https:\/\/www.europesays.com\/fr\/wp-json\/wp\/v2\/users\/2"}],"replies":[{"embeddable":true,"href":"https:\/\/www.europesays.com\/fr\/wp-json\/wp\/v2\/comments?post=317402"}],"version-history":[{"count":0,"href":"https:\/\/www.europesays.com\/fr\/wp-json\/wp\/v2\/posts\/317402\/revisions"}],"wp:featuredmedia":[{"embeddable":true,"href":"https:\/\/www.europesays.com\/fr\/wp-json\/wp\/v2\/media\/317403"}],"wp:attachment":[{"href":"https:\/\/www.europesays.com\/fr\/wp-json\/wp\/v2\/media?parent=317402"}],"wp:term":[{"taxonomy":"category","embeddable":true,"href":"https:\/\/www.europesays.com\/fr\/wp-json\/wp\/v2\/categories?post=317402"},{"taxonomy":"post_tag","embeddable":true,"href":"https:\/\/www.europesays.com\/fr\/wp-json\/wp\/v2\/tags?post=317402"}],"curies":[{"name":"wp","href":"https:\/\/api.w.org\/{rel}","templated":true}]}}