{"id":317404,"date":"2025-08-13T23:58:10","date_gmt":"2025-08-13T23:58:10","guid":{"rendered":"https:\/\/www.europesays.com\/fr\/317404\/"},"modified":"2025-08-13T23:58:10","modified_gmt":"2025-08-13T23:58:10","slug":"menace-dinondations-extremes-a-juneau-en-alaska-apres-la-fonte-dun-glacier","status":"publish","type":"post","link":"https:\/\/www.europesays.com\/fr\/317404\/","title":{"rendered":"Menace d\u2019inondations extr\u00eames \u00e0 Juneau en Alaska apr\u00e8s la fonte d\u2019un glacier"},"content":{"rendered":"<p>La capitale de l\u2019<a href=\"https:\/\/www.20minutes.fr\/dossier\/alaska\" target=\"_blank\" class=\"c-link c-link--is-underlined\" rel=\"nofollow noopener\">Alaska<\/a>, Juneau, vit des heures tendues depuis le d\u00e9but des <a href=\"https:\/\/www.20minutes.fr\/dossier\/crue\" target=\"_blank\" class=\"c-link c-link--is-underlined\" rel=\"nofollow noopener\">crues<\/a> glaciaires annuelles. Les autorit\u00e9s locales ont ordonn\u00e9 l\u2019\u00e9vacuation de nombreux quartiers face \u00e0 une mont\u00e9e des eaux qui pourrait atteindre un niveau jamais enregistr\u00e9, cons\u00e9quence directe du r\u00e9chauffement climatique selon plusieurs agences f\u00e9d\u00e9rales cit\u00e9es par <a href=\"https:\/\/www.theguardian.com\/us-news\/2025\/aug\/13\/alaskas-juneau-glacier-flood-record-climate\" rel=\"nofollow noopener\" target=\"_blank\" class=\"c-link c-link--is-underlined\">The Guardian<\/a> et par <a href=\"https:\/\/www.cnn.com\/2025\/08\/12\/weather\/juneau-alaska-glacier-outburst-flooding-climate\" rel=\"nofollow noopener\" target=\"_blank\" class=\"c-link c-link--is-underlined\">CNN<\/a>. Les habitants situ\u00e9s dans les zones inondables ont re\u00e7u des alertes leur enjoignant de partir imm\u00e9diatement, tandis que les \u00e9quipes municipales renforcent les protections avec des barri\u00e8res temporaires.<\/p>\n<p>Mardi matin, l\u2019eau a commenc\u00e9 \u00e0 s\u2019\u00e9chapper du barrage naturel form\u00e9 par le glacier Mendenhall, situ\u00e9 \u00e0 une vingtaine de kilom\u00e8tres au nord de la ville. Ce ph\u00e9nom\u00e8ne, appel\u00e9 crue glaciaire, se produit lorsque l\u2019eau de pluie et la fonte des neiges s\u2019accumulent jusqu\u2019\u00e0 ce que la pression perce la barri\u00e8re de glace. Selon les pr\u00e9visions du <a href=\"https:\/\/www.weather.gov\/ajk\/suicideBasin\" rel=\"nofollow noopener\" target=\"_blank\" class=\"c-link c-link--is-underlined\">National Weather Service (NWS)<\/a>, le niveau de la rivi\u00e8re devrait d\u00e9passer 4,87 m\u00e8tres mercredi matin, un record absolu. Les autorit\u00e9s esp\u00e8rent que les digues d\u2019urgence r\u00e9cemment install\u00e9es pourront contenir au moins une partie du flot et prot\u00e9ger la vall\u00e9e de Mendenhall, o\u00f9 r\u00e9side la majorit\u00e9 des 32.000 habitants de Juneau.<\/p>\n<\/p>\n<p>Des inondations r\u00e9guli\u00e8res chaque \u00e9t\u00e9<\/p>\n<p>Depuis\u00a02011, ces d\u00e9bordements frappent chaque \u00e9t\u00e9 la vall\u00e9e de Mendenhall, provoquant parfois des destructions importantes. Les scientifiques notent que l\u2019ampleur et la fr\u00e9quence de ces \u00e9v\u00e9nements s\u2019intensifient, en lien direct avec le <a href=\"https:\/\/www.20minutes.fr\/dossier\/rechauffement-climatique\" target=\"_blank\" class=\"c-link c-link--is-underlined\" rel=\"nofollow noopener\">r\u00e9chauffement climatique<\/a>. La NOAA souligne que l\u2019Alaska s\u2019est r\u00e9chauff\u00e9 deux fois plus vite que le reste des <a href=\"https:\/\/www.20minutes.fr\/monde\/etats-unis\/\" target=\"_blank\" class=\"c-link c-link--is-underlined\" rel=\"nofollow noopener\">Etats-Unis<\/a>, avec une hausse moyenne de 1,7\u00a0\u00b0C sur le si\u00e8cle \u00e9coul\u00e9, et que la tendance se poursuit. La fonte et le recul rapides des glaciers, amorc\u00e9s \u00e0 la fin des ann\u00e9es\u00a01980, favorisent directement ces crues soudaines et massives, qui repr\u00e9sentent d\u00e9sormais un risque r\u00e9current pour les populations riveraines.<\/p>\n<p><a href=\"https:\/\/www.20minutes.fr\/dossier\/crue\" target=\"_blank\" class=\"c-link c-btn c-btn--primary\" rel=\"nofollow noopener\">Notre dossier sur les inondations<\/a><\/p>\n<p>Pour Rick Thoman, climatologue \u00e0 l\u2019<a href=\"https:\/\/uaf-accap.org\" rel=\"nofollow noopener\" target=\"_blank\" class=\"c-link c-link--is-underlined\">Alaska Center for Climate Assessment and Policy<\/a>, sans le changement climatique, de telles crues n\u2019auraient tout simplement pas lieu sur le Mendenhall. En ao\u00fbt\u00a02023, un \u00e9pisode similaire avait d\u00e9j\u00e0 inond\u00e9 des zones jusqu\u2019alors \u00e9pargn\u00e9es, d\u00e9truisant des habitations, endommageant des infrastructures et provoquant une \u00e9rosion massive des berges. Les autorit\u00e9s locales consid\u00e8rent d\u00e9sormais ces inondations comme une menace saisonni\u00e8re majeure. Le glacier Mendenhall, vestige du petit \u00e2ge glaciaire, recule aujourd\u2019hui de 30 \u00e0 45 m\u00e8tres par an.<\/p>\n","protected":false},"excerpt":{"rendered":"La capitale de l\u2019Alaska, Juneau, vit des heures tendues depuis le d\u00e9but des crues glaciaires annuelles. Les autorit\u00e9s&hellip;\n","protected":false},"author":2,"featured_media":317405,"comment_status":"","ping_status":"","sticky":false,"template":"","format":"standard","meta":{"footnotes":""},"categories":[5],"tags":[47,11,36796,11295,73,5220,1011,27,4458,14,74,12,5140,28],"class_list":{"0":"post-317404","1":"post","2":"type-post","3":"status-publish","4":"format-standard","5":"has-post-thumbnail","7":"category-international","8":"tag-actualite","9":"tag-actualites","10":"tag-alaska","11":"tag-crue","12":"tag-etats-unis","13":"tag-evacuation","14":"tag-fr","15":"tag-france","16":"tag-inondation","17":"tag-international","18":"tag-monde","19":"tag-news","20":"tag-rechauffement-climatique","21":"tag-world"},"share_on_mastodon":{"url":"https:\/\/pubeurope.com\/@fr\/115024173761406901","error":""},"_links":{"self":[{"href":"https:\/\/www.europesays.com\/fr\/wp-json\/wp\/v2\/posts\/317404","targetHints":{"allow":["GET"]}}],"collection":[{"href":"https:\/\/www.europesays.com\/fr\/wp-json\/wp\/v2\/posts"}],"about":[{"href":"https:\/\/www.europesays.com\/fr\/wp-json\/wp\/v2\/types\/post"}],"author":[{"embeddable":true,"href":"https:\/\/www.europesays.com\/fr\/wp-json\/wp\/v2\/users\/2"}],"replies":[{"embeddable":true,"href":"https:\/\/www.europesays.com\/fr\/wp-json\/wp\/v2\/comments?post=317404"}],"version-history":[{"count":0,"href":"https:\/\/www.europesays.com\/fr\/wp-json\/wp\/v2\/posts\/317404\/revisions"}],"wp:featuredmedia":[{"embeddable":true,"href":"https:\/\/www.europesays.com\/fr\/wp-json\/wp\/v2\/media\/317405"}],"wp:attachment":[{"href":"https:\/\/www.europesays.com\/fr\/wp-json\/wp\/v2\/media?parent=317404"}],"wp:term":[{"taxonomy":"category","embeddable":true,"href":"https:\/\/www.europesays.com\/fr\/wp-json\/wp\/v2\/categories?post=317404"},{"taxonomy":"post_tag","embeddable":true,"href":"https:\/\/www.europesays.com\/fr\/wp-json\/wp\/v2\/tags?post=317404"}],"curies":[{"name":"wp","href":"https:\/\/api.w.org\/{rel}","templated":true}]}}