{"id":317406,"date":"2025-08-13T23:59:11","date_gmt":"2025-08-13T23:59:11","guid":{"rendered":"https:\/\/www.europesays.com\/fr\/317406\/"},"modified":"2025-08-13T23:59:11","modified_gmt":"2025-08-13T23:59:11","slug":"nouvelle-caledonie-le-flnks-rejette-laccord-de-bougival-valls-maintient-son-calendrier-mediapart","status":"publish","type":"post","link":"https:\/\/www.europesays.com\/fr\/317406\/","title":{"rendered":"Nouvelle-Cal\u00e9donie : le FLNKS rejette l\u2019accord de Bougival, Valls maintient son calendrier &#8211; Mediapart"},"content":{"rendered":"<ol>\n<li><a href=\"https:\/\/news.google.com\/rss\/articles\/CBMizwFBVV95cUxQRFI1NUMwSmZDSFBxbVl5ajJOX1ZNYS0tU21BYXhZNi1Uai1JTmc5RE1NYm5STkRkRHR0S1h6bGpXNUh5aTVTYWM1aTY2UnZSSFo0dEtJWEZuc2Jpc0xKMDc2eFZtTFV2NWo2elpTS19nVE82eE9UU21HVEwyR2xmZW5DMm4tTWtHNHkxVldZb1dfcERYTEhMVVVGZHpfRldxQmt2Z2ZIN2NTWHlINlkxU1lEV0dOZHo3OTF5dTRfLTRpLVphbnFHdTIwRTBZSmc?oc=5\" target=\"_blank\" rel=\"noopener\">Nouvelle-Cal\u00e9donie : le FLNKS rejette l\u2019accord de Bougival, Valls maintient son calendrier<\/a>&nbsp;&nbsp;Mediapart<\/li>\n<li><a href=\"https:\/\/news.google.com\/rss\/articles\/CBMiowJBVV95cUxNbDNaUGpwR2tfbXFtR21xLVYxaUFFTTVtX1JxY3g2Q1FOWGpjUHJ5WnZvYXJZa083NVZGQUpZRllzUk56V2tNMllsS05wSU5aNnVnNWtWMUJWMWZ1bzFLajR5NWc1RmhrY0psYVNtUmpHdGE1bzFseWIwVG9LbkNHYkppcVNKTGFvdTFTX3JBMTYweVRYZEU2emw3V09NdEFmTEE0Rk9hdUoyMnEzT2hkMWs2alJISk1EdE9EVzNBSkJ5Z3haQlQ1amEwSUlKODVkM0NVUG1mTHVzYjVzRkJXd0pidWVhSi00eHNRekJYbzc3MENmdlBLb0tpazNXdjVwcEtLSmdwTzlZUW41NUYtYi0zZ3Zqc1p2RDdpdUVxajFlOTQ?oc=5\" target=\"_blank\" rel=\"noopener\">Nouvelle-Cal\u00e9donie : le FLNKS rejette officiellement le projet d\u2019accord de Bougival, Manuel Valls appelle \u00e0 trouver un compromis<\/a>&nbsp;&nbsp;Le Monde.fr<\/li>\n<li><a href=\"https:\/\/news.google.com\/rss\/articles\/CBMiigJBVV95cUxNTFNMMEZXelpjUzlmQVhkQnFJRFVkNDAtYlZrQmNnSzJqWlM5dHptZXlfU2k5czBxXzF3U093TTlxQmlJc0U4V3ViZXJCcmpEazRfUlhkaGdleG15RWI3eTNnSHM2WHBscTdIQXdmMXRGRE5TRERNb2dyWHRMdk1pU2Vlc1ZlQ2ZHdlVWTFFxNm9HRGJlMENib1JWNzdGalBNcjlWT1pfNG9VZ3BqeDdYTjRFN2xWSW5YSm1BbGN3VHN5TGJYa1lfSXhOR1ZJUjhqc1VNcVZIenFmekdlWkgyUHR6OXNZQWJPbDNNNVZkYlJxdnU5U01ZY3c1ektlcG84dFk0cEJSQzUwQQ?oc=5\" target=\"_blank\" rel=\"noopener\">Accord Nouvelle-Cal\u00e9donie. \u00ab\u00a0Nous mettrons en \u0153uvre le projet de Bougival\u00a0\u00bb, annonce Manuel Valls avant de se rendre \u00e0 Noum\u00e9a<\/a>&nbsp;&nbsp;Outre-mer la 1\u00e8re<\/li>\n<li><a href=\"https:\/\/news.google.com\/rss\/articles\/CBMi8AFBVV95cUxNd0x6Ylp5UFVYdi1mbm5FVTUxZzNONnRnbVdoUVlld1RWbjRpTVNydUpYeTItWkxkdUZLVkR6MUVGNUZXbzhsbzY5amdKQTFCNzVsWkM2QWlKbFNoUGRybWJjOUp6dmh6Z0xUWGh5Y2FTb1ZnTV9RMFdWLWRjWjlTbl9TNEZCRy1RZHZ5bXdWckdfV3A5b29zSktiaExCS19LdDJtT2Z6bjBqdVd5S0w4V1daM3pwYVJQcDRONWhPUVpLdlpyWVVMY2t6RzZ1Q0IzUFplUVZ0LWU5Qm1mWExyS2h4aWFycGxmak9keEdGR28?oc=5\" target=\"_blank\" rel=\"noopener\">Nouvelle-Cal\u00e9donie : 10 choses \u00e0 savoir sur Christian Tein, figure ind\u00e9pendantiste et pr\u00e9sident du FLNKS<\/a>&nbsp;&nbsp;Le Nouvel Obs<\/li>\n<li><a href=\"https:\/\/news.google.com\/rss\/articles\/CBMiwgFBVV95cUxOS0ZsdU9EUzYyU1ZpTGhjcEFKQ2t3cXFfSkVIbnRjQ0VjQ3pzRnpqWnpxMHd3Zjd0elB1VGZaZ0tMQXdWVnZRME90bjZtRG8tRktvTzduUkprQnVQdXlHVGJGOEF3S0lydi1XaGd2V2FGX29WaW9LS3ZyMXd4TXE2Z19BSFV2TFBLWHpsZko2QlB6b3RTbWtvbWVGNW43QVgyeW1PT2JUOHZLQW5NcVB4V1FvTTIzMzU5S3lZeHh2TlJnQQ?oc=5\" target=\"_blank\" rel=\"noopener\">Nouvelle-Cal\u00e9donie : l\u2019heure de v\u00e9rit\u00e9 pour le \u00ab nouveau \u00bb Manuel Valls<\/a>&nbsp;&nbsp;Le Point<\/li>\n<\/ol>\n","protected":false},"excerpt":{"rendered":"Nouvelle-Cal\u00e9donie : le FLNKS rejette l\u2019accord de Bougival, Valls maintient son calendrier&nbsp;&nbsp;Mediapart Nouvelle-Cal\u00e9donie : le FLNKS rejette officiellement&hellip;\n","protected":false},"author":2,"featured_media":317407,"comment_status":"","ping_status":"","sticky":false,"template":"","format":"standard","meta":{"footnotes":""},"categories":[4],"tags":[11,45586,1011,27,15315,12,23874,25],"class_list":{"0":"post-317406","1":"post","2":"type-post","3":"status-publish","4":"format-standard","5":"has-post-thumbnail","7":"category-france","8":"tag-actualites","9":"tag-flnks","10":"tag-fr","11":"tag-france","12":"tag-manuel-valls","13":"tag-news","14":"tag-nouvelle-caledonie","15":"tag-republique-francaise"},"share_on_mastodon":{"url":"https:\/\/pubeurope.com\/@fr\/115024177675961166","error":""},"_links":{"self":[{"href":"https:\/\/www.europesays.com\/fr\/wp-json\/wp\/v2\/posts\/317406","targetHints":{"allow":["GET"]}}],"collection":[{"href":"https:\/\/www.europesays.com\/fr\/wp-json\/wp\/v2\/posts"}],"about":[{"href":"https:\/\/www.europesays.com\/fr\/wp-json\/wp\/v2\/types\/post"}],"author":[{"embeddable":true,"href":"https:\/\/www.europesays.com\/fr\/wp-json\/wp\/v2\/users\/2"}],"replies":[{"embeddable":true,"href":"https:\/\/www.europesays.com\/fr\/wp-json\/wp\/v2\/comments?post=317406"}],"version-history":[{"count":0,"href":"https:\/\/www.europesays.com\/fr\/wp-json\/wp\/v2\/posts\/317406\/revisions"}],"wp:featuredmedia":[{"embeddable":true,"href":"https:\/\/www.europesays.com\/fr\/wp-json\/wp\/v2\/media\/317407"}],"wp:attachment":[{"href":"https:\/\/www.europesays.com\/fr\/wp-json\/wp\/v2\/media?parent=317406"}],"wp:term":[{"taxonomy":"category","embeddable":true,"href":"https:\/\/www.europesays.com\/fr\/wp-json\/wp\/v2\/categories?post=317406"},{"taxonomy":"post_tag","embeddable":true,"href":"https:\/\/www.europesays.com\/fr\/wp-json\/wp\/v2\/tags?post=317406"}],"curies":[{"name":"wp","href":"https:\/\/api.w.org\/{rel}","templated":true}]}}