{"id":317414,"date":"2025-08-14T00:05:12","date_gmt":"2025-08-14T00:05:12","guid":{"rendered":"https:\/\/www.europesays.com\/fr\/317414\/"},"modified":"2025-08-14T00:05:12","modified_gmt":"2025-08-14T00:05:12","slug":"fromages-charcuteries-des-aperos-4-etoiles-grace-a-cette-nouvelle-adresse-gourmande-a-sanary","status":"publish","type":"post","link":"https:\/\/www.europesays.com\/fr\/317414\/","title":{"rendered":"Fromages, charcuteries&#8230; Des ap\u00e9ros 4 \u00e9toiles gr\u00e2ce \u00e0 cette nouvelle adresse gourmande \u00e0 Sanary"},"content":{"rendered":"<p>Depuis juin, une nouvelle adresse gourmande se niche dans les ruelles de Sanary. Face \u00e0 la Poste, la Maison Gustav d\u00e9cline plus de quarante vari\u00e9t\u00e9s de fromages et une s\u00e9lection de charcuteries, choisies avec soin par Maryline Mottard aupr\u00e8s des meilleurs artisans fran\u00e7ais, italiens et espagnols.<\/p>\n<p>Comme l\u2019explique son mari Xavier, \u00ab\u00a0nous ne s\u00e9lectionnons que des produits \u00e0 caract\u00e8re artisanal car notre priorit\u00e9 est la qualit\u00e9!\u00a0\u00bb. Au-del\u00e0 des classiques comt\u00e9s, beauforts, reblochons, burratas et parmesans, se sont gliss\u00e9es des raret\u00e9s comme le fromage de ch\u00e8vre sur lit de fleurs du Japon ou les crottes affin\u00e9es dans les grottes helv\u00e9tiques de Kaltbach&#8230;<\/p>\n<p>Avec cette jolie boutique, le couple r\u00e9alise un r\u00eave de longue date apr\u00e8s une premi\u00e8re vie dans l\u2019agroalimentaire en Martinique. Pour Xavier, originaire de la r\u00e9gion, le choix de Sanary s\u2019est rapidement impos\u00e9 \u00ab\u00a0pour son cadre de vie et sa tranquillit\u00e9, la proximit\u00e9 avec les gens avec qui (on) discute tous les jours et une vraie vie de quartier!\u00a0\u00bb. <br \/>&#13;<br \/>\nD\u2019app\u00e9tissants coffrets gourmands<\/p>\n<p>Quelques tables accueillent les gourmands pour des formules d\u00e9jeuner comprenant focaccias garnies, salades compos\u00e9es, jambons italiens ou charcuteries Chillet venues tout droit des monts du Lyonnais et accompagn\u00e9s de desserts maison. Mais le produit phare de la Maison Gustav, c\u2019est le coffret gourmand! Dans de belles bo\u00eetes en bois clair pour 4 ou 8 personnes sont artistiquement dispos\u00e9s des assortiments fromages ou fromages\/charcuteries, \u00e0 offrir ou partager en terrasse ou sur la plage&#8230; Un pur bonheur pour les yeux et les papilles, \u00e0 tarifs raisonnables! <\/p>\n<p><strong>Pratique<\/strong> <br \/>&#13;<br \/>\nMaison Gustav, face \u00e0 la Poste de Sanary. Ouvert tous les jours sauf dimanche apr\u00e8s-midi, de 9h \u00e0 14h et de 17h \u00e0 19h30 (\u00e9t\u00e9).<br \/>&#13;<br \/>\nT\u00e9l.: 06.70.08.19.20.<\/p>\n<p>              <img ci-src=\"https:\/\/www.varmatin.com\/conso-shopping\/9e713807a8986828146813v_01216271-q2B4sLO8.jpg?vh=d83b87&amp;ci_seal=832a13d4aa\" alt=\"\"\/><br \/>\n        Un app\u00e9tissant coffret gourmand! <strong>Photo I. JA.<\/strong> <\/p>\n","protected":false},"excerpt":{"rendered":"Depuis juin, une nouvelle adresse gourmande se niche dans les ruelles de Sanary. Face \u00e0 la Poste, la&hellip;\n","protected":false},"author":2,"featured_media":317415,"comment_status":"","ping_status":"","sticky":false,"template":"","format":"standard","meta":{"footnotes":""},"categories":[9619],"tags":[1111,11,2876,1777,674,1011,27,12,882,25,2310],"class_list":{"0":"post-317414","1":"post","2":"type-post","3":"status-publish","4":"format-standard","5":"has-post-thumbnail","7":"category-toulon","8":"tag-actu","9":"tag-actualites","10":"tag-conso-shopping","11":"tag-eu","12":"tag-europe","13":"tag-fr","14":"tag-france","15":"tag-news","16":"tag-provence-alpes-cote-dazur","17":"tag-republique-francaise","18":"tag-toulon"},"share_on_mastodon":{"url":"https:\/\/pubeurope.com\/@fr\/115024201275382808","error":""},"_links":{"self":[{"href":"https:\/\/www.europesays.com\/fr\/wp-json\/wp\/v2\/posts\/317414","targetHints":{"allow":["GET"]}}],"collection":[{"href":"https:\/\/www.europesays.com\/fr\/wp-json\/wp\/v2\/posts"}],"about":[{"href":"https:\/\/www.europesays.com\/fr\/wp-json\/wp\/v2\/types\/post"}],"author":[{"embeddable":true,"href":"https:\/\/www.europesays.com\/fr\/wp-json\/wp\/v2\/users\/2"}],"replies":[{"embeddable":true,"href":"https:\/\/www.europesays.com\/fr\/wp-json\/wp\/v2\/comments?post=317414"}],"version-history":[{"count":0,"href":"https:\/\/www.europesays.com\/fr\/wp-json\/wp\/v2\/posts\/317414\/revisions"}],"wp:featuredmedia":[{"embeddable":true,"href":"https:\/\/www.europesays.com\/fr\/wp-json\/wp\/v2\/media\/317415"}],"wp:attachment":[{"href":"https:\/\/www.europesays.com\/fr\/wp-json\/wp\/v2\/media?parent=317414"}],"wp:term":[{"taxonomy":"category","embeddable":true,"href":"https:\/\/www.europesays.com\/fr\/wp-json\/wp\/v2\/categories?post=317414"},{"taxonomy":"post_tag","embeddable":true,"href":"https:\/\/www.europesays.com\/fr\/wp-json\/wp\/v2\/tags?post=317414"}],"curies":[{"name":"wp","href":"https:\/\/api.w.org\/{rel}","templated":true}]}}