{"id":317419,"date":"2025-08-14T00:08:14","date_gmt":"2025-08-14T00:08:14","guid":{"rendered":"https:\/\/www.europesays.com\/fr\/317419\/"},"modified":"2025-08-14T00:08:14","modified_gmt":"2025-08-14T00:08:14","slug":"une-journee-dans-le-vignoble-des-gres-de-montpellier","status":"publish","type":"post","link":"https:\/\/www.europesays.com\/fr\/317419\/","title":{"rendered":"une journ\u00e9e dans le vignoble des gr\u00e9s-de-montpellier"},"content":{"rendered":"<p class=\"mb-4 text-lg md:leading-8 break-words\">Autour de la ville de Montpellier, l&rsquo;appellation des gr\u00e9s-de-montpellier s&rsquo;\u00e9tend de la moyenne vall\u00e9e de l&rsquo;H\u00e9rault jusqu&rsquo;aux \u00e9tangs de la Petite Camargue. Les gr\u00e9s-de-montpellier sont des rouges typ\u00e9s aux parfums de garrigue que compl\u00e8tent blancs et ros\u00e9s, produits en appellation r\u00e9gionale Languedoc. De nombreux domaines jouent la carte de l&rsquo;\u0153notourisme et accueillent les amateurs pour des visites comment\u00e9es, des d\u00e9gustations, et diverses activit\u00e9s \u00e0 la d\u00e9couverte\u00a0de leurs vins.<\/p>\n<p class=\"mb-4 text-lg md:leading-8 break-words\">Des itin\u00e9raires balis\u00e9s \u00e0 pied ou \u00e0 v\u00e9lo permettent de d\u00e9couvrir le vignoble. La saison estivale est rythm\u00e9e par de nombreux \u00e9v\u00e9nements culturels autour de l&rsquo;univers du vin, march\u00e9s de producteurs et autres soir\u00e9es vigneronnes. Enfin, la proximit\u00e9 de Montpellier permet de compl\u00e9ter le p\u00e9riple par une visite de la vieille ville en parcourant les ruelles m\u00e9di\u00e9vales de l&rsquo;\u00e9cusson, de la place de la Com\u00e9die au jardin des plantes, plus ancien jardin botanique de France, en passant par le mus\u00e9e Fabre, l&rsquo;un des plus grands mus\u00e9es d&rsquo;art de France.<br \/>\u00c0 LIRE AUSSI <strong class=\"strong\"><a href=\"https:\/\/www.lepoint.fr\/vin\/domaines-bar-a-vins-gite-une-journee-d-oenotourisme-dans-le-vignoble-des-costieres-de-nimes-30-07-2025-2595453_581.php\" rel=\"nofollow noopener\" target=\"_blank\" data-ylk=\"slk:\u0152notourisme\u00a0: une journ\u00e9e dans le vignoble des costi\u00e8res-de-n\u00eemes;elm:context_link;itc:0;sec:content-canvas\" class=\"link \">\u0152notourisme\u00a0: une journ\u00e9e dans le vignoble des costi\u00e8res-de-n\u00eemes<\/a><\/strong><\/p>\n<p><strong>Ch\u00e2teau de l&rsquo;Engarran<\/strong><\/p>\n<p class=\"mb-4 text-lg md:leading-8 break-words\">Folie du XVIIIe\u00a0si\u00e8cle class\u00e9e monument historique, le ch\u00e2teau de l&rsquo;Engarran est un vaste domaine qui produit des vins en appellations languedoc, gr\u00e9s-de-montpellier et saint-georges-d&rsquo;orques. Sur les pas de Francine Grill, sa m\u00e8re, et apr\u00e8s avoir mis en place et d\u00e9velopp\u00e9 la gamme des vins actuelle avec sa s\u0153ur Constance, Diane Losfelt, \u00e9lue Vigneron [&#8230;] <a href=\"https:\/\/www.lepoint.fr\/vin\/oenotourisme-une-journee-dans-le-vignoble-des-gres-de-montpellier-13-08-2025-2596304_581.php\" rel=\"nofollow noopener\" target=\"_blank\" data-ylk=\"slk:Lire la suite;elm:context_link;itc:0;sec:content-canvas\" class=\"link \">Lire la suite<\/a><\/p>\n","protected":false},"excerpt":{"rendered":"Autour de la ville de Montpellier, l&rsquo;appellation des gr\u00e9s-de-montpellier s&rsquo;\u00e9tend de la moyenne vall\u00e9e de l&rsquo;H\u00e9rault jusqu&rsquo;aux \u00e9tangs&hellip;\n","protected":false},"author":2,"featured_media":317420,"comment_status":"","ping_status":"","sticky":false,"template":"","format":"standard","meta":{"footnotes":""},"categories":[9599],"tags":[1111,11,1777,674,1011,27,45587,12703,2208,12,2680,45588,25,22280],"class_list":{"0":"post-317419","1":"post","2":"type-post","3":"status-publish","4":"format-standard","5":"has-post-thumbnail","7":"category-montpellier","8":"tag-actu","9":"tag-actualites","10":"tag-eu","11":"tag-europe","12":"tag-fr","13":"tag-france","14":"tag-jardin-botanique-de-france","15":"tag-jardin-des-plantes","16":"tag-montpellier","17":"tag-news","18":"tag-occitanie","19":"tag-place-de-la-comedie","20":"tag-republique-francaise","21":"tag-une-journee"},"share_on_mastodon":{"url":"https:\/\/pubeurope.com\/@fr\/115024213004782524","error":""},"_links":{"self":[{"href":"https:\/\/www.europesays.com\/fr\/wp-json\/wp\/v2\/posts\/317419","targetHints":{"allow":["GET"]}}],"collection":[{"href":"https:\/\/www.europesays.com\/fr\/wp-json\/wp\/v2\/posts"}],"about":[{"href":"https:\/\/www.europesays.com\/fr\/wp-json\/wp\/v2\/types\/post"}],"author":[{"embeddable":true,"href":"https:\/\/www.europesays.com\/fr\/wp-json\/wp\/v2\/users\/2"}],"replies":[{"embeddable":true,"href":"https:\/\/www.europesays.com\/fr\/wp-json\/wp\/v2\/comments?post=317419"}],"version-history":[{"count":0,"href":"https:\/\/www.europesays.com\/fr\/wp-json\/wp\/v2\/posts\/317419\/revisions"}],"wp:featuredmedia":[{"embeddable":true,"href":"https:\/\/www.europesays.com\/fr\/wp-json\/wp\/v2\/media\/317420"}],"wp:attachment":[{"href":"https:\/\/www.europesays.com\/fr\/wp-json\/wp\/v2\/media?parent=317419"}],"wp:term":[{"taxonomy":"category","embeddable":true,"href":"https:\/\/www.europesays.com\/fr\/wp-json\/wp\/v2\/categories?post=317419"},{"taxonomy":"post_tag","embeddable":true,"href":"https:\/\/www.europesays.com\/fr\/wp-json\/wp\/v2\/tags?post=317419"}],"curies":[{"name":"wp","href":"https:\/\/api.w.org\/{rel}","templated":true}]}}