{"id":317421,"date":"2025-08-14T00:10:20","date_gmt":"2025-08-14T00:10:20","guid":{"rendered":"https:\/\/www.europesays.com\/fr\/317421\/"},"modified":"2025-08-14T00:10:20","modified_gmt":"2025-08-14T00:10:20","slug":"sm-caen-gaucho-suspendu-lebreton-et-hafid-tres-incertains-avant-quevilly-rouen-sport","status":"publish","type":"post","link":"https:\/\/www.europesays.com\/fr\/317421\/","title":{"rendered":"SM Caen. Gaucho suspendu, Lebreton et Hafid tr\u00e8s incertains avant Quevilly-Rouen . Sport"},"content":{"rendered":"<p>C\u2019est l\u2019h\u00e9catombe au SM Caen. Cinq jours apr\u00e8s <a href=\"https:\/\/caen.maville.com\/sport\/detail_-sm-caen.-neuf-mois-plus-tard-la-fete-a-la-maison-sans-se-soucier-du-lendemain-_52656-6929972_actu.Htm\" target=\"_blank\" rel=\"noopener\">la premi\u00e8re victoire de la saison face \u00e0 Aubgane (3-0)<\/a>, sept joueurs \u00e9taient absents de l\u2019entra\u00eenement, ce mercredi 13\u00a0ao\u00fbt 2025, \u00e0 deux jours du d\u00e9placement \u00e0 Quevilly Rouen.<\/p>\n<p><strong>Lire aussi\u00a0:<\/strong> <a href=\"https:\/\/caen.maville.com\/sport\/detail_-sm-caen.-yann-m-vila-c-est-un-gros-soulagement-on-est-vraiment-content-d-avoir-gagne-_52656-6929733_actu.Htm\" target=\"_blank\" rel=\"noopener\">Yann M\u2019Vila\u00a0: \u00ab\u00a0C\u2019est un gros soulagement, on est vraiment content d\u2019avoir gagn\u00e9\u00a0\u00bb<\/a><\/p>\n<p>En plus de Rony Labonne, Samuel Noireau-Dauriat, L\u00e9o Milliner et Belkacem Dali-Amar, No\u00e9 Lebreton et <a href=\"https:\/\/caen.maville.com\/sport\/detail_-sm-caen.-dans-la-lumiere-apres-l-ombre-mohamed-hafid-a-une-chance-a-saisir-_52656-6930268_actu.Htm\" target=\"_blank\" rel=\"noopener\">Mohammed Hafid<\/a> n\u2019\u00e9taient, eux non plus, pas sur le terrain. Les deux joueurs form\u00e9s au club, qui avaient d\u00e9but\u00e9 titulaires contre Aubagne, \u00e9taient aux soins et devraient tr\u00e8s probablement manquer la rencontre de vendredi 15\u00a0ao\u00fbt (19\u00a0h\u00a030) en Seine-Maritime.<\/p>\n<p>Vers une charni\u00e8re Traor\u00e9 &#8211; Gomes<\/p>\n<p>Touch\u00e9 \u00e0 l\u2019adducteur sur une passe lors de la premi\u00e8re journ\u00e9e, Leandro Morante \u00e9tait aux c\u00f4t\u00e9s du pr\u00e9parateur physique Romain Faure, comme Samuel Noireau-Dauriat et Belkacem Dali-Amar, en r\u00e9athl\u00e9tisation. Sa pr\u00e9sence ou non dans le groupe sera d\u00e9cid\u00e9e jeudi mais il ne sera probablement pas align\u00e9 d\u2019entr\u00e9e.<\/p>\n<p>Alors que Dieudonn\u00e9 Gaucho sera suspendu apr\u00e8s son carton rouge re\u00e7u lors du retour \u00e0 d\u2019Ornano, vendredi dernier, la question de la composition en d\u00e9fense centrale se pose. Seule bonne nouvelle, Brahim Traor\u00e9 \u00e9tant de retour, il devrait \u00eatre apte \u00e0 d\u00e9buter, aux c\u00f4t\u00e9s de Vinicius Gomes, buteur lors du premier match. Tout comme l\u2019ailier Adama Diakit\u00e9 et le capitaine Yann M\u2019Vila, touch\u00e9 \u00e0 la cheville mardi mais bien pr\u00e9sent le lendemain \u00e0 l\u2019entra\u00eenement.<\/p>\n<p>\u00a0<\/p>\n","protected":false},"excerpt":{"rendered":"C\u2019est l\u2019h\u00e9catombe au SM Caen. Cinq jours apr\u00e8s la premi\u00e8re victoire de la saison face \u00e0 Aubgane (3-0),&hellip;\n","protected":false},"author":2,"featured_media":317422,"comment_status":"","ping_status":"","sticky":false,"template":"","format":"standard","meta":{"footnotes":""},"categories":[9587],"tags":[1111,11,2063,1777,674,1011,27,1922,1393,2487,12,5161,1404,25,2923,6689,9590,4251,853,9693],"class_list":{"0":"post-317421","1":"post","2":"type-post","3":"status-publish","4":"format-standard","5":"has-post-thumbnail","7":"category-rouen","8":"tag-actu","9":"tag-actualites","10":"tag-annonces","11":"tag-eu","12":"tag-europe","13":"tag-fr","14":"tag-france","15":"tag-info","16":"tag-loisirs","17":"tag-meteo","18":"tag-news","19":"tag-normandie","20":"tag-quotidien","21":"tag-republique-francaise","22":"tag-restaurants","23":"tag-roche","24":"tag-rouen","25":"tag-sortir","26":"tag-spectacles","27":"tag-yon"},"share_on_mastodon":{"url":"https:\/\/pubeurope.com\/@fr\/115024220861905702","error":""},"_links":{"self":[{"href":"https:\/\/www.europesays.com\/fr\/wp-json\/wp\/v2\/posts\/317421","targetHints":{"allow":["GET"]}}],"collection":[{"href":"https:\/\/www.europesays.com\/fr\/wp-json\/wp\/v2\/posts"}],"about":[{"href":"https:\/\/www.europesays.com\/fr\/wp-json\/wp\/v2\/types\/post"}],"author":[{"embeddable":true,"href":"https:\/\/www.europesays.com\/fr\/wp-json\/wp\/v2\/users\/2"}],"replies":[{"embeddable":true,"href":"https:\/\/www.europesays.com\/fr\/wp-json\/wp\/v2\/comments?post=317421"}],"version-history":[{"count":0,"href":"https:\/\/www.europesays.com\/fr\/wp-json\/wp\/v2\/posts\/317421\/revisions"}],"wp:featuredmedia":[{"embeddable":true,"href":"https:\/\/www.europesays.com\/fr\/wp-json\/wp\/v2\/media\/317422"}],"wp:attachment":[{"href":"https:\/\/www.europesays.com\/fr\/wp-json\/wp\/v2\/media?parent=317421"}],"wp:term":[{"taxonomy":"category","embeddable":true,"href":"https:\/\/www.europesays.com\/fr\/wp-json\/wp\/v2\/categories?post=317421"},{"taxonomy":"post_tag","embeddable":true,"href":"https:\/\/www.europesays.com\/fr\/wp-json\/wp\/v2\/tags?post=317421"}],"curies":[{"name":"wp","href":"https:\/\/api.w.org\/{rel}","templated":true}]}}