{"id":317423,"date":"2025-08-14T00:12:12","date_gmt":"2025-08-14T00:12:12","guid":{"rendered":"https:\/\/www.europesays.com\/fr\/317423\/"},"modified":"2025-08-14T00:12:12","modified_gmt":"2025-08-14T00:12:12","slug":"le-legendaire-nassim-akrour-prend-sa-retraite-a-51-ans","status":"publish","type":"post","link":"https:\/\/www.europesays.com\/fr\/317423\/","title":{"rendered":"Le l\u00e9gendaire Nassim Akrour prend sa retraite \u00e0 51 ans"},"content":{"rendered":"<p>Fin d\u2019une carri\u00e8re l\u00e9gendaire pour <a href=\"https:\/\/www.footmercato.net\/joueur\/nassim-akrour\/\" rel=\"nofollow noopener\" target=\"_blank\">Nassim Akrour<\/a>. L\u2019attaquant de 51 ans vient de raccrocher les crampons apr\u00e8s avoir affol\u00e9 les compteurs de la <a href=\"https:\/\/www.footmercato.net\/france\/ligue-1\/\" rel=\"nofollow noopener\" target=\"_blank\">Ligue 1<\/a> jusqu\u2019en R\u00e9gional 1 pendant plus de 30 ans. D\u00e9butant sa carri\u00e8re en 1995 avec l\u2019Olympique Noisy-le-Sec, le natif de Courbevoie a ensuite \u00e9volu\u00e9 \u00e0 Sutton United et au Woking FC en Angleterre. Une exp\u00e9rience qui a pr\u00e9c\u00e9d\u00e9 son passage \u00e0 <a href=\"https:\/\/www.footmercato.net\/club\/istres-fc\/\" rel=\"nofollow noopener\" target=\"_blank\">Istres<\/a>, puis <a href=\"https:\/\/www.footmercato.net\/club\/estac\/\" rel=\"nofollow noopener\" target=\"_blank\">Troyes<\/a>, <a href=\"https:\/\/www.footmercato.net\/club\/grenoble-foot-38\/\" rel=\"nofollow noopener\" target=\"_blank\">Grenoble<\/a>, \u00e0 nouveau Istres, \u00e0 nouveau Grenoble, <a href=\"https:\/\/www.footmercato.net\/club\/fc-annecy\/\" rel=\"nofollow noopener\" target=\"_blank\">Annecy<\/a> puis <a href=\"https:\/\/www.footmercato.net\/club\/so-chambery-foot\/\" rel=\"nofollow noopener\" target=\"_blank\">Chamb\u00e9ry<\/a> entre 2020 et 2025.<\/p>\n<p>            La suite apr\u00e8s cette publicit\u00e9<\/p>\n<p>International alg\u00e9rien entre 2001 et 2004, il a connu 18 capes en s\u00e9lection pour 4 buts et a particip\u00e9 aux Coupes d\u2019Afrique des Nations 2002 et 2004. Disputant 780 matches dans sa carri\u00e8re pour 284 buts, il aura pass\u00e9 la majorit\u00e9 de sa carri\u00e8re en <a href=\"https:\/\/www.footmercato.net\/france\/ligue-2\/\" rel=\"nofollow noopener\" target=\"_blank\">Ligue 2<\/a> et National 2. En Ligue 1, il aura disput\u00e9 une saison avec Troyes et deux avec Grenoble. Il est d\u2019ailleurs le meilleur buteur de l\u2019histoire de trois clubs avec Grenoble (110 buts), le FC Istres (73 buts) et le FC Annecy (38 buts).<\/p>\n<p>\n    Pub. le 13\/08\/2025 19:42<br \/>\n            &#8211; MAJ le 14\/08\/2025 01:36\n    <\/p>\n","protected":false},"excerpt":{"rendered":"Fin d\u2019une carri\u00e8re l\u00e9gendaire pour Nassim Akrour. L\u2019attaquant de 51 ans vient de raccrocher les crampons apr\u00e8s avoir&hellip;\n","protected":false},"author":2,"featured_media":317424,"comment_status":"","ping_status":"","sticky":false,"template":"","format":"standard","meta":{"footnotes":""},"categories":[9566],"tags":[1111,11,2430,1777,674,1011,27,2731,12,25],"class_list":{"0":"post-317423","1":"post","2":"type-post","3":"status-publish","4":"format-standard","5":"has-post-thumbnail","7":"category-grenoble","8":"tag-actu","9":"tag-actualites","10":"tag-auvergne-rhone-alpes","11":"tag-eu","12":"tag-europe","13":"tag-fr","14":"tag-france","15":"tag-grenoble","16":"tag-news","17":"tag-republique-francaise"},"share_on_mastodon":{"url":"https:\/\/pubeurope.com\/@fr\/115024228687711411","error":""},"_links":{"self":[{"href":"https:\/\/www.europesays.com\/fr\/wp-json\/wp\/v2\/posts\/317423","targetHints":{"allow":["GET"]}}],"collection":[{"href":"https:\/\/www.europesays.com\/fr\/wp-json\/wp\/v2\/posts"}],"about":[{"href":"https:\/\/www.europesays.com\/fr\/wp-json\/wp\/v2\/types\/post"}],"author":[{"embeddable":true,"href":"https:\/\/www.europesays.com\/fr\/wp-json\/wp\/v2\/users\/2"}],"replies":[{"embeddable":true,"href":"https:\/\/www.europesays.com\/fr\/wp-json\/wp\/v2\/comments?post=317423"}],"version-history":[{"count":0,"href":"https:\/\/www.europesays.com\/fr\/wp-json\/wp\/v2\/posts\/317423\/revisions"}],"wp:featuredmedia":[{"embeddable":true,"href":"https:\/\/www.europesays.com\/fr\/wp-json\/wp\/v2\/media\/317424"}],"wp:attachment":[{"href":"https:\/\/www.europesays.com\/fr\/wp-json\/wp\/v2\/media?parent=317423"}],"wp:term":[{"taxonomy":"category","embeddable":true,"href":"https:\/\/www.europesays.com\/fr\/wp-json\/wp\/v2\/categories?post=317423"},{"taxonomy":"post_tag","embeddable":true,"href":"https:\/\/www.europesays.com\/fr\/wp-json\/wp\/v2\/tags?post=317423"}],"curies":[{"name":"wp","href":"https:\/\/api.w.org\/{rel}","templated":true}]}}