{"id":317425,"date":"2025-08-14T00:14:12","date_gmt":"2025-08-14T00:14:12","guid":{"rendered":"https:\/\/www.europesays.com\/fr\/317425\/"},"modified":"2025-08-14T00:14:12","modified_gmt":"2025-08-14T00:14:12","slug":"football-mahdi-camara-lun-des-chouchous-des-supporters-du-stade-brestois-sengage-avec-rennes","status":"publish","type":"post","link":"https:\/\/www.europesays.com\/fr\/317425\/","title":{"rendered":"Football\u00a0: Mahdi Camara, l&rsquo;un des chouchous des supporters du Stade Brestois, s&rsquo;engage avec Rennes"},"content":{"rendered":"<p>Un an du terme de son contrat, le milieu de terrain brestois Mahdi Camara quitte le Finist\u00e8re. Apr\u00e8s trois ann\u00e9es pass\u00e9es en Bretagne, durant lesquelles il aura brill\u00e9, il s&rsquo;est engag\u00e9 avec le Stade Rennais <\/p>\n<p>C&rsquo;est officiel, le milieu de terrain du Stade Brestois 29, Mahdi Camara, s&rsquo;est engag\u00e9 le 13 ao\u00fbt avec le Stade Rennais. Le club l&rsquo;a annonc\u00e9 sur ses r\u00e9seaux sociaux.<\/p>\n<p>Avec son num\u00e9ro 45 sur le dos, le joueur \u00e2g\u00e9 de 27 ans aura tout connu avec Brest. Arriv\u00e9 de Saint-Etienne \u00e0 la fin de l&rsquo;\u00e9t\u00e9 2022, il rejoint une \u00e9quipe en difficult\u00e9 qui r\u00e9ussit \u00e0 se maintenir en fin de saison apr\u00e8s l&rsquo;arriv\u00e9e d&rsquo;Eric Roy.<\/p>\n<p>L&rsquo;un des artisans des deux derni\u00e8res saisons de r\u00eave<\/p>\n<p>Le nouvel entraineur brestois en fait vite l&rsquo;un de ses cadres, le faisant progresser, capable d&rsquo;harceler en milieu de terrain, de remonter le ballon d&rsquo;un camp \u00e0 l&rsquo;autre, de marquer aussi. Lors de l&rsquo;exercice 2023-2024 il inscrit 7 buts en championnat signant une deuxi\u00e8me saison exceptionnelle. Avec \u00e0 ses c\u00f4t\u00e9s Hugo Magnetti et Pierre Lees-Melou il est l&rsquo;un des artisans de la saison historique du club, qui termine troisi\u00e8me du championnat et se qualifie pour la Ligue des champions.<\/p>\n<p>Un record pour un joueur du Stade Brestois<\/p>\n<p>La saison suivante est \u00e0 l&rsquo;avenant et Mahdi Camara &#8211; jamais bless\u00e9 et souvent d\u00e9cisif &#8211; brille en coupe d&rsquo;Europe s&rsquo;offrant m\u00eame le bonheur d&rsquo;un but contre Salzbourg (victoire brestoise 4-0).\u00a0 Durant cette saison, il aura \u00e9t\u00e9 le joueur\u00a0 de l&rsquo;histoire du club\u00a0 ayant\u00a0<a class=\"IciLink ici-link IciArticleLink g-ici-body-regular-1 underline brand svelte-lu7k6w\" href=\"https:\/\/www.francebleu.fr\/sports\/football\/stade-brestois-un-bilan-presque-exceptionnel-mais-une-defense-trop-permeable-que-faut-il-retenir-de-la-saison-3575891\" rel=\"nofollow noopener\" target=\"_blank\">disput\u00e9 le plus grand nombres de matchs<\/a>\u00a0; participant \u00e0\u00a0 \u00e0 47 des 48 rencontres de la saison (42 titularisations, 5 fois rempla\u00e7ant).<\/p>\n","protected":false},"excerpt":{"rendered":"Un an du terme de son contrat, le milieu de terrain brestois Mahdi Camara quitte le Finist\u00e8re. Apr\u00e8s&hellip;\n","protected":false},"author":2,"featured_media":317426,"comment_status":"","ping_status":"","sticky":false,"template":"","format":"standard","meta":{"footnotes":""},"categories":[2821],"tags":[1111,11,829,1777,674,1011,27,12,584,25],"class_list":{"0":"post-317425","1":"post","2":"type-post","3":"status-publish","4":"format-standard","5":"has-post-thumbnail","7":"category-rennes","8":"tag-actu","9":"tag-actualites","10":"tag-bretagne","11":"tag-eu","12":"tag-europe","13":"tag-fr","14":"tag-france","15":"tag-news","16":"tag-rennes","17":"tag-republique-francaise"},"share_on_mastodon":{"url":"https:\/\/pubeurope.com\/@fr\/115024236626056563","error":""},"_links":{"self":[{"href":"https:\/\/www.europesays.com\/fr\/wp-json\/wp\/v2\/posts\/317425","targetHints":{"allow":["GET"]}}],"collection":[{"href":"https:\/\/www.europesays.com\/fr\/wp-json\/wp\/v2\/posts"}],"about":[{"href":"https:\/\/www.europesays.com\/fr\/wp-json\/wp\/v2\/types\/post"}],"author":[{"embeddable":true,"href":"https:\/\/www.europesays.com\/fr\/wp-json\/wp\/v2\/users\/2"}],"replies":[{"embeddable":true,"href":"https:\/\/www.europesays.com\/fr\/wp-json\/wp\/v2\/comments?post=317425"}],"version-history":[{"count":0,"href":"https:\/\/www.europesays.com\/fr\/wp-json\/wp\/v2\/posts\/317425\/revisions"}],"wp:featuredmedia":[{"embeddable":true,"href":"https:\/\/www.europesays.com\/fr\/wp-json\/wp\/v2\/media\/317426"}],"wp:attachment":[{"href":"https:\/\/www.europesays.com\/fr\/wp-json\/wp\/v2\/media?parent=317425"}],"wp:term":[{"taxonomy":"category","embeddable":true,"href":"https:\/\/www.europesays.com\/fr\/wp-json\/wp\/v2\/categories?post=317425"},{"taxonomy":"post_tag","embeddable":true,"href":"https:\/\/www.europesays.com\/fr\/wp-json\/wp\/v2\/tags?post=317425"}],"curies":[{"name":"wp","href":"https:\/\/api.w.org\/{rel}","templated":true}]}}