{"id":317427,"date":"2025-08-14T00:15:11","date_gmt":"2025-08-14T00:15:11","guid":{"rendered":"https:\/\/www.europesays.com\/fr\/317427\/"},"modified":"2025-08-14T00:15:11","modified_gmt":"2025-08-14T00:15:11","slug":"previsions-du-jeudi-14-aout-2025","status":"publish","type":"post","link":"https:\/\/www.europesays.com\/fr\/317427\/","title":{"rendered":"pr\u00e9visions du jeudi 14 ao\u00fbt 2025"},"content":{"rendered":"<p>Strasbourg va vivre une magnifique journ\u00e9e tr\u00e8s ensoleill\u00e9e. Les valeurs seront comprises entre 19\u00b0C et 35\u00b0C. Le matin, de tr\u00e8s importantes chaleurs (entre 21\u00b0C et 32\u00b0C) sont pr\u00e9vues. Une brise de sud-ouest soufflera l\u00e9g\u00e8rement. La m\u00e9t\u00e9o va se r\u00e9chauffer l&rsquo;apr\u00e8s-midi avec une augmentation de plusieurs degr\u00e9s. Les temp\u00e9ratures maximums attendues sont \u00e9lev\u00e9es, avec 35\u00b0C. L&rsquo;\u00e9pisode de fortes chaleurs est bien l\u00e0, avec des valeurs qui pourront monter \u00e0 30\u00b0C le soir. Le thermom\u00e8tre affichera 28\u00b0C en moyenne. Le passage de jeudi \u00e0 vendredi se fera sous un ciel limpide.<\/p>\n<p>Un beau soleil est pr\u00e9vu demain \u00e0 Strasbourg. Une m\u00e9t\u00e9o plus chaude est \u00e0 pr\u00e9voir \u00e9tant donn\u00e9 que les temp\u00e9ratures vont enregistrer une hausse. Attention \u00e0 la vague de chaleur. Des temp\u00e9ratures de 21 \u00e0 36\u00b0C sont annonc\u00e9es. Les valeurs s&rsquo;\u00e9chelonneront entre 21 et 36\u00b0C. La ville va subir, le matin, une vague de grosses chaleurs avec des temp\u00e9ratures qui atteindront parfois les 34\u00b0C. Un vent de sud-ouest rafra\u00eechira un peu l&rsquo;atmosph\u00e8re. Les temp\u00e9ratures vont conna\u00eetre une augmentation de plusieurs degr\u00e9s pendant l&rsquo;apr\u00e8s-midi. Les valeurs \u00e9volueront entre 32 et 36\u2009\u00b0C. La ville aura quelques \u00e9claircies demain soir. Un l\u00e9ger vent de sud-est sera ressenti par les habitants.<\/p>\n<p>Les jours se suivent et ne changent pas. Le temps sera ensoleill\u00e9 avec des temp\u00e9ratures d&rsquo;environ 31\u00b0C.<\/p>\n<p>Demain, c&rsquo;est l&rsquo;Assomption ! Profitez de ce jour f\u00e9ri\u00e9 et prenez un peu de repos.<\/p>\n","protected":false},"excerpt":{"rendered":"Strasbourg va vivre une magnifique journ\u00e9e tr\u00e8s ensoleill\u00e9e. Les valeurs seront comprises entre 19\u00b0C et 35\u00b0C. Le matin,&hellip;\n","protected":false},"author":2,"featured_media":317428,"comment_status":"","ping_status":"","sticky":false,"template":"","format":"standard","meta":{"footnotes":""},"categories":[2820],"tags":[1111,11,2389,2649,1777,674,1011,27,775,12,2119,25,640],"class_list":{"0":"post-317427","1":"post","2":"type-post","3":"status-publish","4":"format-standard","5":"has-post-thumbnail","7":"category-strasbourg","8":"tag-actu","9":"tag-actualites","10":"tag-alsace","11":"tag-bas-rhin","12":"tag-eu","13":"tag-europe","14":"tag-fr","15":"tag-france","16":"tag-grand-est","17":"tag-news","18":"tag-previsions-meteo","19":"tag-republique-francaise","20":"tag-strasbourg"},"share_on_mastodon":{"url":"https:\/\/pubeurope.com\/@fr\/115024240560382251","error":""},"_links":{"self":[{"href":"https:\/\/www.europesays.com\/fr\/wp-json\/wp\/v2\/posts\/317427","targetHints":{"allow":["GET"]}}],"collection":[{"href":"https:\/\/www.europesays.com\/fr\/wp-json\/wp\/v2\/posts"}],"about":[{"href":"https:\/\/www.europesays.com\/fr\/wp-json\/wp\/v2\/types\/post"}],"author":[{"embeddable":true,"href":"https:\/\/www.europesays.com\/fr\/wp-json\/wp\/v2\/users\/2"}],"replies":[{"embeddable":true,"href":"https:\/\/www.europesays.com\/fr\/wp-json\/wp\/v2\/comments?post=317427"}],"version-history":[{"count":0,"href":"https:\/\/www.europesays.com\/fr\/wp-json\/wp\/v2\/posts\/317427\/revisions"}],"wp:featuredmedia":[{"embeddable":true,"href":"https:\/\/www.europesays.com\/fr\/wp-json\/wp\/v2\/media\/317428"}],"wp:attachment":[{"href":"https:\/\/www.europesays.com\/fr\/wp-json\/wp\/v2\/media?parent=317427"}],"wp:term":[{"taxonomy":"category","embeddable":true,"href":"https:\/\/www.europesays.com\/fr\/wp-json\/wp\/v2\/categories?post=317427"},{"taxonomy":"post_tag","embeddable":true,"href":"https:\/\/www.europesays.com\/fr\/wp-json\/wp\/v2\/tags?post=317427"}],"curies":[{"name":"wp","href":"https:\/\/api.w.org\/{rel}","templated":true}]}}