{"id":317429,"date":"2025-08-14T00:16:43","date_gmt":"2025-08-14T00:16:43","guid":{"rendered":"https:\/\/www.europesays.com\/fr\/317429\/"},"modified":"2025-08-14T00:16:43","modified_gmt":"2025-08-14T00:16:43","slug":"gabe-brown-est-strasbourgeois","status":"publish","type":"post","link":"https:\/\/www.europesays.com\/fr\/317429\/","title":{"rendered":"Gabe Brown est strasbourgeois !"},"content":{"rendered":"<p class=\"text-align-justify chapo\"><strong>La SIG Strasbourg est heureuse d\u2019annoncer la signature de l\u2019ailier am\u00e9ricain<\/strong>\u00a0<strong>Gabriel Thomas Brown, surnomm\u00e9 \u00ab\u00a0Gabe Brown\u00a0\u00bb<\/strong>\u00a0<strong>(25 ans \u2013 2m01). En provenance d\u2019Italie o\u00f9 il \u00e9voluait la saison derni\u00e8re, ce jeune joueur, \u00e0 la fois athl\u00e9tique et adroit \u00e0 longue distance, vient compl\u00e9ter l\u2019effectif pour la saison 2025-2026.<\/strong><\/p>\n<p>Originaire d\u2019Ypsilanti (Michigan), Gabe Brown a effectu\u00e9 l\u2019int\u00e9gralit\u00e9 de son cursus universitaire \u00e0\u00a0<strong>Michigan State<\/strong>, l\u2019un des programmes NCAA les plus r\u00e9put\u00e9s aux \u00c9tats-Unis. Durant ses ann\u00e9es universitaires (de 2018 \u00e0 2022), il s\u2019est forg\u00e9 un solide bagage technique, tout en d\u00e9veloppant une r\u00e9putation de shooter fiable et de comp\u00e9titeur acharn\u00e9.<br \/>\n\u00c0 l\u2019issue de sa carri\u00e8re universitaire (11,3pts \u00e0 38% \u00e0 3pts et 3,8rbs en derni\u00e8re ann\u00e9e), il a d\u00e9but\u00e9 chez les\u00a0<strong>Raptors 905<\/strong>\u00a0en\u00a0<strong>G-League<\/strong>, l\u2019\u00e9quipe affili\u00e9e aux Toronto Raptors, o\u00f9 il a disput\u00e9 46 matchs en compilant\u00a0<strong>12,7 points (38% \u00e0 3pts), 4 rebonds et 1,2 passe d\u00e9cisive<\/strong>\u00a0pour\u00a0<strong>12,3 d\u2019\u00e9valuation<\/strong>. Cette premi\u00e8re exp\u00e9rience professionnelle a confirm\u00e9 son potentiel et sa capacit\u00e9 \u00e0 performer au sein d\u2019un environnement comp\u00e9titif.<br \/>\nEn 2023, il a travers\u00e9 l\u2019Atlantique pour rejoindre l\u2019<strong>Openjobmetis Varese<\/strong>\u00a0en premi\u00e8re division italienne. D\u00e8s sa premi\u00e8re saison en Europe, il a su s\u2019imposer avec\u00a0<strong>11,8 points (42% \u00e0 3pts) et 5,4 rebonds de moyenne<\/strong>\u00a0en 30 rencontres (12,5 d\u2019\u00e9valuation), d\u00e9montrant son adresse ext\u00e9rieure et son impact physique. Au cours de cette m\u00eame saison, il a particip\u00e9 aux phases qualificatives de la Basketball Champions League puis a disput\u00e9 la Fiba Europe Cup, o\u00f9 il a enregistr\u00e9 <strong>14,3 points (45% \u00e0 3pts)<\/strong>, <strong>5,3 rebonds<\/strong> et <strong>16,2 d\u2019\u00e9valuation<\/strong> sur 16 rencontres. La saison suivante, il l\u2019a d\u00e9marr\u00e9 de nouveau \u00e0 Varese o\u00f9 il a disput\u00e9 6 matchs (<strong>11,3pts<\/strong>, <strong>2,3rbs<\/strong> et <strong>9,7 d\u2019\u00e9valuation)<\/strong> avant de rejoindre les\u00a0<strong>Trapani Sharks<\/strong>, avec lesquels il dispute 16 rencontres et contribue activement \u00e0 la fin de saison et \u00e0 la tr\u00e8s belle 4\u00e8me place du club pour sa premi\u00e8re saison en S\u00e9rie A.<br \/>\nAilier complet, capable de scorer en sortie d\u2019\u00e9cran, de punir \u00e0 longue distance, d\u2019apporter de l\u2019\u00e9nergie et capable de d\u00e9fendre indiff\u00e9remment sur les postes 1, 2, 3 et 4, Gabe Brown incarne parfaitement le profil que recherchait la SIG Strasbourg. Un joueur combatif, scoreur, en pleine ascension et au potentiel affirm\u00e9.<br \/>\nLes mots de notre directeur sportif, <strong>Nicola Alberani<\/strong>\u00a0: \u00ab\u00a0Nous sommes tr\u00e8s heureux de poursuivre notre recrutement avec la venue de Gabe Brown. C\u2019est un profil en parfaite coh\u00e9rence avec notre projet\u00a0: shooteur, athl\u00e9tique et tr\u00e8s motive, il est jeune, mais a d\u00e9j\u00e0 3 saisons pros \u00e0 son actif. Son arriv\u00e9e correspond exactement \u00e0 ce que nous avions imagin\u00e9 avec le staff. Notre patience pour le signer a port\u00e9 ses fruits\u00a0\u00bb.<br \/>\nCoach <strong>J\u0101nis Gail\u012btis<\/strong>\u00a0:\u00a0\u00ab\u00a0Nous sommes tr\u00e8s heureux que Gabe nous rejoigne. Nous comptons sur lui pour jouer un r\u00f4le majeur au sein de l\u2019\u00e9quipe, gr\u00e2ce \u00e0 son impact d\u00e9fensif et \u00e0 sa polyvalence offensive, qui permettra notamment de lib\u00e9rer des opportunit\u00e9s pour ses co\u00e9quipiers. Nous pensons \u00e9galement que c\u2019est une \u00e9tape cl\u00e9 pour lui au sein de notre \u00e9quipe, car le r\u00f4le et les attentes que nous avons envers lui exigent qu\u2019il franchisse un cap et nous savons qu\u2019il en est pleinement capable. Nous l\u2019attendons donc avec impatience \u00e0 Strasbourg.\u00a0\u00bb<\/p>\n<p class=\"text-align-justify\">\u00a0<\/p>\n<p class=\"text-align-justify\">\u00a0<\/p>\n","protected":false},"excerpt":{"rendered":"La SIG Strasbourg est heureuse d\u2019annoncer la signature de l\u2019ailier am\u00e9ricain\u00a0Gabriel Thomas Brown, surnomm\u00e9 \u00ab\u00a0Gabe Brown\u00a0\u00bb\u00a0(25 ans \u2013&hellip;\n","protected":false},"author":2,"featured_media":317430,"comment_status":"","ping_status":"","sticky":false,"template":"","format":"standard","meta":{"footnotes":""},"categories":[2820],"tags":[1111,11,3146,1777,674,1011,27,775,3145,12,25,3144,640],"class_list":{"0":"post-317429","1":"post","2":"type-post","3":"status-publish","4":"format-standard","5":"has-post-thumbnail","7":"category-strasbourg","8":"tag-actu","9":"tag-actualites","10":"tag-betclic-elite","11":"tag-eu","12":"tag-europe","13":"tag-fr","14":"tag-france","15":"tag-grand-est","16":"tag-lnb","17":"tag-news","18":"tag-republique-francaise","19":"tag-sig","20":"tag-strasbourg"},"share_on_mastodon":{"url":"https:\/\/pubeurope.com\/@fr\/115024244525247510","error":""},"_links":{"self":[{"href":"https:\/\/www.europesays.com\/fr\/wp-json\/wp\/v2\/posts\/317429","targetHints":{"allow":["GET"]}}],"collection":[{"href":"https:\/\/www.europesays.com\/fr\/wp-json\/wp\/v2\/posts"}],"about":[{"href":"https:\/\/www.europesays.com\/fr\/wp-json\/wp\/v2\/types\/post"}],"author":[{"embeddable":true,"href":"https:\/\/www.europesays.com\/fr\/wp-json\/wp\/v2\/users\/2"}],"replies":[{"embeddable":true,"href":"https:\/\/www.europesays.com\/fr\/wp-json\/wp\/v2\/comments?post=317429"}],"version-history":[{"count":0,"href":"https:\/\/www.europesays.com\/fr\/wp-json\/wp\/v2\/posts\/317429\/revisions"}],"wp:featuredmedia":[{"embeddable":true,"href":"https:\/\/www.europesays.com\/fr\/wp-json\/wp\/v2\/media\/317430"}],"wp:attachment":[{"href":"https:\/\/www.europesays.com\/fr\/wp-json\/wp\/v2\/media?parent=317429"}],"wp:term":[{"taxonomy":"category","embeddable":true,"href":"https:\/\/www.europesays.com\/fr\/wp-json\/wp\/v2\/categories?post=317429"},{"taxonomy":"post_tag","embeddable":true,"href":"https:\/\/www.europesays.com\/fr\/wp-json\/wp\/v2\/tags?post=317429"}],"curies":[{"name":"wp","href":"https:\/\/api.w.org\/{rel}","templated":true}]}}