{"id":317433,"date":"2025-08-14T00:18:16","date_gmt":"2025-08-14T00:18:16","guid":{"rendered":"https:\/\/www.europesays.com\/fr\/317433\/"},"modified":"2025-08-14T00:18:16","modified_gmt":"2025-08-14T00:18:16","slug":"ogc-nice-ineos-critique-pour-son-manque-dimplication-dans-le-club","status":"publish","type":"post","link":"https:\/\/www.europesays.com\/fr\/317433\/","title":{"rendered":"OGC Nice: Ineos critiqu\u00e9 pour son manque d\u2019implication dans le club"},"content":{"rendered":"<p>Focus sur Manchester United \u2013 <\/p>\n<p>Manque d\u2019investissement et d\u2019implication: Ineos est critiqu\u00e9 \u00e0 Nice<\/p>\n<p class=\"ContentHead_lead____SsS link_regular__O0hk0 link_externalicon-big__ZdPgo link_externalicon__qcwXs\">Malgr\u00e9 les rumeurs, les dirigeants ni\u00e7ois confirment l\u2019engagement d\u2019Ineos au sein de l\u2019Olympique Gymnaste Club Nice.<\/p>\n<p>Publi\u00e9: 13.08.2025, 20h31<img decoding=\"async\" loading=\"eager\" fetchpriority=\"high\" src=\"https:\/\/www.europesays.com\/fr\/wp-content\/uploads\/2025\/08\/7wuM0uObK43Az5JW0aGvzF.jpg\" alt=\"Sir Jim Ratcliffe regarde la c\u00e9r\u00e9monie de remise des prix apr\u00e8s le match final de la Ligue Europa entre Tottenham Hotspur et Manchester United.\" title=\"Sir Jim Ratcliffe regarde la c\u00e9r\u00e9monie de remise des prix apr\u00e8s le match final de la Ligue Europa entre Tottenham Hotspur et Manchester United.\" class=\"ResponsiveImage_root__ZDz10 responsive-image\" style=\"background-color:#866C5E\"\/><\/p>\n<p>Jim Ratcliffe est \u00e9galement le propri\u00e9taire du Lausanne-Sport et de Manchester United.<\/p>\n<p>IMAGO\/Nicolo Campo<\/p>\n<p>Abonnez-vous d\u00e8s maintenant et profitez de la fonction de lecture audio.<a href=\"https:\/\/bottalk.io\/\" class=\"BottalkPaywall_bottalklink__KDtuf\" target=\"_blank\" rel=\"noreferrer nofollow noopener\">BotTalk<\/a><\/p>\n<p class=\"ArticleParagraph_root__lhFZo ArticleContainer_content-width__FRl7F link_focus__0ZMwx link_externalicon-big__ZdPgo link_externalicon__qcwXs ArticleElement_article-element__q93eL\">Depuis de nombreuses semaines, les supporters ni\u00e7ois critiquent un pr\u00e9sum\u00e9 d\u00e9sengagement d\u2019Ineos vis-\u00e0-vis de l\u2019OGC Nice. L\u2019\u00e9limination des Aiglons par Benfica mardi soir en qualifications pour la Ligue des champions a fait remonter des griefs \u00e0 l\u2019\u00e9gard du groupe, \u00e9galement propri\u00e9taire du Lausanne-Sport.<\/p>\n<p class=\"ArticleParagraph_root__lhFZo ArticleContainer_content-width__FRl7F link_focus__0ZMwx link_externalicon-big__ZdPgo link_externalicon__qcwXs ArticleElement_article-element__q93eL\">Les joueurs Evann Guessand et Marcin Bulka s\u2019en sont all\u00e9s, tout comme leur co\u00e9quipier Ga\u00ebtan Laborde. Le milieu Pablo Rosario devrait suivre. Sans compter les 40\u00a0millions du d\u00e9part de Jean-Clair Todibo (pr\u00eat\u00e9 \u00e0 West Ham l\u2019an dernier, l\u2019obligation d\u2019achat a \u00e9t\u00e9 lev\u00e9e), l\u2019OGC Nice a fait entrer 54\u00a0millions dans ses caisses cet \u00e9t\u00e9, selon les chiffres de \u00ab<a href=\"https:\/\/www.lequipe.fr\/Football\/Article\/Peu-enclin-a-investir-pour-le-mercato-nicois-a-quoi-joue-ineos-proprietaire-du-club\/1584585\" class=\"HtmlText_root__A1OSq\" target=\"_blank\" rel=\"noopener noreferrer nofollow\">L\u2019\u00c9quipe<\/a>\u00bb.<\/p>\n<p>Manque d\u2019investissement sur le mercato<\/p>\n<p class=\"ArticleParagraph_root__lhFZo ArticleContainer_content-width__FRl7F link_focus__0ZMwx link_externalicon-big__ZdPgo link_externalicon__qcwXs ArticleElement_article-element__q93eL\">Au contraire, le Gym n\u2019a recrut\u00e9 que trois joueurs, pour une somme totale de 19\u00a0millions. Lors du match de mardi contre Benfica, le manque de profondeur et de qualit\u00e9 du groupe ni\u00e7ois \u00e9tait criant. \u00abFin ao\u00fbt, la balance des transferts devrait donc \u00eatre positive de 29\u00a0millions d\u2019euros, mais il n\u2019est pas certain que l\u2019effectif y gagne au change\u00bb, \u00e9crit le quotidien fran\u00e7ais ce mercredi.<\/p>\n<p class=\"ArticleParagraph_root__lhFZo ArticleContainer_content-width__FRl7F link_focus__0ZMwx link_externalicon-big__ZdPgo link_externalicon__qcwXs ArticleElement_article-element__q93eL\">D\u2019autant plus que, du c\u00f4t\u00e9 de Manchester United, autre club propri\u00e9t\u00e9 du g\u00e9ant de la p\u00e9trochimie, Ineos semble d\u00e9penser sans compter. Bryan Mbeumo, Matheus Cunha, Benjamin Sesko, entre autres, ont \u00e9t\u00e9 recrut\u00e9s pour pr\u00e8s de 230\u00a0millions d\u2019euros cet \u00e9t\u00e9. Un autre monde.<\/p>\n<p class=\"ArticleParagraph_root__lhFZo ArticleContainer_content-width__FRl7F link_focus__0ZMwx link_externalicon-big__ZdPgo link_externalicon__qcwXs ArticleElement_article-element__q93eL\">Interrog\u00e9 par \u00abL\u2019\u00c9quipe\u00bb, le futur nouveau pr\u00e9sident de l\u2019OGC Nice Fabrice Bocquet d\u00e9fendait l\u2019engagement du g\u00e9ant britannique: \u00abLe soutien d\u2019Ineos est pr\u00e9cieux et indispensable\u00bb, surtout pour couvrir les trous dans les comptes. La v\u00e9rit\u00e9, c\u2019est que Jim Radcliffe, patron du groupe et propri\u00e9taire du Gym, semble se d\u00e9sint\u00e9resser de son adresse sur la C\u00f4te d\u2019Azur. En mars dernier, il avouait qu\u2019il n\u2019aimait \u00abpas particuli\u00e8rement aller voir jouer Nice, car le niveau n\u2019est pas assez \u00e9lev\u00e9\u00bb.<\/p>\n<p>Recapitaliser pour mieux vendre<\/p>\n<p class=\"ArticleParagraph_root__lhFZo ArticleContainer_content-width__FRl7F link_focus__0ZMwx link_externalicon-big__ZdPgo link_externalicon__qcwXs ArticleElement_article-element__q93eL\">Actionnaire majoritaire de Nice depuis 2019, Ineos a aussi proc\u00e9d\u00e9 \u00e0 une recapitalisation du club \u00e0 hauteur de 60\u00a0millions d\u2019euros, explique le m\u00e9dia fran\u00e7ais. Ce geste a \u00e9t\u00e9 interpr\u00e9t\u00e9 par certain comme une volont\u00e9 de valoriser le club, dans l\u2019optique de le vendre.<\/p>\n<p class=\"ArticleParagraph_root__lhFZo ArticleContainer_content-width__FRl7F link_focus__0ZMwx link_externalicon-big__ZdPgo link_externalicon__qcwXs ArticleElement_article-element__q93eL\">Mais selon les informations de \u00abL\u2019\u00c9quipe\u00bb, Jean-Claud Blanc, CEO de la fili\u00e8re sportive d\u2019Ineos, a rassur\u00e9 et assur\u00e9 aux d\u00e9cideurs du club ni\u00e7ois qu\u2019une vente n\u2019\u00e9tait pas \u00e0 l\u2019ordre du jour. La revalorisation aurait en r\u00e9alit\u00e9 servi \u00e0 se conformer aux exigences de la Direction nationale du contr\u00f4le de gestion (DNCG) et de l\u2019UEFA.<\/p>\n<p class=\"DynamicTeaser_boxtitle__B6piN\">LIRE AUSSI SUR INEOS<\/p>\n<p class=\"Feedback_root__fr_Mi ArticleContainer_content-width__FRl7F\">Vous avez trouv\u00e9 une erreur?<a href=\"mailto:tes_correction@tamedia.ch?subject=Avis%20d'erreur%20%7C%20T%C3%A9o%20Nania%20%7C%20Manque%20d%E2%80%99investissement%20et%20d%E2%80%99implication%3A%20Ineos%20est%20critiqu%C3%A9%20%C3%A0%20Nice&amp;body=J'ai%20trouv%C3%A9%20une%20erreur%20dans%20cet%20article%3A%20https%3A%2F%2Fwww.24heures.ch%2Fogc-nice-ineos-critique-pour-son-manque-dimplication-dans-le-club-762285799776\" class=\"Feedback_feedbacklink__VyDCi link_underlinelink__K5Zr0\">Merci de nous la signaler.<\/a><\/p>\n<p>0 commentaires<\/p>\n","protected":false},"excerpt":{"rendered":"Focus sur Manchester United \u2013 Manque d\u2019investissement et d\u2019implication: Ineos est critiqu\u00e9 \u00e0 Nice Malgr\u00e9 les rumeurs, les&hellip;\n","protected":false},"author":2,"featured_media":317434,"comment_status":"","ping_status":"","sticky":false,"template":"","format":"standard","meta":{"footnotes":""},"categories":[2819],"tags":[1111,11,1777,674,1011,27,12,2401,882,25,2300],"class_list":{"0":"post-317433","1":"post","2":"type-post","3":"status-publish","4":"format-standard","5":"has-post-thumbnail","7":"category-nice","8":"tag-actu","9":"tag-actualites","10":"tag-eu","11":"tag-europe","12":"tag-fr","13":"tag-france","14":"tag-news","15":"tag-nice","16":"tag-provence-alpes-cote-dazur","17":"tag-republique-francaise","18":"tag-stats-seo"},"share_on_mastodon":{"url":"https:\/\/pubeurope.com\/@fr\/115024252300597807","error":""},"_links":{"self":[{"href":"https:\/\/www.europesays.com\/fr\/wp-json\/wp\/v2\/posts\/317433","targetHints":{"allow":["GET"]}}],"collection":[{"href":"https:\/\/www.europesays.com\/fr\/wp-json\/wp\/v2\/posts"}],"about":[{"href":"https:\/\/www.europesays.com\/fr\/wp-json\/wp\/v2\/types\/post"}],"author":[{"embeddable":true,"href":"https:\/\/www.europesays.com\/fr\/wp-json\/wp\/v2\/users\/2"}],"replies":[{"embeddable":true,"href":"https:\/\/www.europesays.com\/fr\/wp-json\/wp\/v2\/comments?post=317433"}],"version-history":[{"count":0,"href":"https:\/\/www.europesays.com\/fr\/wp-json\/wp\/v2\/posts\/317433\/revisions"}],"wp:featuredmedia":[{"embeddable":true,"href":"https:\/\/www.europesays.com\/fr\/wp-json\/wp\/v2\/media\/317434"}],"wp:attachment":[{"href":"https:\/\/www.europesays.com\/fr\/wp-json\/wp\/v2\/media?parent=317433"}],"wp:term":[{"taxonomy":"category","embeddable":true,"href":"https:\/\/www.europesays.com\/fr\/wp-json\/wp\/v2\/categories?post=317433"},{"taxonomy":"post_tag","embeddable":true,"href":"https:\/\/www.europesays.com\/fr\/wp-json\/wp\/v2\/tags?post=317433"}],"curies":[{"name":"wp","href":"https:\/\/api.w.org\/{rel}","templated":true}]}}