{"id":317435,"date":"2025-08-14T00:20:41","date_gmt":"2025-08-14T00:20:41","guid":{"rendered":"https:\/\/www.europesays.com\/fr\/317435\/"},"modified":"2025-08-14T00:20:41","modified_gmt":"2025-08-14T00:20:41","slug":"pourquoi-nantes-psg-sera-diffuse-gratuitement-dimanche","status":"publish","type":"post","link":"https:\/\/www.europesays.com\/fr\/317435\/","title":{"rendered":"pourquoi Nantes-PSG sera diffus\u00e9 gratuitement dimanche"},"content":{"rendered":"<p class=\"mb-4 text-lg md:leading-8 break-words\">C&rsquo;est une nouvelle qui va ravir les fans fran\u00e7ais. La premi\u00e8re affiche de Ligue 1 du dimanche soir de la saison 2025-2026, <a href=\"https:\/\/fr.news.yahoo.com\/sport\/ligue-1-conna%C3%AEt-enfin-programmation-152750767.html\" data-ylk=\"slk:Nantes-Paris Saint-Germain;elm:context_link;itc:0;sec:content-canvas;outcm:mb_qualified_link;_E:mb_qualified_link;ct:story;\" class=\"link  yahoo-link\" target=\"_blank\" rel=\"noopener\">Nantes-Paris Saint-Germain<\/a>, sera disponible gratuitement. Quatre jours apr\u00e8s leur participation \u00e0 la <a href=\"https:\/\/fr.news.yahoo.com\/sport\/psg-tottenham-joli-pactole-va-104516824.html\" data-ylk=\"slk:Supercoupe d&#039;Europe;elm:context_link;itc:0;sec:content-canvas;outcm:mb_qualified_link;_E:mb_qualified_link;ct:story;\" class=\"link  yahoo-link\" target=\"_blank\" rel=\"noopener\">Supercoupe d&rsquo;Europe<\/a>, les Parisiens d\u00e9sormais treize fois champions de France lancent leur saison en championnat dimanche 17 ao\u00fbt \u00e0 la Beaujoire (20h45).<\/p>\n<p class=\"mb-4 text-lg md:leading-8 break-words\">La rencontre sera \u00e0 suivre sur la plateforme Ligue 1+, diffuseur principal du championnat. Plusieurs offres existent pour s&rsquo;abonner, dont celle propos\u00e9e par <a href=\"https:\/\/fr.news.yahoo.com\/sport\/ligue-1-nouvelle-cha%C3%AEne-ligue-120045271.html\" data-ylk=\"slk:RMC Sport.;elm:context_link;itc:0;sec:content-canvas;outcm:mb_qualified_link;_E:mb_qualified_link;ct:story;\" class=\"link  yahoo-link\" target=\"_blank\" rel=\"noopener\">RMC Sport.<\/a> Histoire de marquer le coup et de s\u00e9duire le public, la LFP a annonc\u00e9, le 10 juillet lors de la pr\u00e9sentation de la plateforme et de la cha\u00eene Ligue 1+, que ce choc entre les Canaris et le champion de France en titre <a href=\"https:\/\/fr.news.yahoo.com\/sport\/ligue-1-match-nantes-psg-121105774.html\" data-ylk=\"slk:sera accessible gratuitement.;elm:context_link;itc:0;sec:content-canvas;outcm:mb_qualified_link;_E:mb_qualified_link;ct:story;\" class=\"link  yahoo-link\" target=\"_blank\" rel=\"noopener\">sera accessible gratuitement.<\/a><\/p>\n<p>Le PSG avait demand\u00e9 le report du match<\/p>\n<p class=\"mb-4 text-lg md:leading-8 break-words\">Malgr\u00e9 <a href=\"https:\/\/fr.news.yahoo.com\/sport\/ligue-1-match-premi%C3%A8re-journ%C3%A9e-152413099.html\" data-ylk=\"slk:la demande du PSG;elm:context_link;itc:0;sec:content-canvas;outcm:mb_qualified_link;_E:mb_qualified_link;ct:story;\" class=\"link  yahoo-link\" target=\"_blank\" rel=\"noopener\">la demande du PSG<\/a> de reporter le match, en raison de sa fin de saison \u00e0 rallonge, la LFP a choisi de maintenir la rencontre ce week-end, le calendrier \u00e9tant d\u00e9j\u00e0 tr\u00e8s charg\u00e9. Les Parisiens ont connu une pr\u00e9paration raccourcie et n&rsquo;ont repris l&rsquo;entra\u00eenement que le 6 ao\u00fbt, un peu plus de trois semaines apr\u00e8s <a href=\"https:\/\/rmcsport.bfmtv.com\/replay-emissions\/after-foot\/video-psg-0-3-chelsea-la-defaite-du-psg-un-mal-pour-un-bien-estime-florent-gautreau_VN-202507160589.html\" rel=\"nofollow noopener\" target=\"_blank\" data-ylk=\"slk:leur d\u00e9faite;elm:context_link;itc:0;sec:content-canvas\" class=\"link \">leur d\u00e9faite<\/a> en finale de la Coupe du monde des clubs contre Chelsea (0-3). L&rsquo;intersaison a notamment \u00e9t\u00e9 marqu\u00e9e par le recrutement de <a href=\"https:\/\/fr.news.yahoo.com\/sport\/mercato-apr%C3%A8s-larriv%C3%A9e-chevalier-avenir-183955456.html\" data-ylk=\"slk:Lucas Chevalier;elm:context_link;itc:0;sec:content-canvas;outcm:mb_qualified_link;_E:mb_qualified_link;ct:story;\" class=\"link  yahoo-link\" target=\"_blank\" rel=\"noopener\">Lucas Chevalier<\/a>, d\u00e9sormais gardien num\u00e9ro un aux d\u00e9pends de Gianluigi Donnarumma, qui a fait <a href=\"https:\/\/fr.news.yahoo.com\/sport\/psg-d%C3%A9%C3%A7u-attrist%C3%A9-donnarumma-r%C3%A8gle-193317433.html\" data-ylk=\"slk:ses adieux;elm:context_link;itc:0;sec:content-canvas;outcm:mb_qualified_link;_E:mb_qualified_link;ct:story;\" class=\"link  yahoo-link\" target=\"_blank\" rel=\"noopener\">ses adieux<\/a> aux fans du club de la capitale.<\/p>\n<p class=\"mb-4 text-lg md:leading-8 break-words\">Les Nantais sont, eux, entr\u00e9s dans une nouvelle \u00e8re avec l&rsquo;arriv\u00e9e de <a href=\"https:\/\/fr.news.yahoo.com\/sport\/mercato-nantes-officialise-nouvelle-%C3%A8re-165515901.html\" data-ylk=\"slk:Luis Castro;elm:context_link;itc:0;sec:content-canvas;outcm:mb_qualified_link;_E:mb_qualified_link;ct:story;\" class=\"link  yahoo-link\" target=\"_blank\" rel=\"noopener\">Luis Castro<\/a> sur le banc apr\u00e8s l&rsquo;\u00e9viction d&rsquo;<a href=\"https:\/\/fr.news.yahoo.com\/sport\/ligue-1-antoine-kombouar%C3%A9-nantes-073139564.html\" data-ylk=\"slk:Antoine Kombouar\u00e9.;elm:context_link;itc:0;sec:content-canvas;outcm:mb_qualified_link;_E:mb_qualified_link;ct:story;\" class=\"link  yahoo-link\" target=\"_blank\" rel=\"noopener\">Antoine Kombouar\u00e9.<\/a> Quatorzi\u00e8mes du championnat la saison pass\u00e9e, les Canaris ont connu une pr\u00e9paration tr\u00e8s mitig\u00e9e avec seulement une victoire, pour quatre d\u00e9faites, en matchs amicaux estivaux.<\/p>\n<p class=\"mb-4 text-lg md:leading-8 break-words\"><a href=\"https:\/\/rmcsport.bfmtv.com\/football\/ligue-1\/ligue-1-pourquoi-nantes-psg-sera-diffuse-gratuitement-dimanche_AV-202508130368.html#xtor=AL-68\" rel=\"nofollow noopener\" target=\"_blank\" data-ylk=\"slk:Article original publi\u00e9 sur RMC Sport;elm:context_link;itc:0;sec:content-canvas\" class=\"link \">Article original publi\u00e9 sur RMC Sport<\/a><\/p>\n","protected":false},"excerpt":{"rendered":"C&rsquo;est une nouvelle qui va ravir les fans fran\u00e7ais. La premi\u00e8re affiche de Ligue 1 du dimanche soir&hellip;\n","protected":false},"author":2,"featured_media":317436,"comment_status":"","ping_status":"","sticky":false,"template":"","format":"standard","meta":{"footnotes":""},"categories":[2818],"tags":[1111,11,21199,45589,22813,1777,674,45590,1011,27,10528,66,4668,766,12,2636,93,25],"class_list":{"0":"post-317435","1":"post","2":"type-post","3":"status-publish","4":"format-standard","5":"has-post-thumbnail","7":"category-nantes","8":"tag-actu","9":"tag-actualites","10":"tag-canaris","11":"tag-champions-de-france","12":"tag-dimanche-soir","13":"tag-eu","14":"tag-europe","15":"tag-finale-de-la-coupe-du-monde","16":"tag-fr","17":"tag-france","18":"tag-gianluigi-donnarumma","19":"tag-ligue-1","20":"tag-lucas-chevalier","21":"tag-nantes","22":"tag-news","23":"tag-pays-de-la-loire","24":"tag-psg","25":"tag-republique-francaise"},"share_on_mastodon":{"url":"https:\/\/pubeurope.com\/@fr\/115024260257585270","error":""},"_links":{"self":[{"href":"https:\/\/www.europesays.com\/fr\/wp-json\/wp\/v2\/posts\/317435","targetHints":{"allow":["GET"]}}],"collection":[{"href":"https:\/\/www.europesays.com\/fr\/wp-json\/wp\/v2\/posts"}],"about":[{"href":"https:\/\/www.europesays.com\/fr\/wp-json\/wp\/v2\/types\/post"}],"author":[{"embeddable":true,"href":"https:\/\/www.europesays.com\/fr\/wp-json\/wp\/v2\/users\/2"}],"replies":[{"embeddable":true,"href":"https:\/\/www.europesays.com\/fr\/wp-json\/wp\/v2\/comments?post=317435"}],"version-history":[{"count":0,"href":"https:\/\/www.europesays.com\/fr\/wp-json\/wp\/v2\/posts\/317435\/revisions"}],"wp:featuredmedia":[{"embeddable":true,"href":"https:\/\/www.europesays.com\/fr\/wp-json\/wp\/v2\/media\/317436"}],"wp:attachment":[{"href":"https:\/\/www.europesays.com\/fr\/wp-json\/wp\/v2\/media?parent=317435"}],"wp:term":[{"taxonomy":"category","embeddable":true,"href":"https:\/\/www.europesays.com\/fr\/wp-json\/wp\/v2\/categories?post=317435"},{"taxonomy":"post_tag","embeddable":true,"href":"https:\/\/www.europesays.com\/fr\/wp-json\/wp\/v2\/tags?post=317435"}],"curies":[{"name":"wp","href":"https:\/\/api.w.org\/{rel}","templated":true}]}}