{"id":317437,"date":"2025-08-14T00:21:10","date_gmt":"2025-08-14T00:21:10","guid":{"rendered":"https:\/\/www.europesays.com\/fr\/317437\/"},"modified":"2025-08-14T00:21:10","modified_gmt":"2025-08-14T00:21:10","slug":"previsions-du-jeudi-14-aout-2025-2","status":"publish","type":"post","link":"https:\/\/www.europesays.com\/fr\/317437\/","title":{"rendered":"pr\u00e9visions du jeudi 14 ao\u00fbt 2025"},"content":{"rendered":"<p>C&rsquo;est un soleil magnifique qui va se montrer aujourd&rsquo;hui sur Bordeaux. Les temp\u00e9ratures s&rsquo;\u00e9chelonneront entre 18 et 37\u00b0C. D\u00e8s le matin, les valeurs \u00e9volueront entre 18 et 33\u2009\u00b0C. Une petite brise de nord-est soufflera. Un temps plus chaud est \u00e0 pr\u00e9voir l&rsquo;apr\u00e8s-midi puisque les temp\u00e9ratures vont conna\u00eetre une hausse. La ville va p\u00e2tir des fortes chaleurs avec des temp\u00e9ratures qui pourraient monter jusqu&rsquo;\u00e0 37\u00b0C. La soir\u00e9e va se trouver tr\u00e8s suffocante : pr\u00e8s de 32\u00b0C. On s&rsquo;attend \u00e0 une nuit claire entre jeudi et vendredi.<\/p>\n<p>Demain, un beau soleil rayonnera sur Bordeaux. C&rsquo;est une hausse de plusieurs degr\u00e9s que vont enregistrer les temp\u00e9ratures. De tr\u00e8s grosses chaleurs (entre 22\u00b0C et 43\u00b0C) sont pr\u00e9vues. Un l\u00e9ger vent de nord-est sera ressenti par les habitants. Les valeurs maximales annonc\u00e9es le matin sont importantes, avec 40\u00b0C. L&rsquo;air ambiant va se r\u00e9chauffer demain apr\u00e8s-midi avec une augmentation de plusieurs degr\u00e9s. Attention \u00e0 la vague de chaud. Des temp\u00e9ratures de 42 \u00e0 43\u00b0C sont attendues. Les fortes chaleurs sont pr\u00e9sentes. Avec des valeurs situ\u00e9es entre 32 et 40\u00b0C.<\/p>\n<p>Les jours passent et ne changent pas. Un ciel ensoleill\u00e9, avec des temp\u00e9ratures de 41\u00b0C environ, est pr\u00e9vu.<\/p>\n<p>Demain, c&rsquo;est l&rsquo;Assomption ! Anciennement f\u00eate nationale au cours du r\u00e8gne de Louis XIII, elle est toujours f\u00eat\u00e9e par les catholiques partout dans le monde.<\/p>\n","protected":false},"excerpt":{"rendered":"C&rsquo;est un soleil magnifique qui va se montrer aujourd&rsquo;hui sur Bordeaux. Les temp\u00e9ratures s&rsquo;\u00e9chelonneront entre 18 et 37\u00b0C.&hellip;\n","protected":false},"author":2,"featured_media":317438,"comment_status":"","ping_status":"","sticky":false,"template":"","format":"standard","meta":{"footnotes":""},"categories":[2817],"tags":[1111,11,3177,1997,1777,674,1011,27,2905,12,2219,2119,25],"class_list":{"0":"post-317437","1":"post","2":"type-post","3":"status-publish","4":"format-standard","5":"has-post-thumbnail","7":"category-bordeaux","8":"tag-actu","9":"tag-actualites","10":"tag-aquitaine","11":"tag-bordeaux","12":"tag-eu","13":"tag-europe","14":"tag-fr","15":"tag-france","16":"tag-gironde","17":"tag-news","18":"tag-nouvelle-aquitaine","19":"tag-previsions-meteo","20":"tag-republique-francaise"},"share_on_mastodon":{"url":"https:\/\/pubeurope.com\/@fr\/115024264242771378","error":""},"_links":{"self":[{"href":"https:\/\/www.europesays.com\/fr\/wp-json\/wp\/v2\/posts\/317437","targetHints":{"allow":["GET"]}}],"collection":[{"href":"https:\/\/www.europesays.com\/fr\/wp-json\/wp\/v2\/posts"}],"about":[{"href":"https:\/\/www.europesays.com\/fr\/wp-json\/wp\/v2\/types\/post"}],"author":[{"embeddable":true,"href":"https:\/\/www.europesays.com\/fr\/wp-json\/wp\/v2\/users\/2"}],"replies":[{"embeddable":true,"href":"https:\/\/www.europesays.com\/fr\/wp-json\/wp\/v2\/comments?post=317437"}],"version-history":[{"count":0,"href":"https:\/\/www.europesays.com\/fr\/wp-json\/wp\/v2\/posts\/317437\/revisions"}],"wp:featuredmedia":[{"embeddable":true,"href":"https:\/\/www.europesays.com\/fr\/wp-json\/wp\/v2\/media\/317438"}],"wp:attachment":[{"href":"https:\/\/www.europesays.com\/fr\/wp-json\/wp\/v2\/media?parent=317437"}],"wp:term":[{"taxonomy":"category","embeddable":true,"href":"https:\/\/www.europesays.com\/fr\/wp-json\/wp\/v2\/categories?post=317437"},{"taxonomy":"post_tag","embeddable":true,"href":"https:\/\/www.europesays.com\/fr\/wp-json\/wp\/v2\/tags?post=317437"}],"curies":[{"name":"wp","href":"https:\/\/api.w.org\/{rel}","templated":true}]}}