{"id":317441,"date":"2025-08-14T00:23:10","date_gmt":"2025-08-14T00:23:10","guid":{"rendered":"https:\/\/www.europesays.com\/fr\/317441\/"},"modified":"2025-08-14T00:23:10","modified_gmt":"2025-08-14T00:23:10","slug":"previsions-du-jeudi-14-aout-2025-3","status":"publish","type":"post","link":"https:\/\/www.europesays.com\/fr\/317441\/","title":{"rendered":"pr\u00e9visions du jeudi 14 ao\u00fbt 2025"},"content":{"rendered":"<p>Toulouse aura le plaisir de pouvoir profiter d&rsquo;une belle journ\u00e9e ensoleill\u00e9e. Les temp\u00e9ratures afficheront entre 19 et 38\u00b0C. Un vent de sud-ouest soufflera l\u00e9g\u00e8rement. Les fortes chaleurs sont install\u00e9es. Avec des valeurs situ\u00e9es entre 20 et 33\u00b0C. Les temp\u00e9ratures vont grimper pendant l&rsquo;apr\u00e8s-midi de plusieurs degr\u00e9s. Prenez garde \u00e0 la vague de chaleur. Des temp\u00e9ratures de 35 \u00e0 38\u00b0C sont annonc\u00e9es. La ville va p\u00e2tir des grosses chaleurs avec des valeurs qui devraient monter \u00e0 35\u00b0C le soir. Pendant votre sommeil, dans la nuit de jeudi \u00e0 vendredi, le ciel sera clair.<\/p>\n<p>C&rsquo;est un soleil splendide qui va briller demain sur Toulouse. L&rsquo;air ambiant va se r\u00e9chauffer avec une hausse de quelques degr\u00e9s. Les temp\u00e9ratures maximums attendues sont \u00e9lev\u00e9es, avec 41\u00b0C. L&rsquo;\u00e9pisode d&rsquo;importantes chaleurs est bien l\u00e0, avec des valeurs qui pourront aller jusqu&rsquo;\u00e0 38\u00b0C le matin. Une petite brise de sud-est soufflera. Les temp\u00e9ratures vont conna\u00eetre une augmentation de plusieurs degr\u00e9s au cours de l&rsquo;apr\u00e8s-midi. De tr\u00e8s fortes chaleurs (entre 39\u00b0C et 41\u00b0C) sont pr\u00e9vues. La soir\u00e9e va \u00eatre tr\u00e8s chaude : pr\u00e8s de 37\u00b0C. Un vent de nord-ouest rafra\u00eechira sensiblement l&rsquo;atmosph\u00e8re.<\/p>\n<p>Pour les prochains jours, la m\u00e9t\u00e9o ne bougera pas. On anticipe des journ\u00e9es ensoleill\u00e9es, avec des temp\u00e9ratures dans les 41\u00b0C en moyenne.<\/p>\n<p>C&rsquo;est l&rsquo;assomption demain. Un jour f\u00e9ri\u00e9 pour c\u00e9l\u00e9brer une f\u00eate religieuse, autrefois c&rsquo;\u00e9tait la f\u00eate nationale qu&rsquo;on c\u00e9l\u00e9brait \u00e0 cette m\u00eame date.<\/p>\n","protected":false},"excerpt":{"rendered":"Toulouse aura le plaisir de pouvoir profiter d&rsquo;une belle journ\u00e9e ensoleill\u00e9e. Les temp\u00e9ratures afficheront entre 19 et 38\u00b0C.&hellip;\n","protected":false},"author":2,"featured_media":317442,"comment_status":"","ping_status":"","sticky":false,"template":"","format":"standard","meta":{"footnotes":""},"categories":[2816],"tags":[1111,11,1777,674,1011,27,2722,2721,12,2680,2119,25,2312],"class_list":{"0":"post-317441","1":"post","2":"type-post","3":"status-publish","4":"format-standard","5":"has-post-thumbnail","7":"category-toulouse","8":"tag-actu","9":"tag-actualites","10":"tag-eu","11":"tag-europe","12":"tag-fr","13":"tag-france","14":"tag-haute-garonne","15":"tag-midi-pyrenees","16":"tag-news","17":"tag-occitanie","18":"tag-previsions-meteo","19":"tag-republique-francaise","20":"tag-toulouse"},"share_on_mastodon":{"url":"https:\/\/pubeurope.com\/@fr\/115024272161818070","error":""},"_links":{"self":[{"href":"https:\/\/www.europesays.com\/fr\/wp-json\/wp\/v2\/posts\/317441","targetHints":{"allow":["GET"]}}],"collection":[{"href":"https:\/\/www.europesays.com\/fr\/wp-json\/wp\/v2\/posts"}],"about":[{"href":"https:\/\/www.europesays.com\/fr\/wp-json\/wp\/v2\/types\/post"}],"author":[{"embeddable":true,"href":"https:\/\/www.europesays.com\/fr\/wp-json\/wp\/v2\/users\/2"}],"replies":[{"embeddable":true,"href":"https:\/\/www.europesays.com\/fr\/wp-json\/wp\/v2\/comments?post=317441"}],"version-history":[{"count":0,"href":"https:\/\/www.europesays.com\/fr\/wp-json\/wp\/v2\/posts\/317441\/revisions"}],"wp:featuredmedia":[{"embeddable":true,"href":"https:\/\/www.europesays.com\/fr\/wp-json\/wp\/v2\/media\/317442"}],"wp:attachment":[{"href":"https:\/\/www.europesays.com\/fr\/wp-json\/wp\/v2\/media?parent=317441"}],"wp:term":[{"taxonomy":"category","embeddable":true,"href":"https:\/\/www.europesays.com\/fr\/wp-json\/wp\/v2\/categories?post=317441"},{"taxonomy":"post_tag","embeddable":true,"href":"https:\/\/www.europesays.com\/fr\/wp-json\/wp\/v2\/tags?post=317441"}],"curies":[{"name":"wp","href":"https:\/\/api.w.org\/{rel}","templated":true}]}}