{"id":317449,"date":"2025-08-14T00:27:10","date_gmt":"2025-08-14T00:27:10","guid":{"rendered":"https:\/\/www.europesays.com\/fr\/317449\/"},"modified":"2025-08-14T00:27:10","modified_gmt":"2025-08-14T00:27:10","slug":"samia-22-ans-au-service-des-baigneurs-en-situation-de-handicap","status":"publish","type":"post","link":"https:\/\/www.europesays.com\/fr\/317449\/","title":{"rendered":"Samia, 22 ans, au service des baigneurs en situation de handicap"},"content":{"rendered":"\n<p>Sur la plage de Bonneveine (8e), il est ais\u00e9 de deviner que Samia est ici comme chez elle. La jeune femme de 22 ans est la premi\u00e8re \u00e0 s\u2019avancer, un grand sourire aux l\u00e8vres, vers les personnes en situation de handicap lors de leur arriv\u00e9e. Elle salue cordialement les accompagnants \u00e9ducatif et social et propose son aide imm\u00e9diatement. C\u2019est la deuxi\u00e8me ann\u00e9e qu\u2019elle participe aux dispositifs municipaux \u00ab\u00a0Safer\u00a0\u00bb, pour lutter contre les violences sexistes et sexuelles et \u00ab\u00a0\u00c0 nous la mer\u00a0!\u00a0\u00bb, pour permettre aux personnes \u00e0 mobilit\u00e9 r\u00e9duite de se baigner.<\/p>\n<p>\u00abJ\u2019ai choisi de refaire ce travail cet \u00e9t\u00e9, parce que j\u2019avais vraiment aim\u00e9, affirme Samia. Cette ann\u00e9e, je revois les personnes en situation de handicap que j\u2019ai rencontr\u00e9es l\u2019ann\u00e9e derni\u00e8re, et elles ont l\u2019air heureuses de me voir, donc c\u2019est comme si on avait cr\u00e9\u00e9 un lien\u00a0\u00bb. Son anciennet\u00e9 et son \u00e9nergie contagieuse lui ont permis d\u2019obtenir le titre de responsable de l\u2019\u00e9quipe de sept jeunes, recrut\u00e9s par la mairie pour la saison. V\u00eatus de t-shirts blancs sigl\u00e9s du nom des deux dispositifs municipaux, ils installent les b\u00e9n\u00e9ficiaires sur les \u00ab\u00a0tiralos\u00a0\u00bb, des fauteuils roulants de baignade.<\/p>\n<p>\u00ab\u00a0Un travail qui a du sens\u00a0\u00bb<\/p>\n<p>Pour Samia, l\u2019inclusion de tous et toutes \u00e0 la plage ne se limite pas \u00e0 faciliter l\u2019acc\u00e8s \u00e0 la mer. \u00ab\u00a0On essaie quand m\u00eame de discuter, de savoir ce qu\u2019ils font dans la vie, leurs passions pour qu\u2019ils passent aussi un bon moment avec nous et qu\u2019ils puissent revenir\u00a0\u00bb, explique la jeune femme, originaire de Marseille.<\/p>\n<p>Ehpad, ou maison d\u2019accueil sp\u00e9cialis\u00e9e, l\u2019agente consigne soigneusement dans un agenda tous les rendez-vous pris par les diff\u00e9rentes structures pour b\u00e9n\u00e9ficier du dispositif. \u00ab\u00a0C\u2019est un travail qui a du sens, assure Samia avec un regard p\u00e9tillant. L\u2019ann\u00e9e derni\u00e8re, un r\u00e9sident d\u2019ehpad m\u2019avait dit que cela faisait dix ans qu\u2019il n\u2019\u00e9tait pas all\u00e9 dans l\u2019eau. Il \u00e9tait tellement heureux\u00a0!\u00a0\u00bb<\/p>\n<p>La jeune marseillaise prend tr\u00e8s \u00e0 c\u0153ur son r\u00f4le et n\u2019est jamais tr\u00e8s loin des personnes \u00e0 mobilit\u00e9 r\u00e9duite afin d\u2019anticiper leurs moindres besoins. Pour autant, son s\u00e9rieux ne l\u2019emp\u00eache pas d\u2019\u00e9clater de rire aux blagues de ses jeunes coll\u00e8gues et de cr\u00e9er une ambiance conviviale. \u00ab\u00a0Je pense que cela se passe encore mieux car on s\u2019entraide tous. Il y a une coh\u00e9sion et les b\u00e9n\u00e9ficiaires sont heureux de nous voir tous ensemble\u00a0\u00bb, sourit Samia.<\/p>\n<p>Son d\u00e9vouement et son enthousiasme en t\u00e9moignent, son travail lui conf\u00e8re une grande satisfaction. Au point que l\u2019\u00e9tudiante h\u00e9site d\u00e9sormais entre poursuivre, \u00e0 la rentr\u00e9e, une licence en logistique ou effectuer un service civique aupr\u00e8s de personnes en situation de handicap.<\/p>\n","protected":false},"excerpt":{"rendered":"Sur la plage de Bonneveine (8e), il est ais\u00e9 de deviner que Samia est ici comme chez elle.&hellip;\n","protected":false},"author":2,"featured_media":317450,"comment_status":"","ping_status":"","sticky":false,"template":"","format":"standard","meta":{"footnotes":""},"categories":[2814],"tags":[1111,11,1777,674,1011,27,37867,884,12,882,25],"class_list":{"0":"post-317449","1":"post","2":"type-post","3":"status-publish","4":"format-standard","5":"has-post-thumbnail","7":"category-marseille","8":"tag-actu","9":"tag-actualites","10":"tag-eu","11":"tag-europe","12":"tag-fr","13":"tag-france","14":"tag-lilia-fernandez","15":"tag-marseille","16":"tag-news","17":"tag-provence-alpes-cote-dazur","18":"tag-republique-francaise"},"share_on_mastodon":{"url":"https:\/\/pubeurope.com\/@fr\/115024287754255054","error":""},"_links":{"self":[{"href":"https:\/\/www.europesays.com\/fr\/wp-json\/wp\/v2\/posts\/317449","targetHints":{"allow":["GET"]}}],"collection":[{"href":"https:\/\/www.europesays.com\/fr\/wp-json\/wp\/v2\/posts"}],"about":[{"href":"https:\/\/www.europesays.com\/fr\/wp-json\/wp\/v2\/types\/post"}],"author":[{"embeddable":true,"href":"https:\/\/www.europesays.com\/fr\/wp-json\/wp\/v2\/users\/2"}],"replies":[{"embeddable":true,"href":"https:\/\/www.europesays.com\/fr\/wp-json\/wp\/v2\/comments?post=317449"}],"version-history":[{"count":0,"href":"https:\/\/www.europesays.com\/fr\/wp-json\/wp\/v2\/posts\/317449\/revisions"}],"wp:featuredmedia":[{"embeddable":true,"href":"https:\/\/www.europesays.com\/fr\/wp-json\/wp\/v2\/media\/317450"}],"wp:attachment":[{"href":"https:\/\/www.europesays.com\/fr\/wp-json\/wp\/v2\/media?parent=317449"}],"wp:term":[{"taxonomy":"category","embeddable":true,"href":"https:\/\/www.europesays.com\/fr\/wp-json\/wp\/v2\/categories?post=317449"},{"taxonomy":"post_tag","embeddable":true,"href":"https:\/\/www.europesays.com\/fr\/wp-json\/wp\/v2\/tags?post=317449"}],"curies":[{"name":"wp","href":"https:\/\/api.w.org\/{rel}","templated":true}]}}