{"id":317455,"date":"2025-08-14T00:30:18","date_gmt":"2025-08-14T00:30:18","guid":{"rendered":"https:\/\/www.europesays.com\/fr\/317455\/"},"modified":"2025-08-14T00:30:18","modified_gmt":"2025-08-14T00:30:18","slug":"transferts-ol-lyon-piste-timo-werner","status":"publish","type":"post","link":"https:\/\/www.europesays.com\/fr\/317455\/","title":{"rendered":"Transferts OL : Lyon piste Timo Werner"},"content":{"rendered":"<p style=\"text-align: justify;\"><strong>TRANSFERTS LYON \u2013 Selon <a href=\"https:\/\/www.footmercato.net\/a4748258960409617931-lol-necarte-pas-la-piste-timo-werner-mais\" target=\"_blank\" rel=\"noopener\">Foot Mercato<\/a>, l\u2019Olympique Lyonnais suit de pr\u00e8s la situation de Timo Werner (Leipzig).<\/strong><\/p>\n<p style=\"text-align: justify;\">Alors que l\u2019on s\u2019attendait \u00e0 un mercato discret apr\u00e8s les difficult\u00e9s financi\u00e8res rencontr\u00e9es par le club au d\u00e9but de l\u2019\u00e9t\u00e9, l\u2019<strong>Olympique Lyonnais<\/strong> s\u2019est bien renforc\u00e9 ces derni\u00e8res semaines. Les Lyonnais ont notamment sorti le ch\u00e9quier pour signer l\u2019international espoirs anglais <strong>Tyler<\/strong> <strong>Morton<\/strong> ou encore l\u2019international tch\u00e8que, <strong>Pavel<\/strong> <strong>Sulc<\/strong>.<\/p>\n<p>Lyon suit Timo Werner<\/p>\n<p style=\"text-align: justify;\">Selon nos confr\u00e8res, l\u2019<strong>OL<\/strong> travaillerait actuellement \u00e0 la venue de <strong>Timo<\/strong> <strong>Werner<\/strong>. L\u2019attaquant allemand reste sur une saison en pr\u00eat \u00e0 <strong>Tottenham <\/strong>en Premier League et vient de retourner \u00e0 <strong>Leipzig<\/strong> o\u00f9 il lui reste un an de contrat. Le club allemand serait dispos\u00e9 \u00e0 le vendre cet \u00e9t\u00e9 et il a \u00e9t\u00e9 propos\u00e9 \u00e0 l\u2019<strong>Olympique Lyonnais<\/strong> qui s\u2019est montr\u00e9 int\u00e9ress\u00e9.<\/p>\n<p style=\"text-align: justify;\">Mais le salaire du joueur, 900 000 euros par mois, est \u00e9videmment un obstacle pour l\u2019<strong>OL<\/strong> qui doit contr\u00f4ler sa masse salariale. Les Lyonnais n\u2019ont pas renonc\u00e9 \u00e0 le recruter, mais attendent la fin du mercato pour esp\u00e9rer pouvoir n\u00e9gocier un pr\u00eat avec une prise en charge d\u2019une partie du salaire par <strong>Leipzig<\/strong>.<\/p>\n<p>\u00c0 ce sujet<br \/>\n<a href=\"https:\/\/dicodusport.fr\/blog\/mercato-ol-2025-2026-le-tableau-complet-des-transferts-arrivees-et-departs\/\" class=\"vlp-link\" title=\"Mercato OL 2025-2026 : Le tableau complet des transferts, arriv\u00e9es et d\u00e9parts\" target=\"_blank\" rel=\"noopener\"><img loading=\"lazy\" decoding=\"async\" style=\"max-width: 792px;\" width=\"792\" height=\"445\" class=\"attachment-800x445 size-800x445 perfmatters-lazy\" alt=\"Mercato OL 2025-2026 Le tableau complet des transferts, arriv\u00e9es et d\u00e9parts\" src=\"https:\/\/www.europesays.com\/fr\/wp-content\/uploads\/2025\/07\/Mercato-OL-2025-2026-Le-tableau-complet-des-transferts-arrivees-et-departs.png\"  data-\/><\/p>\n<p>Mercato OL 2025-2026 : Le tableau complet des transferts, arriv\u00e9es et d\u00e9parts<\/p>\n<p>TRANSFERTS OL &#8211; Retrouvez tous les mouvements de l&rsquo;Olympique Lyonnais pour l&rsquo;intersaison 2025 en Ligue 1. Arriv\u00e9es, d\u00e9part, pr\u00eats, transferts d\u00e9finitifs, ne ratez rien du mercato estival.\u00a0<\/p>\n<p>Lire l&rsquo;article<\/p>\n<p>dicodusport.fr<\/p>\n","protected":false},"excerpt":{"rendered":"TRANSFERTS LYON \u2013 Selon Foot Mercato, l\u2019Olympique Lyonnais suit de pr\u00e8s la situation de Timo Werner (Leipzig). Alors&hellip;\n","protected":false},"author":2,"featured_media":317456,"comment_status":"","ping_status":"","sticky":false,"template":"","format":"standard","meta":{"footnotes":""},"categories":[1889],"tags":[1111,11,2430,2113,1777,674,1011,27,66,2428,12,25],"class_list":{"0":"post-317455","1":"post","2":"type-post","3":"status-publish","4":"format-standard","5":"has-post-thumbnail","7":"category-lyon","8":"tag-actu","9":"tag-actualites","10":"tag-auvergne-rhone-alpes","11":"tag-breve","12":"tag-eu","13":"tag-europe","14":"tag-fr","15":"tag-france","16":"tag-ligue-1","17":"tag-lyon","18":"tag-news","19":"tag-republique-francaise"},"share_on_mastodon":{"url":"https:\/\/pubeurope.com\/@fr\/115024299522649445","error":""},"_links":{"self":[{"href":"https:\/\/www.europesays.com\/fr\/wp-json\/wp\/v2\/posts\/317455","targetHints":{"allow":["GET"]}}],"collection":[{"href":"https:\/\/www.europesays.com\/fr\/wp-json\/wp\/v2\/posts"}],"about":[{"href":"https:\/\/www.europesays.com\/fr\/wp-json\/wp\/v2\/types\/post"}],"author":[{"embeddable":true,"href":"https:\/\/www.europesays.com\/fr\/wp-json\/wp\/v2\/users\/2"}],"replies":[{"embeddable":true,"href":"https:\/\/www.europesays.com\/fr\/wp-json\/wp\/v2\/comments?post=317455"}],"version-history":[{"count":0,"href":"https:\/\/www.europesays.com\/fr\/wp-json\/wp\/v2\/posts\/317455\/revisions"}],"wp:featuredmedia":[{"embeddable":true,"href":"https:\/\/www.europesays.com\/fr\/wp-json\/wp\/v2\/media\/317456"}],"wp:attachment":[{"href":"https:\/\/www.europesays.com\/fr\/wp-json\/wp\/v2\/media?parent=317455"}],"wp:term":[{"taxonomy":"category","embeddable":true,"href":"https:\/\/www.europesays.com\/fr\/wp-json\/wp\/v2\/categories?post=317455"},{"taxonomy":"post_tag","embeddable":true,"href":"https:\/\/www.europesays.com\/fr\/wp-json\/wp\/v2\/tags?post=317455"}],"curies":[{"name":"wp","href":"https:\/\/api.w.org\/{rel}","templated":true}]}}