{"id":317457,"date":"2025-08-14T00:32:19","date_gmt":"2025-08-14T00:32:19","guid":{"rendered":"https:\/\/www.europesays.com\/fr\/317457\/"},"modified":"2025-08-14T00:32:19","modified_gmt":"2025-08-14T00:32:19","slug":"deux-premiers-cas-autochtones-signales","status":"publish","type":"post","link":"https:\/\/www.europesays.com\/fr\/317457\/","title":{"rendered":"deux premiers cas autochtones signal\u00e9s"},"content":{"rendered":"<p>Pour la premi\u00e8re fois en \u00cele-de-France, deux cas autochtones de virus du Nil occidental (West Nile virus) ont \u00e9t\u00e9 confirm\u00e9s chez des habitants de Seine-Saint-Denis. Aucun des patients n\u2019a voyag\u00e9 r\u00e9cemment en zone d\u2019end\u00e9mie, indiquant une transmission locale via <a href=\"https:\/\/www.lemoniteurdespharmacies.fr\/conseils\/pathologies\/fievre-du-nil-occidental-un-cas-autochtone-detecte-en-provence-alpes-cote-dazur\" rel=\"nofollow noopener\" target=\"_blank\">les moustiques Culex<\/a>.<\/p>\n<p>Depuis 2021, la fi\u00e8vre du virus du Nil occidental est inscrite sur la liste des maladies \u00e0 d\u00e9claration obligatoire (MDO). Si la majorit\u00e9 des infections restent asymptomatiques, les professionnels de sant\u00e9 doivent rester vigilants, informer et orienter les patients pr\u00e9sentant des sympt\u00f4mes \u00e9vocateurs.<\/p>\n<p>Modes de transmission et sympt\u00f4mes<\/p>\n<p>Le virus du Nil occidental est principalement transmis par la piq\u00fbre de moustiques Culex infect\u00e9s apr\u00e8s avoir piqu\u00e9 des oiseaux porteurs. Contrairement au <a href=\"https:\/\/www.lemoniteurdespharmacies.fr\/conseils\/maux-du-quotidien\/le-changement-climatique-menace-sanitaire-a-visage-multiple\" rel=\"nofollow noopener\" target=\"_blank\">moustique tigre<\/a> (Aedes albopictus), vecteur de dengue, chikungunya et Zika, Culex pique surtout en soir\u00e9e et la nuit et est tr\u00e8s pr\u00e9sent en France.<\/p>\n<p>Les infections peuvent se manifester de mani\u00e8re l\u00e9g\u00e8re, avec un <strong>syndrome pseudo-grippal<\/strong> caract\u00e9ris\u00e9 par de la fi\u00e8vre, des maux de t\u00eate, des douleurs musculaires, dorsales ou abdominales, des naus\u00e9es, des diarrh\u00e9es, un gonflement des ganglions, une \u00e9ruption cutan\u00e9e ou des sympt\u00f4mes respiratoires. Dans de rares cas, moins de 1\u00a0%, la maladie peut \u00e9voluer vers des complications s\u00e9v\u00e8res telles que la m\u00e9ningite ou l\u2019enc\u00e9phalite, surtout chez les personnes \u00e2g\u00e9es.<\/p>\n<p>Le diagnostic repose sur la confirmation par s\u00e9rologie ou PCR sur sang ou liquide c\u00e9phalorachidien. Il n\u2019existe pas de traitement antiviral sp\u00e9cifique, et la prise en charge est essentiellement symptomatique, incluant hydratation, antipyr\u00e9tique et repos.<\/p>\n<p>Surveillance renforc\u00e9e<\/p>\n<p>En France, la surveillance du virus du Nil occidental repose sur un dispositif tripartite, coordonn\u00e9e par les acteurs de la sant\u00e9 humaine, de la sant\u00e9 animale, et des entomologistes.<\/p>\n<p>Elle est renforc\u00e9e chaque ann\u00e9e du 1er\u00a0mai au 30\u00a0novembre, p\u00e9riode d\u2019activit\u00e9 des moustiques vecteurs, afin de d\u00e9tecter rapidement la circulation du virus et de d\u00e9clencher les mesures de protection.<\/p>\n<blockquote class=\"wp-block-quote is-layout-flow wp-block-quote-is-layout-flow\"><p>Recommandations pour le grand public<\/p>\n<p>Afin de <a href=\"https:\/\/www.lemoniteurdespharmacies.fr\/conseils\/maux-du-quotidien\/dengue-et-chikungunya-quelles-recommandations-pour-la-patientele\" rel=\"nofollow noopener\" target=\"_blank\">se prot\u00e9ger des piq\u00fbres<\/a> en cas de pr\u00e9sence de moustique\u00a0:<\/p>\n<ul>\n<li>porter des v\u00eatements couvrants et amples, surtout en soir\u00e9e, les moustiques Culex ayant principalement une activit\u00e9 nocturne,\u00a0<\/li>\n<li>utiliser des r\u00e9pulsifs adapt\u00e9s, sur les zones de peau d\u00e9couvertes,<\/li>\n<li>installer des moustiquaires,<\/li>\n<li>utiliser des diffuseurs \u00e9lectriques \u00e0 l\u2019int\u00e9rieur et des serpentins insecticides uniquement \u00e0 l\u2019ext\u00e9rieur.<\/li>\n<\/ul>\n<p>Il est n\u00e9cessaire de consulter rapidement un m\u00e9decin en cas de sympt\u00f4mes \u00e9vocateurs.<\/p>\n<\/blockquote>\n","protected":false},"excerpt":{"rendered":"Pour la premi\u00e8re fois en \u00cele-de-France, deux cas autochtones de virus du Nil occidental (West Nile virus) ont&hellip;\n","protected":false},"author":2,"featured_media":317458,"comment_status":"","ping_status":"","sticky":false,"template":"","format":"standard","meta":{"footnotes":""},"categories":[1592],"tags":[1111,11,536,1777,674,1011,27,662,12,626,25,5699],"class_list":{"0":"post-317457","1":"post","2":"type-post","3":"status-publish","4":"format-standard","5":"has-post-thumbnail","7":"category-ile-de-france","8":"tag-actu","9":"tag-actualites","10":"tag-communication","11":"tag-eu","12":"tag-europe","13":"tag-fr","14":"tag-france","15":"tag-ile-de-france","16":"tag-news","17":"tag-paris","18":"tag-republique-francaise","19":"tag-sante-publique"},"share_on_mastodon":{"url":"https:\/\/pubeurope.com\/@fr\/115024307473025078","error":""},"_links":{"self":[{"href":"https:\/\/www.europesays.com\/fr\/wp-json\/wp\/v2\/posts\/317457","targetHints":{"allow":["GET"]}}],"collection":[{"href":"https:\/\/www.europesays.com\/fr\/wp-json\/wp\/v2\/posts"}],"about":[{"href":"https:\/\/www.europesays.com\/fr\/wp-json\/wp\/v2\/types\/post"}],"author":[{"embeddable":true,"href":"https:\/\/www.europesays.com\/fr\/wp-json\/wp\/v2\/users\/2"}],"replies":[{"embeddable":true,"href":"https:\/\/www.europesays.com\/fr\/wp-json\/wp\/v2\/comments?post=317457"}],"version-history":[{"count":0,"href":"https:\/\/www.europesays.com\/fr\/wp-json\/wp\/v2\/posts\/317457\/revisions"}],"wp:featuredmedia":[{"embeddable":true,"href":"https:\/\/www.europesays.com\/fr\/wp-json\/wp\/v2\/media\/317458"}],"wp:attachment":[{"href":"https:\/\/www.europesays.com\/fr\/wp-json\/wp\/v2\/media?parent=317457"}],"wp:term":[{"taxonomy":"category","embeddable":true,"href":"https:\/\/www.europesays.com\/fr\/wp-json\/wp\/v2\/categories?post=317457"},{"taxonomy":"post_tag","embeddable":true,"href":"https:\/\/www.europesays.com\/fr\/wp-json\/wp\/v2\/tags?post=317457"}],"curies":[{"name":"wp","href":"https:\/\/api.w.org\/{rel}","templated":true}]}}