{"id":317461,"date":"2025-08-14T00:34:48","date_gmt":"2025-08-14T00:34:48","guid":{"rendered":"https:\/\/www.europesays.com\/fr\/317461\/"},"modified":"2025-08-14T00:34:48","modified_gmt":"2025-08-14T00:34:48","slug":"trapp-ex-psg-vers-le-paris-fc-werner-evoque-a-lyon-les-6-infos-mercato-de-ce-mercredi","status":"publish","type":"post","link":"https:\/\/www.europesays.com\/fr\/317461\/","title":{"rendered":"Trapp (ex-PSG) vers le Paris FC, Werner \u00e9voqu\u00e9 \u00e0 Lyon&#8230; Les 6 infos mercato de ce mercredi"},"content":{"rendered":"<p>Le Paris FC sur Kevin Trapp, Nice qui piste Odsonne Edouard ou Axel Witsel \u00e0 G\u00e9rone\u00a0: toutes les infos du mercato football de ce mercredi 13 ao\u00fbt.<\/p>\n<p>Trapp nouveau nom ronflant du Paris\u00a0FC\u00a0?<\/p>\n<p class=\"fig-paragraph\">Kevin Trapp pourrait revenir \u00e0 Paris, mais pas au PSG. Selon le journal\u00a0<a href=\"https:\/\/www.leparisien.fr\/sports\/football\/paris-fc\/mercato-le-paris-fc-tout-proche-dattirer-kevin-trapp-lancien-gardien-du-psg-13-08-2025-CDGOGD6XK5AVJDPTB4W4GNEJYA.php\" target=\"_blank\" rel=\"sponsored noopener\" data-gtm-custom-categorie=\"navigation\" data-gtm-custom-action=\"crossclick\" data-gtm-custom-label=\"Contextuel\" data-gtm-event=\"customEventSPE\">Le Parisien<\/a>, le Paris FC est \u00abtout proche\u00bb d\u2019attirer le gardien allemand de 35 ans. Trapp est titulaire et m\u00eame capitaine \u00e0 l\u2019Eintracht Francfort, 3e de Bundesliga. Il compte 9 s\u00e9lections avec la Mannschaft mais n\u2019a plus \u00e9t\u00e9 appel\u00e9 depuis 2023.<\/p>\n<p class=\"fig-paragraph\">Il lui reste un an de contrat \u00e0 Francfort, qu\u2019il avait quitt\u00e9 en 2015 pour le PSG (91 matches) avant d\u2019y retourner en 2018. Au Paris FC, il serait la doublure d\u2019Obed Nkambadio (22 ans). \u00c0 moins qu\u2019il ne parvienne \u00e0 concurrencer l\u2019international espoirs fran\u00e7ais, m\u00e9daill\u00e9 d\u2019argent aux JO 2024.<\/p>\n<p>                                    <a class=\"fig-a11y-skip a11y-hidden\" href=\"#fig-a11y-skip-main-inarticle\"><br \/>\n        Passer la publicit\u00e9<br \/>\n    <\/a><\/p>\n<p class=\"fig-paragraph\"><strong>\u00c0 VOIR AUSSI &#8211; <\/strong>Le top 5 des arr\u00eats de Kevin Trapp au Paris Saint-Germain (2015-2018)<\/p>\n<p>OL\u00a0: Werner dans un coin de la t\u00eate<\/p>\n<p class=\"fig-paragraph\">Ind\u00e9sirable \u00e0 Leipzig, Timo Werner avait \u00e9t\u00e9\u00a0<a href=\"http:\/\/www.lefigaro.fr\/sports\/football\/angleterre\/premier-league-timo-werner-arrive-a-tottenham-prete-par-leipzig-20240109\" data-fig-type=\"NewsFlash\" data-gtm-custom-categorie=\"navigation\" data-gtm-custom-action=\"crossclick\" data-gtm-custom-label=\"Contextuel\" data-gtm-event=\"customEventSPE\" data-fig-domain=\"LEFIGARO\" target=\"_blank\" rel=\"noopener\">pr\u00eat\u00e9 en janvier 2024 pour un an et demi \u00e0 Tottenham<\/a>. L\u2019attaquant allemand de 29 ans y a err\u00e9 comme une \u00e2me en peine, et se cherche un nouveau point de chute \u00e0 un an de la fin de son contrat. D\u2019apr\u00e8s\u00a0<a href=\"https:\/\/www.footmercato.net\/a4748258960409617931-lol-necarte-pas-la-piste-timo-werner-mais\" target=\"_blank\" rel=\"sponsored noopener\" data-gtm-custom-categorie=\"navigation\" data-gtm-custom-action=\"crossclick\" data-gtm-custom-label=\"Contextuel\" data-gtm-event=\"customEventSPE\">Foot Mercato<\/a>, son nom a \u00e9t\u00e9 soumis \u00e0 l\u2019Olympique Lyonnais.<\/p>\n<p class=\"fig-paragraph\">Le gros salaire du joueur (900.000 euros mensuels) est un probl\u00e8me important aux discussions. L\u2019OL n\u2019exclurait pas de se pencher \u00e0 nouveau sur ce dossier \u00e0 la fin du mois d\u2019ao\u00fbt. Werner (57 s\u00e9lections, 24 buts) avait rejoint Chelsea pour 53\u00a0M\u20ac en 2020 et y avait remport\u00e9 la Ligue des champions, mais n\u2019a plus retrouv\u00e9 son meilleur niveau depuis.<\/p>\n<p>Nice convoite Edouard (Crystal Palace)<\/p>\n<p class=\"fig-paragraph\">L\u2019entra\u00eeneur ni\u00e7ois Franck Haise attend des renforts, d\u2019autant plus apr\u00e8s avoir\u00a0<a href=\"http:\/\/www.lefigaro.fr\/sports\/football\/ligue-des-champions\/benfica-nice-la-maitrise-des-portugais-le-collectif-nicois-prend-l-eau-les-tops-et-flops-20250813\" data-fig-type=\"NewsFlash\" data-gtm-custom-categorie=\"navigation\" data-gtm-custom-action=\"crossclick\" data-gtm-custom-label=\"Contextuel\" data-gtm-event=\"customEventSPE\" data-fig-domain=\"LEFIGARO\" target=\"_blank\" rel=\"noopener\">\u00e9t\u00e9 \u00e9limin\u00e9 par Benfica<\/a>\u00a0en tour pr\u00e9liminaire de la Ligue des champions. Odsonne Edouard pourrait \u00eatre l\u2019un d\u2019eux, \u00e0 en croire\u00a0<a href=\"https:\/\/www.footmercato.net\/a7611183012053066831-nice-avance-sur-odsonne-edouard\" target=\"_blank\" rel=\"sponsored noopener\" data-gtm-custom-categorie=\"navigation\" data-gtm-custom-action=\"crossclick\" data-gtm-custom-label=\"Contextuel\" data-gtm-event=\"customEventSPE\">Foot Mercato<\/a> . L\u2019attaquant fran\u00e7ais de 27 ans se verrait bien sur la C\u00f4te d\u2019Azur, lui qui sort d\u2019une saison en pr\u00eat \u00e0 Leicester o\u00f9 il n\u2019a quasiment pas jou\u00e9 (6 matches, 113 minutes). L\u2019ancien du PSG et de Toulouse est encore li\u00e9 pour un an au club anglais de Crystal Palace.<\/p>\n<p>Duffus d\u00e9barque \u00e0 Saint-Etienne (officiel)<\/p>\n<p class=\"fig-paragraph\">Apr\u00e8s avoir enfin r\u00e9gl\u00e9 un inconv\u00e9nient administratif qui bloquait son arriv\u00e9e, Joshua Duffus est devenu un joueur de l\u2019AS Saint-Etienne. L\u2019attaquant anglais de 20 ans arrive libre en provenance de Brighton, o\u00f9 il n\u2019a jou\u00e9 qu\u2019un match en \u00e9quipe premi\u00e8re. Il s\u2019est engag\u00e9 jusqu\u2019en 2029 chez les Verts, qui ont d\u00e9but\u00e9 leur saison de Ligue\u00a02 par un match nul \u00e0 Laval (3-3).<\/p>\n<p>                                    <a class=\"fig-a11y-skip a11y-hidden\" href=\"#fig-a11y-skip-main-inarticle_mtf\"><br \/>\n        Passer la publicit\u00e9<br \/>\n    <\/a><\/p>\n<p>Witsel rebondit \u00e0 G\u00e9rone (officiel)<\/p>\n<p class=\"fig-paragraph\">En fin de contrat \u00e0 l\u2019Atl\u00e9tico de Madrid, Axel Witsel reste en Espagne. Le d\u00e9fenseur ou milieu d\u00e9fensif de 36 ans prolonge le plaisir \u00e0 G\u00e9rone, 16e de Liga la saison pass\u00e9e. L\u2019ancien pilier de la s\u00e9lection belge (132 s\u00e9lections, 12 buts), pass\u00e9 par Benfica et Dortmund, y a sign\u00e9 pour un an.<\/p>\n<p>Calvert-Lewin attendu \u00e0 Leeds<\/p>\n<p class=\"fig-paragraph\"><a href=\"https:\/\/www.nytimes.com\/athletic\/6460291\/2025\/08\/13\/leeds-dominic-calvert-lewin-transfer-free\/\" target=\"_blank\" rel=\"sponsored noopener\" data-gtm-custom-categorie=\"navigation\" data-gtm-custom-action=\"crossclick\" data-gtm-custom-label=\"Contextuel\" data-gtm-event=\"customEventSPE\">The Athletic<\/a> \u00a0r\u00e9v\u00e8le un accord entre Leeds, promu en Premier League, et Dominic Calvert-Lewin, qui n\u2019a pas prolong\u00e9 son contrat \u00e0 Everton. L\u2019avant-centre de 28 ans, international anglais dont la derni\u00e8re s\u00e9lection remonte \u00e0 2021, n\u2019a plus qu\u2019\u00e0 passer sa visite m\u00e9dicale. Il s\u2019est content\u00e9 de 3 buts en 26 matches (19 titularisations) de Premier League la saison derni\u00e8re.<\/p>\n","protected":false},"excerpt":{"rendered":"Le Paris FC sur Kevin Trapp, Nice qui piste Odsonne Edouard ou Axel Witsel \u00e0 G\u00e9rone\u00a0: toutes les&hellip;\n","protected":false},"author":2,"featured_media":317462,"comment_status":"","ping_status":"","sticky":false,"template":"","format":"standard","meta":{"footnotes":""},"categories":[1888],"tags":[1111,1928,11,1927,1777,674,1011,27,45591,12,1926,626,445,1925,25,45592],"class_list":{"0":"post-317461","1":"post","2":"type-post","3":"status-publish","4":"format-standard","5":"has-post-thumbnail","7":"category-paris","8":"tag-actu","9":"tag-actu-paris","10":"tag-actualites","11":"tag-actualites-paris","12":"tag-eu","13":"tag-europe","14":"tag-fr","15":"tag-france","16":"tag-kevin-trapp","17":"tag-news","18":"tag-news-paris","19":"tag-paris","20":"tag-paris-fc","21":"tag-paris-news","22":"tag-republique-francaise","23":"tag-timo-werner"},"share_on_mastodon":{"url":"https:\/\/pubeurope.com\/@fr\/115024319234362946","error":""},"_links":{"self":[{"href":"https:\/\/www.europesays.com\/fr\/wp-json\/wp\/v2\/posts\/317461","targetHints":{"allow":["GET"]}}],"collection":[{"href":"https:\/\/www.europesays.com\/fr\/wp-json\/wp\/v2\/posts"}],"about":[{"href":"https:\/\/www.europesays.com\/fr\/wp-json\/wp\/v2\/types\/post"}],"author":[{"embeddable":true,"href":"https:\/\/www.europesays.com\/fr\/wp-json\/wp\/v2\/users\/2"}],"replies":[{"embeddable":true,"href":"https:\/\/www.europesays.com\/fr\/wp-json\/wp\/v2\/comments?post=317461"}],"version-history":[{"count":0,"href":"https:\/\/www.europesays.com\/fr\/wp-json\/wp\/v2\/posts\/317461\/revisions"}],"wp:featuredmedia":[{"embeddable":true,"href":"https:\/\/www.europesays.com\/fr\/wp-json\/wp\/v2\/media\/317462"}],"wp:attachment":[{"href":"https:\/\/www.europesays.com\/fr\/wp-json\/wp\/v2\/media?parent=317461"}],"wp:term":[{"taxonomy":"category","embeddable":true,"href":"https:\/\/www.europesays.com\/fr\/wp-json\/wp\/v2\/categories?post=317461"},{"taxonomy":"post_tag","embeddable":true,"href":"https:\/\/www.europesays.com\/fr\/wp-json\/wp\/v2\/tags?post=317461"}],"curies":[{"name":"wp","href":"https:\/\/api.w.org\/{rel}","templated":true}]}}