{"id":317466,"date":"2025-08-14T00:37:15","date_gmt":"2025-08-14T00:37:15","guid":{"rendered":"https:\/\/www.europesays.com\/fr\/317466\/"},"modified":"2025-08-14T00:37:15","modified_gmt":"2025-08-14T00:37:15","slug":"nouveau-coup-dur-pour-la-liberte-dexpression-en-russie-whatsapp-et-telegram-restreints-par-les-autorites","status":"publish","type":"post","link":"https:\/\/www.europesays.com\/fr\/317466\/","title":{"rendered":"Nouveau coup dur pour la libert\u00e9 d\u2019expression en Russie\u00a0: WhatsApp et Telegram restreints par les autorit\u00e9s"},"content":{"rendered":"<p class=\"paragraph text_align_left lp-f-body-02\">Nouveau serrage de vis du <a href=\"https:\/\/www.leparisien.fr\/international\/ukraine\/guerre-en-ukraine-volodymyr-zelensky-assure-que-la-russie-prepare-de-nouvelles-offensives-12-08-2025-MCNH5IDFBRFWLEKCTZHAIOXORM.php\" target=\"_self\" rel=\"nofollow noopener\">Kremlin<\/a> contre la libert\u00e9 d\u2019expression. Apr\u00e8s une premi\u00e8re loi \u00e9dict\u00e9e fin juillet par le pr\u00e9sident russe Vladimir Poutine pour <a href=\"https:\/\/www.leparisien.fr\/international\/guerre-en-ukraine-reseaux-sociaux-vpn-blogs-comment-fonctionne-la-contre-information-en-russie-15-03-2022-WX6M5JNUXVAG5GYKARFRLC2NMU.php\" target=\"_self\" rel=\"nofollow noopener\">limiter l\u2019usage des VPN et la consultation de contenus class\u00e9s \u00ab extr\u00e9mistes \u00bb<\/a>, freinant ainsi l\u2019acc\u00e8s \u00e0 YouTube, Instagram ou encore Facebook, Moscou s\u2019attaque ce mercredi \u00e0 deux autres r\u00e9seaux sociaux.<\/p>\n<p class=\"paragraph text_align_left lp-f-body-02\">Les autorit\u00e9s ont annonc\u00e9 restreindre les appels pass\u00e9s sur les messageries \u00e9trang\u00e8res <a href=\"https:\/\/www.leparisien.fr\/high-tech\/des-millions-de-comptes-bloques-lia-a-la-rescousse-comment-whatsapp-tente-de-lutter-contre-les-escroqueries-sur-sa-messagerie-05-08-2025-EFLMTXPGFNDE5PMSUAF4FQMGGU.php\" target=\"_self\" rel=\"nofollow noopener\">WhatsApp <\/a>et Telegram.<\/p>\n<p class=\"paragraph text_align_left lp-f-body-02\">Une mesure n\u00e9cessaire \u00ab pour lutter contre les criminels et l\u2019implication des citoyens russes dans des actes de sabotage et des activit\u00e9s terroristes \u00bb pour l\u2019autorit\u00e9 russe de surveillance des communications, selon un communiqu\u00e9 relay\u00e9 par l\u2019agence de presse \u00e9tatique Ria Novosti.<\/p>\n<p class=\"paragraph text_align_left lp-f-body-02\"><a href=\"https:\/\/www.leparisien.fr\/high-tech\/le-fondateur-de-telegram-pavel-durov-interroge-ce-lundi-par-les-juges-au-tribunal-de-paris-28-07-2025-TJWTCUEIXVGXRKAMSHIIS7TQFY.php\" target=\"_self\" rel=\"nofollow noopener\">Telegram<\/a> a d\u00e9j\u00e0 r\u00e9agi \u00e0 ces nouvelles mesures affirmant dans un communiqu\u00e9 \u00ab lutter activement contre l\u2019utilisation abusive de sa plate-forme \u00bb et supprimer \u00ab chaque jour des millions de contenus nuisibles \u00bb.<\/p>\n<p class=\"paragraph text_align_left lp-f-body-02\">De son c\u00f4t\u00e9, WhatsApp n\u2019a pas encore r\u00e9pondu, mais l\u2019entreprise am\u00e9ricaine, propri\u00e9t\u00e9 du <a href=\"https:\/\/www.leparisien.fr\/high-tech\/ia-meta-va-investir-des-centaines-de-milliards-de-dollars-supplementaires-pour-construire-une-superintelligence-14-07-2025-XF34XMRYJJEGXAQ3NST2AAMC4I.php\" target=\"_self\" rel=\"nofollow noopener\">groupe Meta<\/a>, \u00e9tait menac\u00e9e depuis plusieurs semaines de blocages par les parlementaires russes. En juillet, le d\u00e9put\u00e9 Anton Gorelkine avait exhort\u00e9 WhatsApp \u00e0 se pr\u00e9parer \u00ab \u00e0 quitter le march\u00e9 russe \u00bb, \u00e9voquant \u00ab une forte probabilit\u00e9 que l\u2019application soit prochainement ajout\u00e9e \u00e0 la liste des r\u00e9seaux sociaux venant des pays consid\u00e9r\u00e9s \u00ab inamicaux \u00bb par Moscou.<\/p>\n","protected":false},"excerpt":{"rendered":"Nouveau serrage de vis du Kremlin contre la libert\u00e9 d\u2019expression. Apr\u00e8s une premi\u00e8re loi \u00e9dict\u00e9e fin juillet par&hellip;\n","protected":false},"author":2,"featured_media":317467,"comment_status":"","ping_status":"","sticky":false,"template":"","format":"standard","meta":{"footnotes":""},"categories":[1591],"tags":[11,1887,14,12,1885,1886,132],"class_list":{"0":"post-317466","1":"post","2":"type-post","3":"status-publish","4":"format-standard","5":"has-post-thumbnail","7":"category-russie","8":"tag-actualites","9":"tag-federation-de-russie","10":"tag-international","11":"tag-news","12":"tag-russia","13":"tag-russian-federation","14":"tag-russie"},"share_on_mastodon":{"url":"https:\/\/pubeurope.com\/@fr\/115024327211833652","error":""},"_links":{"self":[{"href":"https:\/\/www.europesays.com\/fr\/wp-json\/wp\/v2\/posts\/317466","targetHints":{"allow":["GET"]}}],"collection":[{"href":"https:\/\/www.europesays.com\/fr\/wp-json\/wp\/v2\/posts"}],"about":[{"href":"https:\/\/www.europesays.com\/fr\/wp-json\/wp\/v2\/types\/post"}],"author":[{"embeddable":true,"href":"https:\/\/www.europesays.com\/fr\/wp-json\/wp\/v2\/users\/2"}],"replies":[{"embeddable":true,"href":"https:\/\/www.europesays.com\/fr\/wp-json\/wp\/v2\/comments?post=317466"}],"version-history":[{"count":0,"href":"https:\/\/www.europesays.com\/fr\/wp-json\/wp\/v2\/posts\/317466\/revisions"}],"wp:featuredmedia":[{"embeddable":true,"href":"https:\/\/www.europesays.com\/fr\/wp-json\/wp\/v2\/media\/317467"}],"wp:attachment":[{"href":"https:\/\/www.europesays.com\/fr\/wp-json\/wp\/v2\/media?parent=317466"}],"wp:term":[{"taxonomy":"category","embeddable":true,"href":"https:\/\/www.europesays.com\/fr\/wp-json\/wp\/v2\/categories?post=317466"},{"taxonomy":"post_tag","embeddable":true,"href":"https:\/\/www.europesays.com\/fr\/wp-json\/wp\/v2\/tags?post=317466"}],"curies":[{"name":"wp","href":"https:\/\/api.w.org\/{rel}","templated":true}]}}