{"id":317468,"date":"2025-08-14T00:38:22","date_gmt":"2025-08-14T00:38:22","guid":{"rendered":"https:\/\/www.europesays.com\/fr\/317468\/"},"modified":"2025-08-14T00:38:22","modified_gmt":"2025-08-14T00:38:22","slug":"guerre-en-ukraine-largument-nucleaire-brandit-par-macron-ne-favorise-pas-la-securite","status":"publish","type":"post","link":"https:\/\/www.europesays.com\/fr\/317468\/","title":{"rendered":"Guerre en Ukraine\u00a0: l&rsquo;argument nucl\u00e9aire brandit par Macron ne favorise pas la s\u00e9curit\u00e9"},"content":{"rendered":"<p>Alors que les \u00c9tats-Unis se d\u00e9tournent de l\u2019Ukraine et de l\u2019Europe, <a href=\"https:\/\/www.humanite.fr\/politique\/emmanuel-macron\/qui-peut-croire-que-la-russie-daujourdhui-sarretera-a-lukraine-ce-quil-fallait-retenir-de-lallocution-d\" target=\"_blank\" rel=\"noopener\">Emmanuel Macron a annonc\u00e9 mercredi soir<\/a> qu\u2019il a \u00ab\u00a0d\u00e9cid\u00e9 d\u2019ouvrir le d\u00e9bat strat\u00e9gique sur la protection par notre dissuasion (nucl\u00e9aire) de nos alli\u00e9s du continent europ\u00e9en\u00a0\u00bb. Le pr\u00e9sident dit avoir r\u00e9pondu \u00e0 \u00ab\u00a0l\u2019appel historique du futur chancelier allemand\u00a0\u00bb Friedrich Merz.<\/p>\n<p>\u00ab\u00a0En r\u00e9alit\u00e9, cela fait des ann\u00e9es que le chef d\u2019\u00c9tat tente d\u2019ouvrir ce d\u00e9bat. C\u2019\u00e9tait d\u00e9j\u00e0 le cas dans son discours de la Sorbonne en 2017, et dans celui de 2020 \u00e0 l\u2019\u00c9cole militaire. L\u2019\u00e9volution internationale lui offre une opportunit\u00e9 parfaite de le promouvoir \u00e0 nouveau\u00a0\u00bb, note Jean-Marie Collin, directeur d\u2019Ican France, qui d\u00e9fend l\u2019abolition des armes nucl\u00e9aires.<\/p>\n<p>Un outil d\u2019ins\u00e9curit\u00e9<\/p>\n<p>Le gouvernement fran\u00e7ais a pr\u00e9cis\u00e9 que Paris conserverait le contr\u00f4le total de son nucl\u00e9aire militaire. Il s\u2019agit donc de ne pas partager <a href=\"https:\/\/www.humanite.fr\/monde\/donald-trump\/cest-la-pire-chose-que-zelensky-pouvait-dire-apres-la-scene-dhumiliation-a-washington-donald-trump-suspend-les-aides-militaires-a-lukraine\" target=\"_blank\" rel=\"noopener\">cette arme avec l\u2019Europe<\/a>, mais d\u2019\u00e9tendre les territoires couverts par la France. \u00ab\u00a0Les pays europ\u00e9ens sans dissuasion nucl\u00e9aire \u00e9taient persuad\u00e9s qu\u2019ils \u00e9taient sous parapluie am\u00e9ricain. Ils ont compris que l\u2019assureur est d\u00e9faillant, voire un tra\u00eetre\u00a0\u00bb, mesure Guillaume Ancel, ancien lieutenant-colonel et sp\u00e9cialiste des questions de d\u00e9fense.<\/p>\n<p>\u00ab\u00a0Macron profite d\u2019un contexte politique anxiog\u00e8ne pour renforcer sa place dans le monde. Mais il ne faut pas oublier que l\u2019arme nucl\u00e9aire ne favorise pas la s\u00e9curit\u00e9\u00a0: elle favorise l\u2019ins\u00e9curit\u00e9\u00a0\u00bb, observe Patrice Bouveret, pr\u00e9sident de l\u2019Observatoire des armements.<\/p>\n<p>Quelle est d\u2019ailleurs la port\u00e9e effective de l\u2019annonce du pr\u00e9sident, prise comme une provocation et <a href=\"https:\/\/www.humanite.fr\/monde\/armes-nucleaires\/guerre-en-ukraine-comment-le-nucleaire-sest-invite-dans-lescalade\" target=\"_blank\" rel=\"noopener\">une \u00ab\u00a0menace\u00a0\u00bb par les Russes\u00a0?<\/a> \u00ab\u00a0La bombe nucl\u00e9aire ne prot\u00e8ge que des bombes nucl\u00e9aires. C\u2019est un outil de suicide collectif et c\u2019est pour  \u00e7a <\/p>\n","protected":false},"excerpt":{"rendered":"Alors que les \u00c9tats-Unis se d\u00e9tournent de l\u2019Ukraine et de l\u2019Europe, Emmanuel Macron a annonc\u00e9 mercredi soir qu\u2019il&hellip;\n","protected":false},"author":2,"featured_media":317469,"comment_status":"","ping_status":"","sticky":false,"template":"","format":"standard","meta":{"footnotes":""},"categories":[1590],"tags":[11,19120,44859,23417,1073,1777,674,131,12,132,220],"class_list":{"0":"post-317468","1":"post","2":"type-post","3":"status-publish","4":"format-standard","5":"has-post-thumbnail","7":"category-ukraine","8":"tag-actualites","9":"tag-armes-nuclu00e9aires","10":"tag-bombe-atomique","11":"tag-dissuasion-nuclu00e9aire","12":"tag-emmanuel-macron","13":"tag-eu","14":"tag-europe","15":"tag-guerre-en-ukraine","16":"tag-news","17":"tag-russie","18":"tag-ukraine"},"share_on_mastodon":{"url":"https:\/\/pubeurope.com\/@fr\/115024331009188027","error":""},"_links":{"self":[{"href":"https:\/\/www.europesays.com\/fr\/wp-json\/wp\/v2\/posts\/317468","targetHints":{"allow":["GET"]}}],"collection":[{"href":"https:\/\/www.europesays.com\/fr\/wp-json\/wp\/v2\/posts"}],"about":[{"href":"https:\/\/www.europesays.com\/fr\/wp-json\/wp\/v2\/types\/post"}],"author":[{"embeddable":true,"href":"https:\/\/www.europesays.com\/fr\/wp-json\/wp\/v2\/users\/2"}],"replies":[{"embeddable":true,"href":"https:\/\/www.europesays.com\/fr\/wp-json\/wp\/v2\/comments?post=317468"}],"version-history":[{"count":0,"href":"https:\/\/www.europesays.com\/fr\/wp-json\/wp\/v2\/posts\/317468\/revisions"}],"wp:featuredmedia":[{"embeddable":true,"href":"https:\/\/www.europesays.com\/fr\/wp-json\/wp\/v2\/media\/317469"}],"wp:attachment":[{"href":"https:\/\/www.europesays.com\/fr\/wp-json\/wp\/v2\/media?parent=317468"}],"wp:term":[{"taxonomy":"category","embeddable":true,"href":"https:\/\/www.europesays.com\/fr\/wp-json\/wp\/v2\/categories?post=317468"},{"taxonomy":"post_tag","embeddable":true,"href":"https:\/\/www.europesays.com\/fr\/wp-json\/wp\/v2\/tags?post=317468"}],"curies":[{"name":"wp","href":"https:\/\/api.w.org\/{rel}","templated":true}]}}