{"id":317470,"date":"2025-08-14T00:39:12","date_gmt":"2025-08-14T00:39:12","guid":{"rendered":"https:\/\/www.europesays.com\/fr\/317470\/"},"modified":"2025-08-14T00:39:12","modified_gmt":"2025-08-14T00:39:12","slug":"aide-internationale-la-justice-confirme-la-legalite-des-coupes-de-ladministration-trump","status":"publish","type":"post","link":"https:\/\/www.europesays.com\/fr\/317470\/","title":{"rendered":"Aide internationale | La justice confirme la l\u00e9galit\u00e9 des coupes de l\u2019administration Trump"},"content":{"rendered":"<p class=\"lead textModule textModule--type-lead \" style=\"\">(Washington) Une cour d\u2019appel f\u00e9d\u00e9rale de Washington a jug\u00e9 mercredi que le gouvernement de Donald Trump avait le droit de proc\u00e9der \u00e0 des coupes drastiques dans l\u2019aide internationale, revenant pour des raisons de proc\u00e9dure sur la d\u00e9cision ant\u00e9rieure d\u2019un tribunal. <\/p>\n<p>                    Publi\u00e9 \u00e0 16\u00a0h\u00a051<\/p>\n<p>    <a class=\"print\" href=\"https:\/\/www.lapresse.ca\/international\/etats-unis\/2025-08-13\/aide-internationale\/javascript:window.print();\" title=\"Imprimer la page\" rel=\"nofollow noopener\" target=\"_blank\"><\/p>\n<p>        <img loading=\"lazy\" decoding=\"async\" width=\"16\" height=\"18\" src=\"https:\/\/www.europesays.com\/fr\/wp-content\/uploads\/2025\/04\/share-icon.png\" alt=\"Partager\"\/><\/p>\n<p class=\"paragraph textModule textModule--type-paragraph \" style=\"\">Donald Trump avait gel\u00e9 des milliards de dollars de d\u00e9penses d\u2019aide internationale apr\u00e8s son retour en janvier \u00e0 la Maison-Blanche tout en mettant fin \u00e0 l\u2019Agence am\u00e9ricaine pour le d\u00e9veloppement international (USAID), une initiative \u00e0 l\u2019impact consid\u00e9rable sur les programmes humanitaires \u00e0 travers le monde.\u00a0\u00a0<\/p>\n<p class=\"paragraph textModule textModule--type-paragraph \" style=\"\">La d\u00e9cision de mercredi d\u2019une cour d\u2019appel de la capitale est venue infirmer le jugement rendu par un tribunal estimant que les aides financi\u00e8res allou\u00e9es par le Congr\u00e8s devaient \u00eatre r\u00e9tablies. <\/p>\n<p class=\"paragraph textModule textModule--type-paragraph \" style=\"\">Selon la juridiction d\u2019appel, le premier tribunal aurait d\u00fb rejeter la requ\u00eate car \u00ab\u00a0les plaignants n\u2019avaient pas d\u2019int\u00e9r\u00eat \u00e0 agir\u00a0\u00bb, c\u2019est-\u00e0-dire qu\u2019ils ne disposaient pas de pr\u00e9judice dont ils pouvaient se pr\u00e9valoir. <\/p>\n<p class=\"paragraph textModule textModule--type-paragraph \" style=\"\">Plus importante agence humanitaire au niveau mondial, USAID \u00e9tait impliqu\u00e9e dans des programmes de sant\u00e9 et d\u2019aide d\u2019urgence dans environ 120\u00a0pays. <\/p>\n<p class=\"paragraph textModule textModule--type-paragraph \" style=\"\">En juillet, une \u00e9tude internationale avait r\u00e9v\u00e9l\u00e9 que l\u2019effondrement des financements am\u00e9ricains d\u00e9di\u00e9s \u00e0 l\u2019aide internationale pourrait entra\u00eener plus de 14\u00a0millions de morts suppl\u00e9mentaires d\u2019ici 2030 parmi les plus vuln\u00e9rables, dont un tiers d\u2019enfants. <\/p>\n","protected":false},"excerpt":{"rendered":"(Washington) Une cour d\u2019appel f\u00e9d\u00e9rale de Washington a jug\u00e9 mercredi que le gouvernement de Donald Trump avait le&hellip;\n","protected":false},"author":2,"featured_media":317471,"comment_status":"","ping_status":"","sticky":false,"template":"","format":"standard","meta":{"footnotes":""},"categories":[1589],"tags":[11,73,1866,12,1864,1865,1863,308],"class_list":{"0":"post-317470","1":"post","2":"type-post","3":"status-publish","4":"format-standard","5":"has-post-thumbnail","7":"category-etats-unis","8":"tag-actualites","9":"tag-etats-unis","10":"tag-etats-unis-damerique","11":"tag-news","12":"tag-united-states","13":"tag-united-states-of-america","14":"tag-us","15":"tag-usa"},"share_on_mastodon":{"url":"https:\/\/pubeurope.com\/@fr\/115024335829454607","error":""},"_links":{"self":[{"href":"https:\/\/www.europesays.com\/fr\/wp-json\/wp\/v2\/posts\/317470","targetHints":{"allow":["GET"]}}],"collection":[{"href":"https:\/\/www.europesays.com\/fr\/wp-json\/wp\/v2\/posts"}],"about":[{"href":"https:\/\/www.europesays.com\/fr\/wp-json\/wp\/v2\/types\/post"}],"author":[{"embeddable":true,"href":"https:\/\/www.europesays.com\/fr\/wp-json\/wp\/v2\/users\/2"}],"replies":[{"embeddable":true,"href":"https:\/\/www.europesays.com\/fr\/wp-json\/wp\/v2\/comments?post=317470"}],"version-history":[{"count":0,"href":"https:\/\/www.europesays.com\/fr\/wp-json\/wp\/v2\/posts\/317470\/revisions"}],"wp:featuredmedia":[{"embeddable":true,"href":"https:\/\/www.europesays.com\/fr\/wp-json\/wp\/v2\/media\/317471"}],"wp:attachment":[{"href":"https:\/\/www.europesays.com\/fr\/wp-json\/wp\/v2\/media?parent=317470"}],"wp:term":[{"taxonomy":"category","embeddable":true,"href":"https:\/\/www.europesays.com\/fr\/wp-json\/wp\/v2\/categories?post=317470"},{"taxonomy":"post_tag","embeddable":true,"href":"https:\/\/www.europesays.com\/fr\/wp-json\/wp\/v2\/tags?post=317470"}],"curies":[{"name":"wp","href":"https:\/\/api.w.org\/{rel}","templated":true}]}}