{"id":317474,"date":"2025-08-14T00:41:11","date_gmt":"2025-08-14T00:41:11","guid":{"rendered":"https:\/\/www.europesays.com\/fr\/317474\/"},"modified":"2025-08-14T00:41:11","modified_gmt":"2025-08-14T00:41:11","slug":"cent-jours-apres-son-arrivee-au-pouvoir-friedrich-merz-na-rien-a-feter","status":"publish","type":"post","link":"https:\/\/www.europesays.com\/fr\/317474\/","title":{"rendered":"Cent jours apr\u00e8s son arriv\u00e9e au pouvoir, Friedrich Merz n\u2019a \u201crien \u00e0 f\u00eater\u201d"},"content":{"rendered":"\n<p>C\u2019est un Friedrich Merz bien seul \u00e0 sa propre f\u00eate d\u2019anniversaire qui s\u2019affiche en une de la <strong>Frankfurter Rundschau<\/strong> de ce mercredi 13\u00a0ao\u00fbt. \u201cRien \u00e0 f\u00eater\u201d, peut-on lire en premi\u00e8re page du quotidien sous un chancelier l\u2019air d\u00e9pit\u00e9, coupe de champagne \u00e0 la main, assis sous une banderole, orn\u00e9 de ballons noir et rouge \u2013 couleur des partis de la coalition, la CDU\/CSU et le SPD \u2013 o\u00f9 il est inscrit \u201c100\u00a0jours\u201d.<\/p>\n<p><a class=\"ithalc\" data-ithal=\"lien_externe\" data-ithalc=\"[nav_article]\" target=\"_blank\" href=\"https:\/\/www.fr.de\/politik\/kanzler-hundert-tage-schwarz-rote-koalition-im-bund-wie-macht-sich-der-93880095.html\" rel=\"noopener\">Dans ses pages<\/a>, le titre de tendance sociale-lib\u00e9rale dresse un bilan mitig\u00e9 du d\u00e9but du mandat du dirigeant conservateur, qui s\u2019est alli\u00e9 avec les sociaux-d\u00e9mocrates pour gouverner. \u201cLe gouvernement Merz a d\u00e9j\u00e0 d\u00fb affronter plusieurs crises politiques nationales plus ou moins graves, en partie dues au caract\u00e8re impulsif du chancelier \u2013 et \u00e0 son absence \u00e9vidente d\u2019empathie\u201d, analyse la cheffe du service politique du quotidien, Christine Dankbar.<\/p>\n<p>Parmi ces crises, <a href=\"https:\/\/www.courrierinternational.com\/article\/allemagne-le-conservateur-friedrich-merz-accede-a-la-chancellerie-apres-une-matinee-noire_230635\" target=\"_blank\" rel=\"noopener\">tout commence par la \u201cmatin\u00e9e noire\u201d du 6\u00a0mai<\/a> qui a vu <a href=\"https:\/\/www.courrierinternational.com\/article\/allemagne-merkel-est-encore-la-l-ex-chanceliere-recadre-son-parti-sur-sa-politique-migratoire_232944\" target=\"_blank\" rel=\"noopener\">l\u2019ancien rival d\u2019Angela Merkel<\/a> devoir subir deux votes au Bundestag avant d\u2019\u00eatre officiellement \u00e9lu chancelier \u2013 un affront et une situation rarissime dans l\u2019histoire politique allemande.<\/p>\n<p>                    \u201cSeuls 32\u00a0% des Allemands approuvent son travail\u201d       <\/p>\n<p>Viendront ensuite plusieurs autres convulsions du gouvernement Merz tel que le vote, au forceps, d\u2019<a href=\"https:\/\/www.courrierinternational.com\/article\/budget-dettes-d-une-ampleur-historique-en-allemagne-le-gouvernement-merz-depense-a-tout-va_232392\" target=\"_blank\" rel=\"noopener\">un budget XXL au d\u00e9triment de la traditionnelle rigueur budg\u00e9taire<\/a> de Berlin, une pol\u00e9mique <a href=\"https:\/\/www.courrierinternational.com\/article\/justice-en-allemagne-polemique-autour-d-une-juriste-pressentie-pour-la-cour-constitutionnelle_233221\" target=\"_blank\" rel=\"noopener\">sur l\u2019\u00e9lection d\u2019une juge \u00e0 la Cour constitutionnelle<\/a> ou, derni\u00e8rement, l\u2019annonce, par Friedrich Merz, d\u2019un embargo partiel sur les exportations d\u2019armes \u00e0 Isra\u00ebl, <a href=\"https:\/\/www.courrierinternational.com\/article\/allemagne-apres-l-embargo-partiel-des-livraisons-d-armes-a-israel-friedrich-merz-face-a-la-colere-de-son-camp_233860\" target=\"_blank\" rel=\"noopener\">qui a provoqu\u00e9 la fureur de son propre camp<\/a>.<\/p>\n<p>Quant \u00e0 la popularit\u00e9 du patron de la CDU, elle n\u2019est pas non plus au beau fixe rappelle le titre <a class=\"ithalc\" data-ithal=\"lien_externe\" data-ithalc=\"[nav_article]\" target=\"_blank\" href=\"https:\/\/www.fr.de\/politik\/100-tage-merz-regierung-migration-rente-und-mehr-eine-bilanz-zr-93880491.html\" rel=\"noopener\">dans un autre article<\/a>. \u201cD\u2019apr\u00e8s la derni\u00e8re enqu\u00eate de [la cha\u00eene publique] ARD, la cote de popularit\u00e9 de Merz est en chute libre. Seuls 32\u00a0% des Allemands approuvent son travail, et 65\u00a0% se disent insatisfaits des actions du chancelier, selon l\u2019institut Infratest Dimap.\u201d<\/p>\n<p>\u201cC\u2019est comme si Merz n\u2019avait pas encore v\u00e9ritablement r\u00e9ussi \u00e0 prendre ses marques \u00e0 la chancellerie \u2013 un constat confirm\u00e9 par les sondages\u201d, estime Christine Dankbar <a class=\"ithalc\" data-ithal=\"lien_externe\" data-ithalc=\"[nav_article]\" target=\"_blank\" href=\"https:\/\/www.fr.de\/meinung\/kommentare\/einer-der-noch-lehrgeld-zahlt-friedrich-merz-und-sein-schwieriger-start-als-kanzler-93880133.html\" rel=\"noopener\">dans un article de commentaire<\/a>.<\/p>\n","protected":false},"excerpt":{"rendered":"C\u2019est un Friedrich Merz bien seul \u00e0 sa propre f\u00eate d\u2019anniversaire qui s\u2019affiche en une de la Frankfurter&hellip;\n","protected":false},"author":2,"featured_media":317475,"comment_status":"","ping_status":"","sticky":false,"template":"","format":"standard","meta":{"footnotes":""},"categories":[1587],"tags":[11,672,1804,1805,1803,1777,674,4710,1801,12,316,1802,22336],"class_list":{"0":"post-317474","1":"post","2":"type-post","3":"status-publish","4":"format-standard","5":"has-post-thumbnail","7":"category-allemagne","8":"tag-actualites","9":"tag-allemagne","10":"tag-bundesrepublik-deutschland","11":"tag-de","12":"tag-deutschland","13":"tag-eu","14":"tag-europe","15":"tag-friedrich-merz","16":"tag-germany","17":"tag-news","18":"tag-politique","19":"tag-republique-federale-dallemagne","20":"tag-une-du-jour"},"share_on_mastodon":{"url":"https:\/\/pubeurope.com\/@fr\/115024342868667494","error":""},"_links":{"self":[{"href":"https:\/\/www.europesays.com\/fr\/wp-json\/wp\/v2\/posts\/317474","targetHints":{"allow":["GET"]}}],"collection":[{"href":"https:\/\/www.europesays.com\/fr\/wp-json\/wp\/v2\/posts"}],"about":[{"href":"https:\/\/www.europesays.com\/fr\/wp-json\/wp\/v2\/types\/post"}],"author":[{"embeddable":true,"href":"https:\/\/www.europesays.com\/fr\/wp-json\/wp\/v2\/users\/2"}],"replies":[{"embeddable":true,"href":"https:\/\/www.europesays.com\/fr\/wp-json\/wp\/v2\/comments?post=317474"}],"version-history":[{"count":0,"href":"https:\/\/www.europesays.com\/fr\/wp-json\/wp\/v2\/posts\/317474\/revisions"}],"wp:featuredmedia":[{"embeddable":true,"href":"https:\/\/www.europesays.com\/fr\/wp-json\/wp\/v2\/media\/317475"}],"wp:attachment":[{"href":"https:\/\/www.europesays.com\/fr\/wp-json\/wp\/v2\/media?parent=317474"}],"wp:term":[{"taxonomy":"category","embeddable":true,"href":"https:\/\/www.europesays.com\/fr\/wp-json\/wp\/v2\/categories?post=317474"},{"taxonomy":"post_tag","embeddable":true,"href":"https:\/\/www.europesays.com\/fr\/wp-json\/wp\/v2\/tags?post=317474"}],"curies":[{"name":"wp","href":"https:\/\/api.w.org\/{rel}","templated":true}]}}