{"id":317478,"date":"2025-08-14T00:43:13","date_gmt":"2025-08-14T00:43:13","guid":{"rendered":"https:\/\/www.europesays.com\/fr\/317478\/"},"modified":"2025-08-14T00:43:13","modified_gmt":"2025-08-14T00:43:13","slug":"prix-du-lait-15-en-europe-6-en-france","status":"publish","type":"post","link":"https:\/\/www.europesays.com\/fr\/317478\/","title":{"rendered":"prix du lait : +15 % en Europe, + 6 % en France"},"content":{"rendered":"<p><strong>Entre juin 2024 et juin 2025, selon la Commission agricole de l\u2019Union europ\u00e9enne, le prix du lait a augment\u00e9 en moyenne de 15 % sur le Vieux Continent. En Su\u00e8de, la hausse culmine \u00e0 30 % et plafonne \u00e0 6 % en France !<\/strong><\/p>\n<p><img loading=\"lazy\" decoding=\"async\" class=\"lazy lazy-hidden alignnone size-medium wp-image-29591\" data-lazy-type=\"image\" src=\"https:\/\/www.europesays.com\/fr\/wp-content\/uploads\/2025\/08\/DSC_0194-300x199.jpg\" alt=\"\" width=\"300\" height=\"199\"  \/><\/p>\n<p>Comme chaque mois, les autorit\u00e9s europ\u00e9ennes publient le prix du lait dans l\u2019Union. En juin, celui-ci a recul\u00e9 de 0,2 % par rapport \u00e0 mai. Les producteurs laitiers ont \u00e9t\u00e9 r\u00e9mun\u00e9r\u00e9s en moyenne 52,90 \u20ac\/100 kg, contre 53,01 \u20ac en f\u00e9vrier 2025. Pour avril, Bruxelles pr\u00e9voit un l\u00e9ger rebond \u00e0 53,40 \u20ac\/100 kg.<\/p>\n<p>Les producteurs les mieux r\u00e9mun\u00e9r\u00e9s en mars sont les Chypriotes (65,70 \u20ac) et les Maltais (61,58 \u20ac). Sur le continent, les prix les plus \u00e9lev\u00e9s sont observ\u00e9s en Su\u00e8de (56,71 \u20ac) et au Danemark (55,90 \u20ac). Les producteurs fran\u00e7ais, eux, ont per\u00e7u 48,90 \u20ac\/100 kg, contre 51,76 \u20ac pour les Irlandais et 53,86 \u20ac pour les Allemands.<\/p>\n<p><strong>Baisse en Espagne<\/strong><\/p>\n<p>Les prix sont nettement plus \u00e9lev\u00e9s en 2025 qu\u2019en 2024 : l\u2019an dernier, la moyenne europ\u00e9enne ne d\u00e9passait pas 46,12 \u20ac\/100 kg. Toutefois, tous les producteurs ne b\u00e9n\u00e9ficient pas de la m\u00eame embellie. En un an, la r\u00e9mun\u00e9ration a bondi de 34 % en Lituanie, 30 % en Su\u00e8de, 16 % en Irlande et 19 % au Danemark. En France, la progression reste plus modeste, avec une hausse de 6 %. Seuls l\u2019Espagne, le Portugal, la Croatie, la Roumanie ou Malte font moins bien en terme de progression.<\/p>\n<p><strong>Erwan Le Duc<\/strong><\/p>\n","protected":false},"excerpt":{"rendered":"Entre juin 2024 et juin 2025, selon la Commission agricole de l\u2019Union europ\u00e9enne, le prix du lait a&hellip;\n","protected":false},"author":2,"featured_media":317479,"comment_status":"","ping_status":"","sticky":false,"template":"","format":"standard","meta":{"footnotes":""},"categories":[1586],"tags":[11,1777,674,1779,1011,27,12,45593,25,1778,364],"class_list":{"0":"post-317478","1":"post","2":"type-post","3":"status-publish","4":"format-standard","5":"has-post-thumbnail","7":"category-europe","8":"tag-actualites","9":"tag-eu","10":"tag-europe","11":"tag-european-union","12":"tag-fr","13":"tag-france","14":"tag-news","15":"tag-prix-du-lait","16":"tag-republique-francaise","17":"tag-ue","18":"tag-union-europeenne"},"share_on_mastodon":{"url":"https:\/\/pubeurope.com\/@fr\/115024350722144954","error":""},"_links":{"self":[{"href":"https:\/\/www.europesays.com\/fr\/wp-json\/wp\/v2\/posts\/317478","targetHints":{"allow":["GET"]}}],"collection":[{"href":"https:\/\/www.europesays.com\/fr\/wp-json\/wp\/v2\/posts"}],"about":[{"href":"https:\/\/www.europesays.com\/fr\/wp-json\/wp\/v2\/types\/post"}],"author":[{"embeddable":true,"href":"https:\/\/www.europesays.com\/fr\/wp-json\/wp\/v2\/users\/2"}],"replies":[{"embeddable":true,"href":"https:\/\/www.europesays.com\/fr\/wp-json\/wp\/v2\/comments?post=317478"}],"version-history":[{"count":0,"href":"https:\/\/www.europesays.com\/fr\/wp-json\/wp\/v2\/posts\/317478\/revisions"}],"wp:featuredmedia":[{"embeddable":true,"href":"https:\/\/www.europesays.com\/fr\/wp-json\/wp\/v2\/media\/317479"}],"wp:attachment":[{"href":"https:\/\/www.europesays.com\/fr\/wp-json\/wp\/v2\/media?parent=317478"}],"wp:term":[{"taxonomy":"category","embeddable":true,"href":"https:\/\/www.europesays.com\/fr\/wp-json\/wp\/v2\/categories?post=317478"},{"taxonomy":"post_tag","embeddable":true,"href":"https:\/\/www.europesays.com\/fr\/wp-json\/wp\/v2\/tags?post=317478"}],"curies":[{"name":"wp","href":"https:\/\/api.w.org\/{rel}","templated":true}]}}