{"id":31749,"date":"2025-04-17T13:22:20","date_gmt":"2025-04-17T13:22:20","guid":{"rendered":"https:\/\/www.europesays.com\/fr\/31749\/"},"modified":"2025-04-17T13:22:20","modified_gmt":"2025-04-17T13:22:20","slug":"saint-etienne-encore-une-conduite-sans-permis-lautomobiliste-de-22-ans-finit-au-poste","status":"publish","type":"post","link":"https:\/\/www.europesays.com\/fr\/31749\/","title":{"rendered":"Saint-\u00c9tienne. Encore une conduite sans permis, l\u2019automobiliste de 22 ans finit au poste"},"content":{"rendered":"<p>Les conduites sans permis, \u00ab\u00a0une recrudescence surprenante et inqui\u00e9tante\u00a0\u00bb nous confiait un fonctionnaire de police il y a quelques semaines. Nouvel exemple cette semaine, avec ce jeune homme de 22 ans qui a fini en garde \u00e0 vue pour ce d\u00e9lit.<\/p>\n<p>C\u2019\u00e9tait mardi, aux alentours de 15 heures, dans le quartier de Centre Deux. Sur un banal contr\u00f4le de la Section d\u2019intervention, l\u2019automobiliste n\u2019a pu pr\u00e9senter son permis de conduire. Et pour cause, il \u00e9tait suspendu depuis plusieurs semaines.<\/p>\n<p>  Un d\u00e9lit passible de deux ans de prison<\/p>\n<p>\u00ab\u00a0Cela ne l\u2019a malheureusement pas emp\u00each\u00e9 de continuer \u00e0 prendre le volant\u00a0\u00bb, soupire ce policier qui nous relate les faits.<\/p>\n<p>Le jeune homme a fini en garde \u00e0 vue, dans un premier temps. Il sera convoqu\u00e9 devant le tribunal judiciaire dans un second temps. L\u2019occasion de rappeler que ce d\u00e9lit est passible de deux ans de prison et de 4\u00a0500\u00a0euros d\u2019amende.<\/p>\n","protected":false},"excerpt":{"rendered":"Les conduites sans permis, \u00ab\u00a0une recrudescence surprenante et inqui\u00e9tante\u00a0\u00bb nous confiait un fonctionnaire de police il y a&hellip;\n","protected":false},"author":2,"featured_media":31750,"comment_status":"","ping_status":"","sticky":false,"template":"","format":"standard","meta":{"footnotes":""},"categories":[9653],"tags":[1111,11,2430,271,272,7539,1777,674,274,107,1011,27,3367,12,25,4001,7538],"class_list":{"0":"post-31749","1":"post","2":"type-post","3":"status-publish","4":"format-standard","5":"has-post-thumbnail","7":"category-saint-etienne","8":"tag-actu","9":"tag-actualites","10":"tag-auvergne-rhone-alpes","11":"tag-crime","12":"tag-delit-et-contravention","13":"tag-edition-loire-sud","14":"tag-eu","15":"tag-europe","16":"tag-faits-divers-justice","17":"tag-fil-info","18":"tag-fr","19":"tag-france","20":"tag-loire","21":"tag-news","22":"tag-republique-francaise","23":"tag-saint-etienne","24":"tag-saint-etienne-ville"},"share_on_mastodon":{"url":"https:\/\/pubeurope.com\/@fr\/114353520262105110","error":""},"_links":{"self":[{"href":"https:\/\/www.europesays.com\/fr\/wp-json\/wp\/v2\/posts\/31749","targetHints":{"allow":["GET"]}}],"collection":[{"href":"https:\/\/www.europesays.com\/fr\/wp-json\/wp\/v2\/posts"}],"about":[{"href":"https:\/\/www.europesays.com\/fr\/wp-json\/wp\/v2\/types\/post"}],"author":[{"embeddable":true,"href":"https:\/\/www.europesays.com\/fr\/wp-json\/wp\/v2\/users\/2"}],"replies":[{"embeddable":true,"href":"https:\/\/www.europesays.com\/fr\/wp-json\/wp\/v2\/comments?post=31749"}],"version-history":[{"count":0,"href":"https:\/\/www.europesays.com\/fr\/wp-json\/wp\/v2\/posts\/31749\/revisions"}],"wp:featuredmedia":[{"embeddable":true,"href":"https:\/\/www.europesays.com\/fr\/wp-json\/wp\/v2\/media\/31750"}],"wp:attachment":[{"href":"https:\/\/www.europesays.com\/fr\/wp-json\/wp\/v2\/media?parent=31749"}],"wp:term":[{"taxonomy":"category","embeddable":true,"href":"https:\/\/www.europesays.com\/fr\/wp-json\/wp\/v2\/categories?post=31749"},{"taxonomy":"post_tag","embeddable":true,"href":"https:\/\/www.europesays.com\/fr\/wp-json\/wp\/v2\/tags?post=31749"}],"curies":[{"name":"wp","href":"https:\/\/api.w.org\/{rel}","templated":true}]}}