{"id":317491,"date":"2025-08-14T00:53:11","date_gmt":"2025-08-14T00:53:11","guid":{"rendered":"https:\/\/www.europesays.com\/fr\/317491\/"},"modified":"2025-08-14T00:53:11","modified_gmt":"2025-08-14T00:53:11","slug":"les-rumeurs-de-retour-spectaculaire-de-christian-horner-en-f1-sintensifient-alors-que-la-fia-devoile-des-changements-choquants-pour-2026","status":"publish","type":"post","link":"https:\/\/www.europesays.com\/fr\/317491\/","title":{"rendered":"Les rumeurs de retour spectaculaire de Christian Horner en F1 s&rsquo;intensifient alors que la FIA d\u00e9voile des changements choquants pour 2026 !"},"content":{"rendered":"<p>Le potentiel retour de Christian Horner en F1 suscite l\u2019excitation au milieu des grands changements de 2026 !<\/p>\n<p>Dans un tournant de destin surprenant, l\u2019ancien directeur de l\u2019\u00e9quipe Red Bull, Christian Horner, est pressenti pour un retour sensationnel en Formule 1, avec l\u2019ancien pilote Robert Doornbos \u00e0 la t\u00eate de la charge pour son retour dans le sport en tant qu\u2019actionnaire. Cet appui survient juste apr\u00e8s l\u2019annonce choc de Red Bull il y a un mois, confirmant la fin du r\u00e8gne illustre de 20 ans de Horner \u00e0 la t\u00eate de l\u2019\u00e9quipe.<\/p>\n<p>Mais ce n\u2019est pas tout ! Alors que le monde du sport automobile se pr\u00e9pare \u00e0 la refonte dramatique des r\u00e8glements de F1 en 2026, la FIA a d\u00e9voil\u00e9 des informations \u00e9poustouflantes sur les changements de performance \u00e0 venir. Selon Nikolas Tombazis, le directeur des monoplaces de la FIA, la nouvelle g\u00e9n\u00e9ration de voitures de F1 devrait \u00eatre entre une et deux secondes et demie plus lente par tour. Ce changement sismique est cens\u00e9 remodeler le paysage comp\u00e9titif de la Formule 1, annon\u00e7ant une nouvelle \u00e8re pleine d\u2019incertitude et d\u2019excitation.<\/p>\n<p>Les perspectives de Red Bull pour la saison 2026 ont subi un coup significatif, l\u2019ancien pilote de F1 Johnny Herbert mettant en doute la capacit\u00e9 de l\u2019\u00e9quipe \u00e0 retrouver sa domination pass\u00e9e sous les nouvelles r\u00e9glementations techniques. Les changements \u00e0 venir concernant les r\u00e8gles a\u00e9rodynamiques et des unit\u00e9s de puissance pourraient signifier un d\u00e9sastre pour les \u00e9quipes actuellement en t\u00eate, entra\u00eenant un bouleversement potentiel dans la hi\u00e9rarchie de la F1.<\/p>\n<p>Au milieu de cette turbulence, George Russell a r\u00e9v\u00e9l\u00e9 ses motivations personnelles lors des n\u00e9gociations en cours avec Mercedes. Le pilote britannique a soulign\u00e9 que son objectif principal est de d\u00e9crocher des victoires plut\u00f4t que de se concentrer sur des incitations financi\u00e8res. Ses discussions contractuelles \u00ab\u00a0uniques\u00a0\u00bb ont \u00e9t\u00e9 encore compliqu\u00e9es par l\u2019int\u00e9r\u00eat manifest\u00e9 par le patron de Mercedes, Toto Wolff, pour le pilote star Max Verstappen.<\/p>\n<p>Parall\u00e8lement, Charles Leclerc de Ferrari souligne le besoin critique de stabilit\u00e9 au sein de la Scuderia dans leur qu\u00eate de gloire au championnat. Leclerc a fait remarquer que la r\u00e9cente prolongation de contrat de plusieurs ann\u00e9es pour le directeur d\u2019\u00e9quipe Fred Vasseur est un facteur \u00ab\u00a0tr\u00e8s important\u00a0\u00bb pour \u00e9tablir une base solide pour le succ\u00e8s futur.<\/p>\n<p>Ajoutant au drame, l\u2019ancien pr\u00e9sentateur de Top Gear, Chris Harris, a pris la d\u00e9fense de Max Verstappen, affirmant qu\u2019il n\u2019h\u00e9siterait pas \u00e0 critiquer le pilote n\u00e9erlandais s\u2019il \u00e9tait vraiment difficile \u00e0 travailler. Leur r\u00e9cente collaboration dans une vid\u00e9o mettant en vedette la nouvelle Ford Mustang GTD a montr\u00e9 Verstappen sous un jour plus personnel, dissipant les rumeurs selon lesquelles il serait inaccessible.<\/p>\n<p>Alors que la pause estivale de la F1 se poursuit, les enjeux n\u2019ont jamais \u00e9t\u00e9 aussi \u00e9lev\u00e9s ! Rejoignez les experts de RacingNews365 alors qu\u2019ils analysent les 14 premi\u00e8res manches de la saison, r\u00e9fl\u00e9chissent aux changements pr\u00e9coces de pilotes chez Red Bull et abordent les appels controvers\u00e9s de Bernie Ecclestone demandant \u00e0 Lewis Hamilton de se retirer du sport. Le drame est loin d\u2019\u00eatre termin\u00e9, et les fans attendent avec impatience de voir comment ces d\u00e9veloppements vont se d\u00e9rouler dans le monde \u00e0 haute octane de la Formule 1 !<\/p>\n","protected":false},"excerpt":{"rendered":"Le potentiel retour de Christian Horner en F1 suscite l\u2019excitation au milieu des grands changements de 2026 !&hellip;\n","protected":false},"author":2,"featured_media":317492,"comment_status":"","ping_status":"","sticky":false,"template":"","format":"standard","meta":{"footnotes":""},"categories":[1412],"tags":[45595,45596,3380,1451,1452,1453,1454,1455,1011,27,29754,45597,44486,45598,60],"class_list":{"0":"post-317491","1":"post","2":"type-post","3":"status-publish","4":"format-standard","5":"has-post-thumbnail","7":"category-f1","8":"tag-2023-formula-1-season","9":"tag-amato-ferrari","10":"tag-christian-horner","11":"tag-f1","12":"tag-formula-1","13":"tag-formula1","14":"tag-formule-1","15":"tag-formule1","16":"tag-fr","17":"tag-france","18":"tag-george-russells","19":"tag-jamarr-chases-mercedes-maybach","20":"tag-new-york-red-bulls","21":"tag-robert-doornbos","22":"tag-sports"},"share_on_mastodon":{"url":"https:\/\/pubeurope.com\/@fr\/115024390118859543","error":""},"_links":{"self":[{"href":"https:\/\/www.europesays.com\/fr\/wp-json\/wp\/v2\/posts\/317491","targetHints":{"allow":["GET"]}}],"collection":[{"href":"https:\/\/www.europesays.com\/fr\/wp-json\/wp\/v2\/posts"}],"about":[{"href":"https:\/\/www.europesays.com\/fr\/wp-json\/wp\/v2\/types\/post"}],"author":[{"embeddable":true,"href":"https:\/\/www.europesays.com\/fr\/wp-json\/wp\/v2\/users\/2"}],"replies":[{"embeddable":true,"href":"https:\/\/www.europesays.com\/fr\/wp-json\/wp\/v2\/comments?post=317491"}],"version-history":[{"count":0,"href":"https:\/\/www.europesays.com\/fr\/wp-json\/wp\/v2\/posts\/317491\/revisions"}],"wp:featuredmedia":[{"embeddable":true,"href":"https:\/\/www.europesays.com\/fr\/wp-json\/wp\/v2\/media\/317492"}],"wp:attachment":[{"href":"https:\/\/www.europesays.com\/fr\/wp-json\/wp\/v2\/media?parent=317491"}],"wp:term":[{"taxonomy":"category","embeddable":true,"href":"https:\/\/www.europesays.com\/fr\/wp-json\/wp\/v2\/categories?post=317491"},{"taxonomy":"post_tag","embeddable":true,"href":"https:\/\/www.europesays.com\/fr\/wp-json\/wp\/v2\/tags?post=317491"}],"curies":[{"name":"wp","href":"https:\/\/api.w.org\/{rel}","templated":true}]}}