{"id":317493,"date":"2025-08-14T00:54:25","date_gmt":"2025-08-14T00:54:25","guid":{"rendered":"https:\/\/www.europesays.com\/fr\/317493\/"},"modified":"2025-08-14T00:54:25","modified_gmt":"2025-08-14T00:54:25","slug":"laero-prochaine-grande-tendance-en-competition-xc-marathon-%e2%8b%86-vojo","status":"publish","type":"post","link":"https:\/\/www.europesays.com\/fr\/317493\/","title":{"rendered":"L&rsquo;a\u00e9ro, prochaine grande tendance en comp\u00e9tition XC marathon ? \u22c6 Vojo"},"content":{"rendered":"<p>La Leadville 100 est une des courses, si pas LA course marathon la plus relev\u00e9e et r\u00e9put\u00e9e aux USA. Avec son parcours roulant mais cassant, elle est un laboratoire d\u2019essai int\u00e9ressant pour des v\u00e9los hybrides et, depuis quelques ann\u00e9es, pour la recherche d\u2019a\u00e9rodynamisme en VTT. Est-ce une particularit\u00e9 isol\u00e9e ou le d\u00e9but d\u2019une tendance de fond vou\u00e9e \u00e0 se d\u00e9velopper ? Vojo vous explique !<\/p>\n<p><img fetchpriority=\"high\" decoding=\"async\" class=\"alignnone size-full wp-image-371855\" src=\"https:\/\/www.europesays.com\/fr\/wp-content\/uploads\/2025\/08\/Leadville-100-MTB-2024-76-2000x1200-1.jpg\" alt=\"\" width=\"2000\" height=\"1200\"  \/>Commen\u00e7ons par une mise en contexte : la Leadville 100 est une course VTT longue distance qui se d\u00e9roule chaque ann\u00e9e depuis 1994 dans le Colorado. Avec ses 100 miles, ou 160 km, elle est devenue un mythe, d\u2019autant qu\u2019elle se d\u00e9roule en altitude, entre 2800 et quasiment 4000 m, pour un d\u00e9nivel\u00e9 positif total de plus de 3000 m.<\/p>\n<p><img loading=\"lazy\" decoding=\"async\" class=\"alignnone size-full wp-image-371858\" src=\"https:\/\/www.europesays.com\/fr\/wp-content\/uploads\/2025\/08\/Leadville-100-MTB-2024-154-copie.jpg\" alt=\"\" width=\"2000\" height=\"1333\"  \/>Son parcours est aussi assez particulier, puisqu\u2019il est \u00e0 la fois rapide, roulant et technique. Le gravel n\u2019est donc pas une option et la grande majorit\u00e9 des top pilotes roulent en tout-suspendu. Par contre, depuis quelques ann\u00e9es, on assiste \u00e0 une v\u00e9ritable recherche d\u2019a\u00e9rodynamisme. Elle s\u2019exprime \u00e0 diff\u00e9rents niveaux, que nous allons d\u00e9tailler.<\/p>\n<p>Cintre gravel\/route sur un VTT : et pourquoi pas ?<\/p>\n<p><img loading=\"lazy\" decoding=\"async\" class=\"size-full wp-image-371870\" src=\"https:\/\/www.europesays.com\/fr\/wp-content\/uploads\/2025\/08\/Swenson-Santa-Cruz-RockShox-Sid-SL-Aero-Blackbox.jpg\" alt=\"\" width=\"1890\" height=\"1208\"  \/><\/p>\n<p>Le premier accessoire sur lequel les pilotes ont travaill\u00e9, c\u2019est le cintre. Avec des d\u00e9railleurs m\u00e9caniques et \u00e0 l\u2019\u00e9poque des freins sur jantes, ce genre de montage \u00e9tait plus complexe car le tirage de c\u00e2ble des d\u00e9railleurs et des freins \u00e9tait diff\u00e9rent en route et en VTT. Avec l\u2019arriv\u00e9e des d\u00e9railleurs \u00e9lectroniques sans fil et des freins \u00e0 disques, compatibles route et VTT tant chez Sram que chez Shimano, cela a ouvert beaucoup de possibilit\u00e9s de mixage entre des ensembles leviers de freins\/shifters route pour \u00ab\u00a0drop bar\u00a0\u00bb et des transmissions VTT \u00e0 grande amplitude de rapports, n\u00e9cessaires pour ce type de courses \u00e0 grand d\u00e9nivel\u00e9 et o\u00f9 les c\u00f4tes sont parfois tr\u00e8s raides.<\/p>\n<blockquote class=\"block block--quote fcol-10 fcol-8--md fcol-6--lg\">\n<p>        \u00ab\u00a0oui mais John Tomac le faisait d\u00e9j\u00e0 il y a plus de 30 ans\u00a0\u00bb&#8230; C&rsquo;est vrai, mais c&rsquo;est un peu court comme raisonnement    <\/p>\n<\/blockquote>\n<p>On vous voit venir avec le commentaire \u00ab\u00a0oui mais John Tomac le faisait d\u00e9j\u00e0 il y a plus de 30 ans\u00ab\u00a0\u2026 C\u2019est vrai, mais c\u2019est un peu court comme raisonnement car le VTT et m\u00eame le v\u00e9lo \u00ab\u00a0off road\u00a0\u00bb en g\u00e9n\u00e9ral (en incluant le gravel) a \u00e9norm\u00e9ment \u00e9volu\u00e9 depuis cette \u00e9poque. Donc, oui, rendons \u00e0 Tomac ce qui appartient \u00e0 Tomac car il utilisait bien un cintre courb\u00e9 sur son VTT \u00e0 une \u00e9poque (lointaine), mais la comparaison avec l\u2019\u00e9poque actuelle reste limit\u00e9e, car la d\u00e9marche des pilotes qui courent la Leadville 100 et\/ou le d\u00e9veloppement du gravel s\u2019inscrivent dans un contexte qui est le r\u00e9sultat de nombreuses avanc\u00e9es techniques.<\/p>\n<p><img loading=\"lazy\" decoding=\"async\" class=\"alignnone size-full wp-image-371287\" src=\"https:\/\/www.europesays.com\/fr\/wp-content\/uploads\/2025\/08\/25MTBWC_Araxa1_byKikeAbelleira-1208551.jpg\" alt=\"\" width=\"2500\" height=\"1667\"  \/>Les courses ont beaucoup \u00e9volu\u00e9 aussi : si cela a du sens d\u2019utiliser un \u00ab\u00a0drop bar\u00a0\u00bb en gravel ou sur certaines courses VTT marathon rapides, on n\u2019est pas pr\u00e8s d\u2019en revoir en cross-country en format olympique car les trac\u00e9s sont bien trop techniques (et beaucoup, beaucoup plus techniques que ceux sur lesquels Tomac roulait \u00e0 son \u00e9poque). En Short Track, cela pourrait \u00e9ventuellement avoir du sens, mais le r\u00e8glement impose de rouler avec le m\u00eame v\u00e9lo qu\u2019en XCO, sauf les pneus, ce qui limite les exp\u00e9rimentations.<\/p>\n<p>Sur des trac\u00e9s roulants comme la Leadville 100, on a tout de m\u00eame assist\u00e9 \u00e0 une augmentation de la vitesse moyenne de l\u2019ordre de 1 \u00e0 1,5 mile\/heure chez les pilotes du top 20 qui ont adopt\u00e9 les cintres courb\u00e9s ces derni\u00e8res ann\u00e9es sur leur VTT (source : <a href=\"https:\/\/velo.outsideonline.com\/gravel\/gravel-gear\/rockshox-aero-suspension-fork-prototype-leadville-trail-100-mtb\/\" target=\"_blank\" rel=\"noopener nofollow\">https:\/\/velo.outsideonline.com\/gravel\/gravel-gear\/rockshox-aero-suspension-fork-prototype-leadville-trail-100-mtb\/<\/a>)<\/p>\n<p><img loading=\"lazy\" decoding=\"async\" class=\"alignnone size-full wp-image-371853\" src=\"https:\/\/www.europesays.com\/fr\/wp-content\/uploads\/2025\/08\/allied-bc40-kcourtney-bikecheck-leadville-2025_DSC06743.jpg\" alt=\"\" width=\"2400\" height=\"1600\"  \/>A l\u2019oppos\u00e9, la pilote de coupe du monde XCO Kate Courtney est venue faire la Leadville 100 cette ann\u00e9e et a explos\u00e9 le record f\u00e9minin sur le v\u00e9lo qu\u2019elle roule habituellement en coupe du monde XC, quasiment sans modifications. Elle roulait en cintre plat\u2026<\/p>\n<p><img loading=\"lazy\" decoding=\"async\" class=\"alignnone size-full wp-image-371875\" src=\"https:\/\/www.europesays.com\/fr\/wp-content\/uploads\/2025\/08\/Capture-decran-2025-08-13-a-20.25.58.png\" alt=\"\" width=\"1440\" height=\"896\"  \/>\u2026 mais elle mettait tout de m\u00eame r\u00e9guli\u00e8rement ses mains sur le sommet de sa fourche, o\u00f9 elle avait m\u00eame fait placer des petits \u00ab\u00a0Blips\u00a0\u00bb Sram pour commander son d\u00e9railleur ! Bref, un choix d\u2019apparence plus conventionnel que le cintre courb\u00e9 mais qui est en r\u00e9alit\u00e9 encore plus radical (voire m\u00eame un peu dangereux \u00e0 nos yeux). N\u00e9anmoins, cela montre aussi que c\u2019est l\u2019athl\u00e8te avant tout qui fait la performance, plus que sa machine.<\/p>\n<p>Prochaine \u00e9tape, la fourche ?<\/p>\n<p><img loading=\"lazy\" decoding=\"async\" class=\"alignnone size-full wp-image-371851\" src=\"https:\/\/www.europesays.com\/fr\/wp-content\/uploads\/2025\/08\/530366959-18521884117045278-3589221465460929513-n-530366959-18521884117045278-3589221465460929513-n-.jpeg\" alt=\"\" width=\"1432\" height=\"1040\"  \/>RockShox a cr\u00e9\u00e9 la surprise cette ann\u00e9e en \u00e9quipant deux des favoris, Sofia Gomez Villafane (2e cette ann\u00e9e chez les Dames) et Keegan Swenson (vainqueur chez les Hommes pour la 5e fois d\u2019affil\u00e9e) d\u2019une fourche SID SL Blackbox \u00e9quip\u00e9e d\u2019ailerons a\u00e9rodynamiques sur l\u2019arri\u00e8re.<\/p>\n<ul class=\"slideshow__slides row row--align-top row--slides flex flex--row\">\n<li class=\"slideshow__slide block block--img block--img--v fcol-6 fcol-4--sm active\" style=\"--slide-position: 0;\"><img decoding=\"async\" src=\"https:\/\/www.europesays.com\/fr\/wp-content\/uploads\/2025\/08\/Capture-decran-2025-08-13-a-08.27.45-copie.jpg\" alt=\"https:\/\/www.vojomag.com\/app\/uploads\/2025\/08\/Capture decran 2025 08 13 a 08.27.45 copie.jpg\" aria-hidden=\"true\"\/><\/li>\n<li class=\"slideshow__slide block block--img block--img--16-10 fcol-8--sm after-active\" style=\"--slide-position: 0;\"><img decoding=\"async\" src=\"https:\/\/www.europesays.com\/fr\/wp-content\/uploads\/2025\/08\/Capture-decran-2025-08-13-a-08.29.16-copie.jpg\" alt=\"https:\/\/www.vojomag.com\/app\/uploads\/2025\/08\/Capture decran 2025 08 13 a 08.27.45 copie.jpg\" aria-hidden=\"true\"\/><\/li>\n<\/ul>\n<p>Il s\u2019agissait simplement d\u2019inserts imprim\u00e9s 3D en plastique, coll\u00e9s sur l\u2019arri\u00e8re de la fourche. Leur utilit\u00e9 r\u00e9elle est encore \u00e0 d\u00e9montrer mais cela montre en tout cas que les grandes marques s\u2019int\u00e9ressent \u00e0 la question et m\u00e8nent des recherches en la mati\u00e8re !<\/p>\n<p>Quid du cadre et des roues ?<\/p>\n<p>En v\u00e9lo de route, jusqu\u2019il y a peu, l\u2019a\u00e9ro \u00e9tait r\u00e9serv\u00e9e aux seuls v\u00e9los de contre-la-montre. Mais, depuis quelques ann\u00e9es, on voit que la p\u00e9n\u00e9tration dans l\u2019air est une pr\u00e9occupation sur quasiment tous les mod\u00e8les destin\u00e9s \u00e0 la comp\u00e9tition. M\u00eame pour les \u00e9tapes de montagne ! \u00a0M\u00eame si ce ne sera pas un axe de d\u00e9veloppement aussi important qu\u2019en route ou m\u00eame en gravel, il ne serait donc pas surprenant que, d\u2019ici quelques ann\u00e9es, on voit appara\u00eetre des VTT XC haut de gamme destin\u00e9s \u00e0 la comp\u00e9tition, avec une certaine pr\u00e9occupation pour l\u2019a\u00e9ro au moment de la conception.<\/p>\n<p><img loading=\"lazy\" decoding=\"async\" class=\"alignnone size-full wp-image-371878\" src=\"https:\/\/www.europesays.com\/fr\/wp-content\/uploads\/2025\/08\/VTT-Roues-Aero-Evoride-scaled.jpg\" alt=\"\" width=\"2560\" height=\"1600\"  \/>Nous avons \u00e9t\u00e9 surpris que la plupart des pilotes sur la Leadville 100 restent sur des roues VTT conventionnelles. Car des jantes hautes permettent un gain a\u00e9ro significatif. Peut-\u00eatre est-ce parce que la course pr\u00e9sente un d\u00e9nivel\u00e9 important qui rend l\u2019usage de roues l\u00e9g\u00e8res int\u00e9ressant ? Mais l\u2019explication est peut-\u00eatre aussi \u00e0 chercher du c\u00f4t\u00e9 des sponsors et des marques de roues qui ne sont pas toujours pr\u00eates \u00e0 laisser mixer leurs jantes gravel et des moyeux VTT Boost (les standards de moyeux VTT et gravel restent diff\u00e9rents). On ne serait pas \u00e9tonn\u00e9s qu\u2019\u00e0 l\u2019avenir certains pilotes et certaines marques exp\u00e9rimentent le montage de jantes a\u00e9ro sur des VTT, en tout cas pour certaines courses bien sp\u00e9cifiques et roulantes (pas en XCO o\u00f9 la capacit\u00e9 de d\u00e9formation verticale de la jante reste pr\u00e9pond\u00e9rante).<\/p>\n<p>Et l\u2019\u00e9quipement du pilote ?<\/p>\n<p><img loading=\"lazy\" decoding=\"async\" class=\"alignnone size-full wp-image-368653\" src=\"https:\/\/www.europesays.com\/fr\/wp-content\/uploads\/2025\/08\/25MTBWC_Andorra_byKikeAbelleira-1107763.jpg\" alt=\"\" width=\"2500\" height=\"1667\"  \/>C\u2019est sans doute moins visible que sur un v\u00e9lo, mais l\u2019\u00e9quipement d\u2019un pilote est aussi important en mati\u00e8re d\u2019a\u00e9ro, et de nombreux v\u00e9t\u00e9tistes utilisent d\u00e9j\u00e0 des casques profil\u00e9s, des maillots taill\u00e9s au plus pr\u00e8s du corps et des couvre-chaussures, tant en XCM qu\u2019en XCC et en XCO. A titre d\u2019exemple, un casque a\u00e9ro permet de gagner jusqu\u2019\u00e0 15 W \u00e0 40 km\/h, ce qui est absolument \u00e9norme. Bref, moins spectaculaire mais tout de m\u00eame diablement efficace !<\/p>\n<p>Uniquement sur la Leadville 100 ou bient\u00f4t sur toutes les courses marathon ?<\/p>\n<p>Pour r\u00e9pondre \u00e0 cette question, nous avons demand\u00e9 au marathonien de l\u2019\u00e9quipe, Remi Groslambert, ce qu\u2019il en pense. Vu son exp\u00e9rience sur les marathons \u00e0 travers l\u2019Europe, il peut porter un regard assez large sur la question. \u00ab\u00a0Je n\u2019ai jamais particip\u00e9 \u00e0 la Leadville 100 mais c\u2019est une course assez particuli\u00e8re, tr\u00e8s longue mais tout de m\u00eame roulante, avec des moyennes plus \u00e9lev\u00e9es que ce que nous rencontrons sur la plupart des courses eu Europe. Mis \u00e0 part en Allemagne ou dans les pays de l\u2019Est o\u00f9 on peut avoir des moyennes tr\u00e8s \u00e9lev\u00e9es et o\u00f9 un travail en profondeur sur l\u2019a\u00e9ro pourrait faire la diff\u00e9rence, je ne pense pas qu\u2019on verra des choses aussi pouss\u00e9es en France, en Italie ou en Espagne o\u00f9 il y a soit plus de d\u00e9nivel\u00e9, soit beaucoup plus de technique, ou les deux. Dans ces cas-l\u00e0, un cintre plat reste plus ad\u00e9quat et plus efficace en pilotage.\u00a0<\/p>\n<p><img decoding=\"async\" src=\"https:\/\/www.europesays.com\/fr\/wp-content\/uploads\/2025\/08\/Capture-decran-2025-08-13-a-08.25.02-copie.jpg\" alt=\"Screenshot\" aria-hidden=\"true\"\/>Screenshot<\/p>\n<p>Par contre, R\u00e9mi poursuit : \u00ab\u00a0Je pense tout de m\u00eame que c\u2019est une piste d\u2019\u00e9volution des v\u00e9los pour l\u2019avenir, y compris les VTT XC. Sans arriver n\u00e9cessairement \u00e0 des choses aussi extr\u00eames que pour Leadville, c\u2019est un param\u00e8tre qui n\u2019a pas encore beaucoup \u00e9t\u00e9 pris en compte dans le monde du VTT et qui peut apporter des gains dans certaines circonstances. Pour le marathon en tout cas, c\u2019est un terrain \u00e0 explorer.\u00a0\u00bb<\/p>\n","protected":false},"excerpt":{"rendered":"La Leadville 100 est une des courses, si pas LA course marathon la plus relev\u00e9e et r\u00e9put\u00e9e aux&hellip;\n","protected":false},"author":2,"featured_media":317494,"comment_status":"","ping_status":"","sticky":false,"template":"","format":"standard","meta":{"footnotes":""},"categories":[1411],"tags":[1154,207,1011,27,60],"class_list":{"0":"post-317493","1":"post","2":"type-post","3":"status-publish","4":"format-standard","5":"has-post-thumbnail","7":"category-cyclisme","8":"tag-cycling","9":"tag-cyclisme","10":"tag-fr","11":"tag-france","12":"tag-sports"},"share_on_mastodon":{"url":"https:\/\/pubeurope.com\/@fr\/115024394356390609","error":""},"_links":{"self":[{"href":"https:\/\/www.europesays.com\/fr\/wp-json\/wp\/v2\/posts\/317493","targetHints":{"allow":["GET"]}}],"collection":[{"href":"https:\/\/www.europesays.com\/fr\/wp-json\/wp\/v2\/posts"}],"about":[{"href":"https:\/\/www.europesays.com\/fr\/wp-json\/wp\/v2\/types\/post"}],"author":[{"embeddable":true,"href":"https:\/\/www.europesays.com\/fr\/wp-json\/wp\/v2\/users\/2"}],"replies":[{"embeddable":true,"href":"https:\/\/www.europesays.com\/fr\/wp-json\/wp\/v2\/comments?post=317493"}],"version-history":[{"count":0,"href":"https:\/\/www.europesays.com\/fr\/wp-json\/wp\/v2\/posts\/317493\/revisions"}],"wp:featuredmedia":[{"embeddable":true,"href":"https:\/\/www.europesays.com\/fr\/wp-json\/wp\/v2\/media\/317494"}],"wp:attachment":[{"href":"https:\/\/www.europesays.com\/fr\/wp-json\/wp\/v2\/media?parent=317493"}],"wp:term":[{"taxonomy":"category","embeddable":true,"href":"https:\/\/www.europesays.com\/fr\/wp-json\/wp\/v2\/categories?post=317493"},{"taxonomy":"post_tag","embeddable":true,"href":"https:\/\/www.europesays.com\/fr\/wp-json\/wp\/v2\/tags?post=317493"}],"curies":[{"name":"wp","href":"https:\/\/api.w.org\/{rel}","templated":true}]}}