{"id":317501,"date":"2025-08-14T00:59:10","date_gmt":"2025-08-14T00:59:10","guid":{"rendered":"https:\/\/www.europesays.com\/fr\/317501\/"},"modified":"2025-08-14T00:59:10","modified_gmt":"2025-08-14T00:59:10","slug":"ce-candidat-quitte-subitement-cette-telerealite-avant-meme-quelle-ne-commence","status":"publish","type":"post","link":"https:\/\/www.europesays.com\/fr\/317501\/","title":{"rendered":"Ce candidat quitte subitement cette t\u00e9l\u00e9r\u00e9alit\u00e9 avant m\u00eame qu&rsquo;elle ne commence"},"content":{"rendered":"<p><strong>Les candidats viennent \u00e0 peine d&rsquo;\u00eatre annonc\u00e9s que l&rsquo;un d&rsquo;entre eux se r\u00e9tracte. Wilsondy, le fr\u00e8re de Stevens Dorcelus, n&rsquo;ira pas \u00e0 Chypre.<\/strong><\/p>\n<p class=\"toreadalso-fromEMP\"><strong>\u2022 \u00c0 lire aussi: <\/strong><a href=\"https:\/\/www.billie.ca\/Les-potins-sur-les-candidats-devoiles-sont-croustillants-comme-jamais-OD-Chypre\" target=\"_blank\" rel=\"nofollow noopener\"><strong>Les potins sur les candidats d\u00e9voil\u00e9s pour \u00abOD\u00bb se multiplient et sont plus croustillants que jamais<\/strong><\/a>\u00a0<\/p>\n<p class=\"toreadalso-fromEMP\"><strong>\u2022 \u00c0 lire aussi: <\/strong><a href=\"https:\/\/www.billie.ca\/Des-visages-connus-a-Occupation-Double-Chypre\" target=\"_blank\" rel=\"nofollow noopener\"><strong>Des visages connus et une grande absente \u00e0 cette t\u00e9l\u00e9r\u00e9alit\u00e9 populaire \u00e0 l&rsquo;automne<\/strong><\/a>\u00a0<\/p>\n<p><a href=\" https:\/\/www.billie.ca\/Abonnez-vous-a-linfolettre-de-Billie\" target=\"_blank\"><br \/>\n    <img decoding=\"async\" src=\" https:\/\/m1.quebecormedia.com\/emp\/emp\/infolettre_billiee12b9fe4-bc37-4747-a831-e4e585151fef_ORIGINAL.jpg\" class=\"logoJe\"\/><br \/>\n<\/a><\/p>\n<p>Les candidats d&rsquo;Occupation Double Chypre ont \u00e9t\u00e9 annonc\u00e9 lundi dernier, premi\u00e8re heure. Chaque ann\u00e9e, des d\u00e9tails sont d\u00e9voil\u00e9s sur les diff\u00e9rents participants \u00e0 travers ceux qui les ont connu dans le pass\u00e9 et plus encore. Est-ce ce qui a pouss\u00e9 Wilsondy \u00e0 d\u00e9j\u00e0 abandonner l&rsquo;aventure&#8230; avant son d\u00e9but? <\/p>\n<p>La production a annonc\u00e9 le tout sur les r\u00e9seaux sociaux de l&rsquo;\u00e9mission, semant la commotion.\u00a0<\/p>\n<\/p>\n<p>Sous la publication Facebook, les commentaires s&rsquo;accumulent \u00e0 essayer de comprendre cette d\u00e9cision.<\/p>\n<p>Les r\u00e9seaux sociaux du d\u00e9sormais ancien candidat sont revenus \u00e0 la normale, soit son identifiant avant l&rsquo;annonce des candidats.\u00a0<\/p>\n<p>\u00c0 suivre!\u00a0<\/p>\n<p>  \u00c0 VOIR AUSSI : Greg Basquiat devine le signe astrologique de Cigale<\/p>\n","protected":false},"excerpt":{"rendered":"Les candidats viennent \u00e0 peine d&rsquo;\u00eatre annonc\u00e9s que l&rsquo;un d&rsquo;entre eux se r\u00e9tracte. Wilsondy, le fr\u00e8re de Stevens&hellip;\n","protected":false},"author":2,"featured_media":317502,"comment_status":"","ping_status":"","sticky":false,"template":"","format":"standard","meta":{"footnotes":""},"categories":[1356],"tags":[58,59,1011,27,252,1364],"class_list":{"0":"post-317501","1":"post","2":"type-post","3":"status-publish","4":"format-standard","5":"has-post-thumbnail","7":"category-television","8":"tag-divertissement","9":"tag-entertainment","10":"tag-fr","11":"tag-france","12":"tag-television","13":"tag-tv"},"share_on_mastodon":{"url":"https:\/\/pubeurope.com\/@fr\/115024413867283593","error":""},"_links":{"self":[{"href":"https:\/\/www.europesays.com\/fr\/wp-json\/wp\/v2\/posts\/317501","targetHints":{"allow":["GET"]}}],"collection":[{"href":"https:\/\/www.europesays.com\/fr\/wp-json\/wp\/v2\/posts"}],"about":[{"href":"https:\/\/www.europesays.com\/fr\/wp-json\/wp\/v2\/types\/post"}],"author":[{"embeddable":true,"href":"https:\/\/www.europesays.com\/fr\/wp-json\/wp\/v2\/users\/2"}],"replies":[{"embeddable":true,"href":"https:\/\/www.europesays.com\/fr\/wp-json\/wp\/v2\/comments?post=317501"}],"version-history":[{"count":0,"href":"https:\/\/www.europesays.com\/fr\/wp-json\/wp\/v2\/posts\/317501\/revisions"}],"wp:featuredmedia":[{"embeddable":true,"href":"https:\/\/www.europesays.com\/fr\/wp-json\/wp\/v2\/media\/317502"}],"wp:attachment":[{"href":"https:\/\/www.europesays.com\/fr\/wp-json\/wp\/v2\/media?parent=317501"}],"wp:term":[{"taxonomy":"category","embeddable":true,"href":"https:\/\/www.europesays.com\/fr\/wp-json\/wp\/v2\/categories?post=317501"},{"taxonomy":"post_tag","embeddable":true,"href":"https:\/\/www.europesays.com\/fr\/wp-json\/wp\/v2\/tags?post=317501"}],"curies":[{"name":"wp","href":"https:\/\/api.w.org\/{rel}","templated":true}]}}