{"id":317505,"date":"2025-08-14T01:01:25","date_gmt":"2025-08-14T01:01:25","guid":{"rendered":"https:\/\/www.europesays.com\/fr\/317505\/"},"modified":"2025-08-14T01:01:25","modified_gmt":"2025-08-14T01:01:25","slug":"princess-power-la-bande-annonce-de-lego-disney-princess-villains-unite-de-disney","status":"publish","type":"post","link":"https:\/\/www.europesays.com\/fr\/317505\/","title":{"rendered":"Princess Power ! La bande-annonce de LEGO Disney Princess : Villains Unite de Disney+"},"content":{"rendered":"<p style=\"text-align: justify;\"><strong>Disney<\/strong> et <strong>LEGO<\/strong> ont d\u00e9voil\u00e9 la bande-annonce officielle de <strong>LEGO Disney Princess : Villains Unite<\/strong>, un nouveau sp\u00e9cial anim\u00e9 qui sera diffus\u00e9 en exclusivit\u00e9 sur <strong>Disney+<\/strong> \u00e0 partir du 25 ao\u00fbt 2025. Cette aventure haute en couleur, qui s\u2019inscrit dans la continuit\u00e9 de <strong>LEGO Disney Princesse : Les Aventures au Ch\u00e2teau<\/strong> (<strong>LEGO Disney Princess : The Castle Quest<\/strong>), r\u00e9unit des princesses <strong>Disney<\/strong> embl\u00e9matiques face \u00e0 une ligue de m\u00e9chants redoutables. S\u2019inscrivant dans la c\u00e9l\u00e9bration de la <strong>Semaine internationale des Princesses Disney<\/strong>, ce sp\u00e9cial promet humour, action et camaraderie dans un format <strong>LEGO<\/strong> unique.<\/p>\n<p>Une bataille \u00e9pique du Bien contre le Mal<\/p>\n<p style=\"text-align: justify;\"><strong>LEGO Disney Princess : Villains Unite<\/strong> (titre anglais) est une suite directe de <strong>LEGO Disney Princesse : Les Aventures au Ch\u00e2teau<\/strong> (2023). Apr\u00e8s avoir d\u00e9jou\u00e9 le plan de Gaston visant \u00e0 conqu\u00e9rir leurs royaumes, Ariel, Vaiana, Tiana, Raiponce et Blanche Neige font face \u00e0 une nouvelle menace. Furieux de son \u00e9chec, Gaston s\u2019allie \u00e0 une ligue de m\u00e9chants iconiques : Ursula (<strong>La Petite Sir\u00e8ne<\/strong>), Jafar (<strong>Aladdin<\/strong>), la M\u00e9chante Reine (<strong>Blanche Neige et les Sept Nains<\/strong>) et Triste Sire (<strong>Robin des Bois<\/strong>).\u00a0Leur objectif ? \u00c9liminer les princesses une fois pour toutes.<\/p>\n<p><a href=\"https:\/\/www.europesays.com\/fr\/wp-content\/uploads\/2025\/08\/LEGO-Disney-Princess-Villains-Unite-01-scaled.png\"><img loading=\"lazy\" data-lazyloaded=\"1\" decoding=\"async\" class=\"wp-image-147813\" src=\"https:\/\/www.europesays.com\/fr\/wp-content\/uploads\/2025\/08\/LEGO-Disney-Princess-Villains-Unite-01-scaled.png\" alt=\"LEGO Disney Princess  Villains Unite\" width=\"400\" height=\"225\"  data-\/><\/a>Courtoisie de Disney &amp; LEGO<\/p>\n<p style=\"text-align: justify;\">Cependant, les princesses ne sont pas seules. Gr\u00e2ce au Miroir Magique, elles recrutent de nouvelles alli\u00e9es : Aurore (<strong>La Belle au Bois Dormant<\/strong>), Belle (<strong>La Belle et la B\u00eate<\/strong>) et Cendrillon (<strong>Cendrillon<\/strong>). Ensemble, elles forment une \u00e9quipe unie pour un affrontement ultime entre le bien et le mal, dans une aventure m\u00ealant humour <strong>LEGO<\/strong>, action tr\u00e9pidante et messages d\u2019amiti\u00e9 et de courage.<\/p>\n<p><a href=\"https:\/\/www.europesays.com\/fr\/wp-content\/uploads\/2025\/08\/LEGO-Disney-Princess-Villains-Unite-03-scaled.png\"><img data-lazyloaded=\"1\" loading=\"lazy\" decoding=\"async\" class=\"wp-image-147811\" src=\"https:\/\/www.europesays.com\/fr\/wp-content\/uploads\/2025\/08\/LEGO-Disney-Princess-Villains-Unite-03-scaled.png\" alt=\"LEGO Disney Princess  Villains Unite\" width=\"400\" height=\"225\"  data-\/><\/a>Courtoisie de Disney &amp; LEGO<\/p>\n<p style=\"text-align: justify;\">La bande-annonce, publi\u00e9e le 12 ao\u00fbt 2025 sur les plateformes officielles de <strong>Disney<\/strong> et <strong>LEGO<\/strong>, offre un aper\u00e7u de cette aventure. Elle met en sc\u00e8ne des moments cl\u00e9s, comme la r\u00e9union des m\u00e9chants dans un march\u00e9 d\u00e9sert pour planifier leur attaque, et les princesses s\u2019organisant avec l\u2019aide du Miroir Magique. On notera\u00a0l\u2019absence de Jasmine (<strong>Aladdin<\/strong>), ce qui suscitera peut-\u00eatre quelques d\u00e9ceptions.<\/p>\n<p>VO :<\/p>\n<\/p>\n<p dir=\"ltr\" style=\"text-align: justify;\" data-pm-slice=\"1 1 []\">Ce sp\u00e9cial s\u2019inscrit dans le cadre de la <strong>Semaine internationale des Princesses Disney<\/strong> (<strong>World Princess Week<\/strong>), c\u00e9l\u00e9br\u00e9e cette ann\u00e9e du 24 au 30 ao\u00fbt, une initiative de<strong> Disney<\/strong> pour honorer ses princesses \u00e0 travers des \u00e9v\u00e9nements, des produits d\u00e9riv\u00e9s et des contenus exclusifs. En parall\u00e8le, <strong>Disney+<\/strong> lance un flux continu 24\/7 d\u00e9di\u00e9 aux princesses, proposant des classiques comme <strong>La Petite Sir\u00e8ne<\/strong> ou <strong>Vaiana, La L\u00e9gende du Bout du Monde<\/strong>, ainsi que des sp\u00e9ciaux comme celui-ci.<\/p>\n<p dir=\"ltr\" style=\"text-align: justify;\"><strong>LEGO Disney Princess : Villains Unite<\/strong> sera disponible en streaming d\u00e8s le 25 ao\u00fbt 2025, exclusivement sur <strong>Disney+.<\/strong><\/p>\n<p>Marchandises associ\u00e9es pour les Fans<\/p>\n<p dir=\"ltr\" style=\"text-align: justify;\">En lien avec la <strong>Semaine internationale des Princesses Disney<\/strong>, <strong>LEGO<\/strong> propose une gamme de produits d\u00e9riv\u00e9s pour enrichir l\u2019exp\u00e9rience.<\/p>\n<p>Veuillez noter que cet article contient des liens d&rsquo;affiliation. Votre achat soutiendra Disneyphile en nous versant une petite commission, mais n&rsquo;affectera pas votre tarification ou votre exp\u00e9rience utilisateur. Merci.<a href=\"https:\/\/www.europesays.com\/fr\/wp-content\/uploads\/2025\/08\/LEGO-Disney-Princess-Villains-Unite-02-scaled.png\"><img data-lazyloaded=\"1\" loading=\"lazy\" decoding=\"async\" class=\"wp-image-147810\" src=\"https:\/\/www.europesays.com\/fr\/wp-content\/uploads\/2025\/08\/LEGO-Disney-Princess-Villains-Unite-02-scaled.png\" alt=\"\" width=\"400\" height=\"225\"  data-\/><\/a>Courtoisie de Disney &amp; LEGO<\/p>\n<p dir=\"ltr\" style=\"text-align: justify;\">Parmi les sets disponibles, on trouve :<\/p>\n<ul class=\"tight\" dir=\"ltr\" data-tight=\"true\">\n<li>\n<p dir=\"ltr\" style=\"text-align: justify;\"><a href=\"https:\/\/click.linksynergy.com\/deeplink?id=Y6O\/50tqQTg&amp;mid=50641&amp;murl=https%3A%2F%2Fwww.lego.com%2Ffr-fr%2Fproduct%2Fprincess-castle-royal-pets-43267\" target=\"_blank\" rel=\"noopener\"><strong>Le Ch\u00e2teau des Princesses et les Animaux Royaux (119,99 \u20ac)<\/strong><\/a> : Un ch\u00e2teau avec des pi\u00e8ces pour Ariel, Raiponce, Mulan, Jasmine et Vaiana, incluant des figurines animales comme Flounder et Mushu. Prix indicatif : variable selon les r\u00e9gions.<\/p>\n<\/li>\n<li>\n<p dir=\"ltr\" style=\"text-align: justify;\"><strong><a href=\"https:\/\/click.linksynergy.com\/deeplink?id=Y6O\/50tqQTg&amp;mid=50641&amp;murl=https%3A%2F%2Fwww.lego.com%2Ffr-fr%2Fproduct%2Fdisney-princess-market-adventure-43246\" target=\"_blank\" rel=\"noopener\">Les Aventures des Princesses Disney au March\u00e9 (99,99 \u20ac)<\/a><\/strong> : Un ensemble de 817 pi\u00e8ces avec des b\u00e2timents th\u00e9matiques pour Tiana, Cendrillon, Aurore et Ariel.<\/p>\n<\/li>\n<li style=\"text-align: justify;\">\n<p dir=\"ltr\"><a href=\"https:\/\/click.linksynergy.com\/deeplink?id=Y6O\/50tqQTg&amp;mid=50641&amp;murl=https%3A%2F%2Fwww.lego.com%2Ffr-fr%2Fproduct%2Fbeauty-and-the-beast-castle-43263\" target=\"_blank\" rel=\"noopener\"><b>Le Ch\u00e2teau de la Belle et la B\u00eate (279,99 \u20ac) <\/b><\/a>: Un set complexe de 2 916 pi\u00e8ces pour adultes, avec une salle de bal et une rose enchant\u00e9e.<\/p>\n<\/li>\n<li>\n<p dir=\"ltr\" style=\"text-align: justify;\"><a href=\"https:\/\/click.linksynergy.com\/deeplink?id=Y6O\/50tqQTg&amp;mid=50641&amp;murl=https%3A%2F%2Fwww.lego.com%2Ffr-fr%2Fproduct%2Fcinderella-s-dress-43266\" target=\"_blank\" rel=\"noopener\"><strong>La Robe de Cendrillon (39,99 \u20ac)<\/strong> <\/a>: Une r\u00e9plique de 474 pi\u00e8ces c\u00e9l\u00e9brant les 75 ans de <strong>Cendrillon<\/strong>, avec une figurine de Gus.<\/p>\n<\/li>\n<li>\n<p dir=\"ltr\" style=\"text-align: justify;\"><a href=\"https:\/\/click.linksynergy.com\/deeplink?id=Y6O\/50tqQTg&amp;mid=50641&amp;murl=https%3A%2F%2Fwww.lego.com%2Ffr-fr%2Fproduct%2Fheihei-43272\" target=\"_blank\" rel=\"noopener\"><strong>Heihei (39,99 \u20ac)<\/strong><\/a> : Un mod\u00e8le de 566 pi\u00e8ces du coq embl\u00e9matique, avec t\u00eate rotative et plumes ajustables.<\/p>\n<\/li>\n<\/ul>\n<p><a href=\"https:\/\/www.europesays.com\/fr\/wp-content\/uploads\/2025\/08\/affiche-lego-princess-villains-unite.jpg\"><img data-lazyloaded=\"1\" loading=\"lazy\" decoding=\"async\" class=\"wp-image-147814\" src=\"https:\/\/www.europesays.com\/fr\/wp-content\/uploads\/2025\/08\/affiche-lego-princess-villains-unite.jpg\" alt=\"\" width=\"400\" height=\"592\"  data-\/><\/a>Courtoisie de Disney &amp; LEGO<\/p>\n<p>\u00a9 Disneyphile 2025 \/ Tous droits r\u00e9serv\u00e9s \/ Reproduction interdite<\/p>\n","protected":false},"excerpt":{"rendered":"Disney et LEGO ont d\u00e9voil\u00e9 la bande-annonce officielle de LEGO Disney Princess : Villains Unite, un nouveau sp\u00e9cial&hellip;\n","protected":false},"author":2,"featured_media":317506,"comment_status":"","ping_status":"","sticky":false,"template":"","format":"standard","meta":{"footnotes":""},"categories":[1354],"tags":[58,59,1346,1011,27,14812,1360,45600],"class_list":{"0":"post-317505","1":"post","2":"type-post","3":"status-publish","4":"format-standard","5":"has-post-thumbnail","7":"category-films","8":"tag-divertissement","9":"tag-entertainment","10":"tag-films","11":"tag-fr","12":"tag-france","13":"tag-lego","14":"tag-movies","15":"tag-princesses"},"share_on_mastodon":{"url":"https:\/\/pubeurope.com\/@fr\/115024421617774763","error":""},"_links":{"self":[{"href":"https:\/\/www.europesays.com\/fr\/wp-json\/wp\/v2\/posts\/317505","targetHints":{"allow":["GET"]}}],"collection":[{"href":"https:\/\/www.europesays.com\/fr\/wp-json\/wp\/v2\/posts"}],"about":[{"href":"https:\/\/www.europesays.com\/fr\/wp-json\/wp\/v2\/types\/post"}],"author":[{"embeddable":true,"href":"https:\/\/www.europesays.com\/fr\/wp-json\/wp\/v2\/users\/2"}],"replies":[{"embeddable":true,"href":"https:\/\/www.europesays.com\/fr\/wp-json\/wp\/v2\/comments?post=317505"}],"version-history":[{"count":0,"href":"https:\/\/www.europesays.com\/fr\/wp-json\/wp\/v2\/posts\/317505\/revisions"}],"wp:featuredmedia":[{"embeddable":true,"href":"https:\/\/www.europesays.com\/fr\/wp-json\/wp\/v2\/media\/317506"}],"wp:attachment":[{"href":"https:\/\/www.europesays.com\/fr\/wp-json\/wp\/v2\/media?parent=317505"}],"wp:term":[{"taxonomy":"category","embeddable":true,"href":"https:\/\/www.europesays.com\/fr\/wp-json\/wp\/v2\/categories?post=317505"},{"taxonomy":"post_tag","embeddable":true,"href":"https:\/\/www.europesays.com\/fr\/wp-json\/wp\/v2\/tags?post=317505"}],"curies":[{"name":"wp","href":"https:\/\/api.w.org\/{rel}","templated":true}]}}