{"id":317507,"date":"2025-08-14T01:02:10","date_gmt":"2025-08-14T01:02:10","guid":{"rendered":"https:\/\/www.europesays.com\/fr\/317507\/"},"modified":"2025-08-14T01:02:10","modified_gmt":"2025-08-14T01:02:10","slug":"et-si-lia-rendait-les-medecins-moins-bons-une-etude-polonaise-remet-en-cause-les-atouts-de-lintelligence-artificielle-pour-detecter-les-cancers","status":"publish","type":"post","link":"https:\/\/www.europesays.com\/fr\/317507\/","title":{"rendered":"Et si l&rsquo;IA rendait les m\u00e9decins moins bons ? Une \u00e9tude polonaise remet en cause les atouts de l&rsquo;intelligence artificielle pour d\u00e9tecter les cancers"},"content":{"rendered":"<p>Avec l&rsquo;introduction de l&rsquo;intelligence artificielle (IA), les m\u00e9decins semblent devenir moins performants pour d\u00e9tecter eux-m\u00eames des tumeurs au colon. C&rsquo;est ce qu&rsquo;avance une \u00e9tude r\u00e9alis\u00e9e en Pologne publi\u00e9e ce mercredi 13 ao\u00fbt, l&rsquo;une des premi\u00e8res \u00e0 \u00e9voquer le risque que cette technologie nuise aux comp\u00e9tences des sp\u00e9cialistes.<\/p>\n<p>Et si l&rsquo;intelligence artificielle (IA) n&rsquo;am\u00e9liorait pas tout? C&rsquo;est en tout cas ce que sugg\u00e8re une nouvelle \u00e9tude d\u00e9voil\u00e9e ce mercredi 13 ao\u00fbt dans le domaine de la m\u00e9decine. R\u00e9alis\u00e9e en Pologne et publi\u00e9e dans le Lancet Gastroenterology &amp; Hepatology, elle avance qu&rsquo;avec l&rsquo;introduction de l&rsquo;IA, <a href=\"https:\/\/www.bfmtv.com\/tech\/intelligence-artificielle\/pourquoi-l-ia-est-encore-loin-de-remplacer-votre-medecin_AV-202501070637.html\" title=\"Pourquoi l&#039;IA est encore loin de remplacer votre m\u00e9decin\" class=\"internal_link\" rel=\"nofollow noopener\" target=\"_blank\">les m\u00e9decins semblent devenir moins performants pour d\u00e9tecter eux-m\u00eames des tumeurs au colon<\/a>.<\/p>\n<p>C&rsquo;est l&rsquo;une des premi\u00e8res \u00e9tudes \u00e0 \u00e9voquer le risque que cette technologie nuise aux comp\u00e9tences des sp\u00e9cialistes. La pratique r\u00e9guli\u00e8re de l&rsquo;IA semble avoir \u00ab\u00a0des effets nuisibles sur les comp\u00e9tences des sp\u00e9cialistes des endoscopies\u00a0\u00bb, r\u00e9sument les auteurs.<\/p>\n<p>Plus largement, c&rsquo;est l&rsquo;une des premi\u00e8res \u00e9tudes \u00e0 chercher \u00e0 r\u00e9pondre \u00e0 une question cruciale: quel effet peuvent avoir les outils \u00e0 base d&rsquo;IA, de plus en plus utilis\u00e9s dans le monde de la sant\u00e9, sur la pratique m\u00e9dicale? Pour y r\u00e9pondre, les auteurs ont \u00e9tudi\u00e9 les donn\u00e9es de plusieurs centres polonais sp\u00e9cialis\u00e9s dans les endoscopies et coloscopies, des examens qui permettent notamment de d\u00e9tecter des signes de cancer digestifs, en particulier du colon.<\/p>\n<p>Les donn\u00e9es ont \u00e9t\u00e9 recueillies en 2021 et 2022. Pendant cette p\u00e9riode, ces centres ont g\u00e9n\u00e9ralis\u00e9 l&rsquo;usage de logiciels d&rsquo;IA qui visent \u00e0 aider les sp\u00e9cialistes \u00e0 mieux d\u00e9tecter ce type de tumeurs. Les chercheurs n&rsquo;ont pas examin\u00e9 les r\u00e9sultats des examens effectu\u00e9s \u00e0 l&rsquo;aide de l&rsquo;IA. Ils ont plut\u00f4t regard\u00e9 ce que donnaient ceux qui ont continu\u00e9 \u00e0 \u00eatre effectu\u00e9s par les m\u00eames sp\u00e9cialistes, mais sans assistance.<\/p>\n<p>La d\u00e9tection de tumeurs se d\u00e9graderait avec l&rsquo;IA<\/p>\n<p>Avant l&rsquo;introduction de l&rsquo;IA, 28,4% de ces examens aboutissaient \u00e0 la d\u00e9tection d&rsquo;un ad\u00e9nome, une tumeur b\u00e9nigne mais qui peut potentiellement d\u00e9g\u00e9n\u00e9rer en cancer. Une fois l&rsquo;IA g\u00e9n\u00e9ralis\u00e9, ce taux a baiss\u00e9 \u00e0 22,4%. Cela laisse donc penser, selon les auteurs, que l&rsquo;usage de l&rsquo;IA a d\u00e9grad\u00e9 les capacit\u00e9s des sp\u00e9cialistes \u00e0 identifier les tumeurs concern\u00e9es.<\/p>\n<p>L&rsquo;\u00e9tude ne permet toutefois pas d&rsquo;en \u00eatre s\u00fbr: il est possible que, sur la m\u00eame p\u00e9riode, d&rsquo;autres facteurs que l&rsquo;IA aient jou\u00e9 sur le taux de tumeurs d\u00e9tect\u00e9.<\/p>\n<blockquote class=\"embed embed_quote\"><p>\u00ab\u00a0Reste que les sp\u00e9cialistes des endoscopies auraient bien tort de n\u00e9gliger les r\u00e9sultats de cette \u00e9tude\u00a0\u00bb, pr\u00e9vient, dans le m\u00eame num\u00e9ro du Lancet Gastroenterology &amp; Hepatology, le sp\u00e9cialiste Omer Ahmad qui n&rsquo;a pas particip\u00e9 \u00e0 ce travail.<\/p><\/blockquote>\n<p>Pour lui, cette \u00e9tude est une premi\u00e8re alerte, qui n\u00e9cessite certes confirmation, sur les dangers de l&rsquo;IA en mati\u00e8re \u00ab\u00a0de lente \u00e9rosion de comp\u00e9tences fondamentales\u00a0\u00bb.<\/p>\n<p>\u00ab\u00a0Ces r\u00e9sultats nuancent l&rsquo;engouement actuel pour vite adopter des technologies \u00e0 base d&rsquo;IA\u00a0\u00bb, conclut-il, soulignant qu&rsquo;il s&rsquo;agit de la premi\u00e8re \u00e9tude en vie r\u00e9elle qui va dans le sens d&rsquo;une perte de comp\u00e9tences m\u00e9dicales.<\/p>\n","protected":false},"excerpt":{"rendered":"Avec l&rsquo;introduction de l&rsquo;intelligence artificielle (IA), les m\u00e9decins semblent devenir moins performants pour d\u00e9tecter eux-m\u00eames des tumeurs au&hellip;\n","protected":false},"author":2,"featured_media":317508,"comment_status":"","ping_status":"","sticky":false,"template":"","format":"standard","meta":{"footnotes":""},"categories":[10],"tags":[1011,27,72,71],"class_list":{"0":"post-317507","1":"post","2":"type-post","3":"status-publish","4":"format-standard","5":"has-post-thumbnail","7":"category-sante","8":"tag-fr","9":"tag-france","10":"tag-health","11":"tag-sante"},"share_on_mastodon":{"url":"https:\/\/pubeurope.com\/@fr\/115024425456014622","error":""},"_links":{"self":[{"href":"https:\/\/www.europesays.com\/fr\/wp-json\/wp\/v2\/posts\/317507","targetHints":{"allow":["GET"]}}],"collection":[{"href":"https:\/\/www.europesays.com\/fr\/wp-json\/wp\/v2\/posts"}],"about":[{"href":"https:\/\/www.europesays.com\/fr\/wp-json\/wp\/v2\/types\/post"}],"author":[{"embeddable":true,"href":"https:\/\/www.europesays.com\/fr\/wp-json\/wp\/v2\/users\/2"}],"replies":[{"embeddable":true,"href":"https:\/\/www.europesays.com\/fr\/wp-json\/wp\/v2\/comments?post=317507"}],"version-history":[{"count":0,"href":"https:\/\/www.europesays.com\/fr\/wp-json\/wp\/v2\/posts\/317507\/revisions"}],"wp:featuredmedia":[{"embeddable":true,"href":"https:\/\/www.europesays.com\/fr\/wp-json\/wp\/v2\/media\/317508"}],"wp:attachment":[{"href":"https:\/\/www.europesays.com\/fr\/wp-json\/wp\/v2\/media?parent=317507"}],"wp:term":[{"taxonomy":"category","embeddable":true,"href":"https:\/\/www.europesays.com\/fr\/wp-json\/wp\/v2\/categories?post=317507"},{"taxonomy":"post_tag","embeddable":true,"href":"https:\/\/www.europesays.com\/fr\/wp-json\/wp\/v2\/tags?post=317507"}],"curies":[{"name":"wp","href":"https:\/\/api.w.org\/{rel}","templated":true}]}}