{"id":31751,"date":"2025-04-17T13:23:44","date_gmt":"2025-04-17T13:23:44","guid":{"rendered":"https:\/\/www.europesays.com\/fr\/31751\/"},"modified":"2025-04-17T13:23:44","modified_gmt":"2025-04-17T13:23:44","slug":"la-chasse-aux-oeuvres-a-quoi-correspond-cette-image-prise-dans-le-grand-nancy","status":"publish","type":"post","link":"https:\/\/www.europesays.com\/fr\/31751\/","title":{"rendered":"La Chasse aux \u0153uvres. \u00c0 quoi correspond cette image prise dans le Grand Nancy ?"},"content":{"rendered":"<p>  A quoi correspond cette image prise \u00e0 Nancy\u00a0?<\/p>\n<p><strong>Un indice\u00a0:<\/strong> prenez de la hauteur<\/p>\n<p>Retrouvez la r\u00e9ponse sur notre site d\u00e8s demain matin, 7\u00a0h, et d\u00e9couvrez une nouvelle photo \u00e0 d\u00e9crypter.<\/p>\n<p>\n  R\u00e9ponse du dimanche 13 avril\n<\/p>\n<p>T\u00e9moignage du pass\u00e9, cette croix lorraine est sur une fa\u00e7ace d&rsquo;immeuble, situ\u00e9 162, rue de Strasbourg,\u00e0 Nancy.<br \/>D\u2019autres sont aussi visibles dans la ville comme sur la fa\u00e7ade de l\u2019\u00e9cole Marcel-Leroy (rue Mon-D\u00e9sert \u00e0 Nancy), ou encore aux deux portes de l\u2019\u00e9cole Charlemagne, situ\u00e9e place des Ducs-de-Bar, \u00e0 Nancy, ainsi qu&rsquo;au 57, rue Pasteur.<\/p>\n<p>Ces croix de couleur rouge ont \u00e9t\u00e9 dessin\u00e9es par la municipalit\u00e9 de Nancy, \u00e0 droite de l\u2019entr\u00e9e des b\u00e2timents comportant des caves dans lesquelles les habitants pouvaient s\u2019abriter lors des bombardements de la Premi\u00e8re Guerre mondiale. Puis lors de Seconde Guerre mondiale. <br \/>Parfois une lettre A (comme abri) \u00e9tait ajout\u00e9e.<\/p>\n<p>Nombre d\u2019entre elles n\u2019ont pas \u00e9t\u00e9 pr\u00e9serv\u00e9es et ont \u00e9t\u00e9 effac\u00e9es lors de ravalements de fa\u00e7ade.<\/p>\n<p>Pour anecdote, \u00e0 Metz, ce sont des grandes fl\u00e8ches blanches sur la fa\u00e7ade qui signalaient les abris.<\/p>\n","protected":false},"excerpt":{"rendered":"A quoi correspond cette image prise \u00e0 Nancy\u00a0? Un indice\u00a0: prenez de la hauteur Retrouvez la r\u00e9ponse sur&hellip;\n","protected":false},"author":2,"featured_media":31752,"comment_status":"","ping_status":"","sticky":false,"template":"","format":"standard","meta":{"footnotes":""},"categories":[9635],"tags":[1111,11,1687,1707,1704,1706,1705,1777,674,1011,27,775,1702,12,2661,25],"class_list":{"0":"post-31751","1":"post","2":"type-post","3":"status-publish","4":"format-standard","5":"has-post-thumbnail","7":"category-nancy","8":"tag-actu","9":"tag-actualites","10":"tag-culture-loisirs","11":"tag-edition-luneville","12":"tag-edition-nancy-et-agglomeration","13":"tag-edition-pont-a-mousson","14":"tag-edition-toul","15":"tag-eu","16":"tag-europe","17":"tag-fr","18":"tag-france","19":"tag-grand-est","20":"tag-nancy","21":"tag-news","22":"tag-patrimoine-culturel","23":"tag-republique-francaise"},"share_on_mastodon":{"url":"https:\/\/pubeurope.com\/@fr\/114353524153313169","error":""},"_links":{"self":[{"href":"https:\/\/www.europesays.com\/fr\/wp-json\/wp\/v2\/posts\/31751","targetHints":{"allow":["GET"]}}],"collection":[{"href":"https:\/\/www.europesays.com\/fr\/wp-json\/wp\/v2\/posts"}],"about":[{"href":"https:\/\/www.europesays.com\/fr\/wp-json\/wp\/v2\/types\/post"}],"author":[{"embeddable":true,"href":"https:\/\/www.europesays.com\/fr\/wp-json\/wp\/v2\/users\/2"}],"replies":[{"embeddable":true,"href":"https:\/\/www.europesays.com\/fr\/wp-json\/wp\/v2\/comments?post=31751"}],"version-history":[{"count":0,"href":"https:\/\/www.europesays.com\/fr\/wp-json\/wp\/v2\/posts\/31751\/revisions"}],"wp:featuredmedia":[{"embeddable":true,"href":"https:\/\/www.europesays.com\/fr\/wp-json\/wp\/v2\/media\/31752"}],"wp:attachment":[{"href":"https:\/\/www.europesays.com\/fr\/wp-json\/wp\/v2\/media?parent=31751"}],"wp:term":[{"taxonomy":"category","embeddable":true,"href":"https:\/\/www.europesays.com\/fr\/wp-json\/wp\/v2\/categories?post=31751"},{"taxonomy":"post_tag","embeddable":true,"href":"https:\/\/www.europesays.com\/fr\/wp-json\/wp\/v2\/tags?post=31751"}],"curies":[{"name":"wp","href":"https:\/\/api.w.org\/{rel}","templated":true}]}}