{"id":317510,"date":"2025-08-14T01:04:13","date_gmt":"2025-08-14T01:04:13","guid":{"rendered":"https:\/\/www.europesays.com\/fr\/317510\/"},"modified":"2025-08-14T01:04:13","modified_gmt":"2025-08-14T01:04:13","slug":"la-nuit-des-etoiles-les-raisons-dun-demenagement-au-folgoet","status":"publish","type":"post","link":"https:\/\/www.europesays.com\/fr\/317510\/","title":{"rendered":"La Nuit des \u00e9toiles\u00a0: les raisons d\u2019un d\u00e9m\u00e9nagement au\u00a0Folgo\u00ebt"},"content":{"rendered":"<p>\u00ab\u00a0Mes premiers contacts avec La Nuit des \u00e9toiles datent de novembre 2024\u00a0\u00bb, se souvient Pascal Kerboul, le maire du Folgo\u00ebt. \u00ab\u00a0Les organisateurs \u00e9taient alors \u00e0 la recherche d\u2019un nouveau site. Le probl\u00e8me \u00e0 Tr\u00e9flez \u00e9tait qu\u2019ils occupaient des terres agricoles mais voulaient organiser le festival chaque ann\u00e9e. Or, les exploitants sont tenus de respecter une rotation des cultures. L\u2019ann\u00e9e o\u00f9 ils s\u00e8ment du bl\u00e9, pas de probl\u00e8me\u00a0: la moisson est faite au moment de La Nuit des \u00e9toiles. Mais, l\u2019ann\u00e9e suivante, il faut mettre autre chose et, d\u00e8s lors, les parcelles sont encore en culture \u00e0 l\u2019heure du festival\u00a0\u00bb. \u00c0 moins de les laisser en jach\u00e8re. Bref, les agriculteurs concern\u00e9s \u00e9taient d\u2019accord pour mettre leurs champs \u00e0 disposition tous les deux ans, mais pas chaque ann\u00e9e.<\/p>\n<p>2 Le souci du confort<\/p>\n<p>La deuxi\u00e8me raison qui a motiv\u00e9 les organisateurs \u00e0 changer de site est la volont\u00e9 d\u2019augmenter la jauge. En 2024, le festival, exceptionnellement organis\u00e9 sur trois jours, avait attitr\u00e9 30\u00a0000 personnes, dont 15\u00a0000 sur la journ\u00e9e du samedi, qui avait affich\u00e9 complet. En s\u2019installant au Folgo\u00ebt, le festival jouit aujourd\u2019hui d\u2019un site en capacit\u00e9 d\u2019accueillir 30\u00a0000 personnes m\u00eame si, dans un souci de confort, la jauge a \u00e9t\u00e9 limit\u00e9e \u00e0 18\u00a0000 spectateurs. L\u2019augmentation s\u00e9rieuse du budget illustre aussi cette volont\u00e9 de monter en puissance. En un an, celui-ci est pass\u00e9 de 1,40 M\u20ac \u00e0 2,20 M\u20ac.<\/p>\n<p>3 Quelques tensions\u00a0?<\/p>\n<p>Venons-en maintenant \u00e0 l\u2019officieux. Il est en effet difficile d\u2019imaginer que quelques tensions au sein de l\u2019association ne seraient pas \u00e0 l\u2019origine de tous ces changements. Des tensions que sembleraient illustrer le changement de pr\u00e9sidence ainsi que le renouvellement plein et entier du bureau du festival. Pour autant, cette nouvelle \u00e9quipe semble avoir r\u00e9ussi \u00e0 f\u00e9d\u00e9rer autour d\u2019elle, puisqu\u2019elle est aujourd\u2019hui entour\u00e9e d\u2019un millier de b\u00e9n\u00e9voles.<\/p>\n","protected":false},"excerpt":{"rendered":"\u00ab\u00a0Mes premiers contacts avec La Nuit des \u00e9toiles datent de novembre 2024\u00a0\u00bb, se souvient Pascal Kerboul, le maire&hellip;\n","protected":false},"author":2,"featured_media":317511,"comment_status":"","ping_status":"","sticky":false,"template":"","format":"standard","meta":{"footnotes":""},"categories":[8],"tags":[3450,1697,251,872,58,765,59,849,3337,3321,1011,27,9815,31333,23054,873,11841],"class_list":{"0":"post-317510","1":"post","2":"type-post","3":"status-publish","4":"format-standard","5":"has-post-thumbnail","7":"category-divertissement","8":"tag-brest","9":"tag-concert","10":"tag-culture","11":"tag-culture-et-loisirs","12":"tag-divertissement","13":"tag-en-continu","14":"tag-entertainment","15":"tag-festival","16":"tag-festivals","17":"tag-finistere","18":"tag-fr","19":"tag-france","20":"tag-landerneau","21":"tag-le-folgoet","22":"tag-lesneven","23":"tag-musique","24":"tag-treflez"},"share_on_mastodon":{"url":"https:\/\/pubeurope.com\/@fr\/115024433383735231","error":""},"_links":{"self":[{"href":"https:\/\/www.europesays.com\/fr\/wp-json\/wp\/v2\/posts\/317510","targetHints":{"allow":["GET"]}}],"collection":[{"href":"https:\/\/www.europesays.com\/fr\/wp-json\/wp\/v2\/posts"}],"about":[{"href":"https:\/\/www.europesays.com\/fr\/wp-json\/wp\/v2\/types\/post"}],"author":[{"embeddable":true,"href":"https:\/\/www.europesays.com\/fr\/wp-json\/wp\/v2\/users\/2"}],"replies":[{"embeddable":true,"href":"https:\/\/www.europesays.com\/fr\/wp-json\/wp\/v2\/comments?post=317510"}],"version-history":[{"count":0,"href":"https:\/\/www.europesays.com\/fr\/wp-json\/wp\/v2\/posts\/317510\/revisions"}],"wp:featuredmedia":[{"embeddable":true,"href":"https:\/\/www.europesays.com\/fr\/wp-json\/wp\/v2\/media\/317511"}],"wp:attachment":[{"href":"https:\/\/www.europesays.com\/fr\/wp-json\/wp\/v2\/media?parent=317510"}],"wp:term":[{"taxonomy":"category","embeddable":true,"href":"https:\/\/www.europesays.com\/fr\/wp-json\/wp\/v2\/categories?post=317510"},{"taxonomy":"post_tag","embeddable":true,"href":"https:\/\/www.europesays.com\/fr\/wp-json\/wp\/v2\/tags?post=317510"}],"curies":[{"name":"wp","href":"https:\/\/api.w.org\/{rel}","templated":true}]}}