{"id":317514,"date":"2025-08-14T01:06:13","date_gmt":"2025-08-14T01:06:13","guid":{"rendered":"https:\/\/www.europesays.com\/fr\/317514\/"},"modified":"2025-08-14T01:06:13","modified_gmt":"2025-08-14T01:06:13","slug":"il-y-a-des-produits-quon-ne-trouve-plus-a-cognac-une-boutique-de-cd-dvd-vinyles-et-lego-doccasion-ouvre-en-centre-ville","status":"publish","type":"post","link":"https:\/\/www.europesays.com\/fr\/317514\/","title":{"rendered":"\u00ab\u00a0Il y a des produits qu\u2019on ne trouve plus\u00a0\u00bb: \u00c0 Cognac, une boutique de CD, DVD, vinyles et Lego d\u2019occasion ouvre en centre-ville"},"content":{"rendered":"<p>\u00ab\u00a0Il y a les enfants qui regardent et puis des grands, voir des tr\u00e8s grands enfants qui s\u2019arr\u00eatent aussi devant la vitrine, je pense que \u00e7a va bien marcher, il y a des produits qu\u2019on ne trouve plus, et il n\u2019y a pas grand monde qui fait \u00e7a ici.\u00a0\u00bb<\/p>\n<p>        <img decoding=\"async\" id=\"25545459\" src=\"https:\/\/www.europesays.com\/fr\/wp-content\/uploads\/2025\/08\/img-5562.jpg\" alt=\"Dans la boutique Kult\u2019 Okaz, un coin vinyle, en face les BD, les DVD et \u00e0 c\u00f4t\u00e9 les livres. \" itemprop=\"contentURL\"\/><\/p>\n<p>    Dans la boutique Kult\u2019 Okaz, un coin vinyle, en face les BD, les DVD et \u00e0 c\u00f4t\u00e9 les livres. <\/p>\n<p>CL<\/p>\n<p>Yann Gauvry a install\u00e9 sa boutique, Kult\u2019Okaz \u00e0 la place de l\u2019ancien magasin Les filles dans l\u2019atelier. Un coin de rue, du centre-ville, rue du canton, qui commence \u00e0 devenir l\u2019antre des \u00e9choppes d\u2019occasions \u00e0 Cognac, avec la recyclerie Gamin\u2019ries sp\u00e9cialis\u00e9e dans le v\u00eatement pour enfant ou encore Legacy Archives, qui fait de la friperie haut de gamme jusqu\u2019\u00e0 fin septembre.<\/p>\n<p>    La r\u00e9daction vous conseille<\/p>\n<p>Un comptoir d\u2019achat<\/p>\n<p>\u00ab\u00a0J\u2019avais envie de travailler pour moi, de mettre en place l\u2019exp\u00e9rience acquise\u00a0\u00bb, indique Yann Gauvry, Cogna\u00e7ais d\u2019origine. \u00ab\u00a0Et puis, \u00e7a fait plusieurs ann\u00e9es que \u00e7a me trotte de revenir dans la ville.\u00a0\u00bb Il a travaill\u00e9 pendant une douzaine d\u2019ann\u00e9es \u00e0 Angoul\u00eame dans un magasin du leader du secteur de l\u2019achat-revente. \u00ab\u00a0Je m\u2019occupais de tout ce qui \u00e9tait achat libre-service, et j\u2019ai relanc\u00e9 les vinyles d\u00e9but 2010 dans ce magasin, \u00e7a avait bien pris.\u00a0\u00bb<\/p>\n<blockquote><p>\u00ab\u00a0Le but c\u2019est d\u2019\u00eatre au bon prix, il faut que \u00e7a soit une bonne affaire.\u00a0\u00bb<\/p><\/blockquote>\n<p>Dans son espace de vente de pr\u00e8s de 70 m\u00e8tres carr\u00e9s, il a d\u00e9j\u00e0 install\u00e9 avant l\u2019ouverture sur les \u00e9tag\u00e8res, des livres, des DVD de films et de s\u00e9ries, mais aussi des vinyles et des jeux. Il va aussi installer un espace retrogaming, avec des consoles et des jeux vid\u00e9o d\u2019occasion.<\/p>\n<p>    La r\u00e9daction vous conseille<\/p>\n<p>Pour se fournir, il \u00e9cume les vide-maisons, les brocantes et les sites d\u2019occasions. \u00ab\u00a0Il faut avoir l\u2019\u0153il et faire une veille, et pour les prix, je regarde ce qui se pratique et je consulte les cotes. Le but c\u2019est d\u2019\u00eatre au bon prix, il faut que \u00e7a soit une bonne affaire.\u00a0\u00bb<\/p>\n<p>Il propose aussi l\u2019achat d\u2019objets culturels d\u2019occasion au comptoir ou \u00e0 domicile, si les collections sont volumineuses.<\/p>\n<p>Kult\u2019Okaz du mardi au samedi de 10h \u00e0 18h. Informations\u00a0: 06\u00a030\u00a021\u00a067\u00a028<\/p>\n","protected":false},"excerpt":{"rendered":"\u00ab\u00a0Il y a les enfants qui regardent et puis des grands, voir des tr\u00e8s grands enfants qui s\u2019arr\u00eatent&hellip;\n","protected":false},"author":2,"featured_media":317515,"comment_status":"","ping_status":"","sticky":false,"template":"","format":"standard","meta":{"footnotes":""},"categories":[6],"tags":[35,33,34,1011,27],"class_list":{"0":"post-317514","1":"post","2":"type-post","3":"status-publish","4":"format-standard","5":"has-post-thumbnail","7":"category-economie","8":"tag-business","9":"tag-economie","10":"tag-economy","11":"tag-fr","12":"tag-france"},"share_on_mastodon":{"url":"https:\/\/pubeurope.com\/@fr\/115024441144077757","error":""},"_links":{"self":[{"href":"https:\/\/www.europesays.com\/fr\/wp-json\/wp\/v2\/posts\/317514","targetHints":{"allow":["GET"]}}],"collection":[{"href":"https:\/\/www.europesays.com\/fr\/wp-json\/wp\/v2\/posts"}],"about":[{"href":"https:\/\/www.europesays.com\/fr\/wp-json\/wp\/v2\/types\/post"}],"author":[{"embeddable":true,"href":"https:\/\/www.europesays.com\/fr\/wp-json\/wp\/v2\/users\/2"}],"replies":[{"embeddable":true,"href":"https:\/\/www.europesays.com\/fr\/wp-json\/wp\/v2\/comments?post=317514"}],"version-history":[{"count":0,"href":"https:\/\/www.europesays.com\/fr\/wp-json\/wp\/v2\/posts\/317514\/revisions"}],"wp:featuredmedia":[{"embeddable":true,"href":"https:\/\/www.europesays.com\/fr\/wp-json\/wp\/v2\/media\/317515"}],"wp:attachment":[{"href":"https:\/\/www.europesays.com\/fr\/wp-json\/wp\/v2\/media?parent=317514"}],"wp:term":[{"taxonomy":"category","embeddable":true,"href":"https:\/\/www.europesays.com\/fr\/wp-json\/wp\/v2\/categories?post=317514"},{"taxonomy":"post_tag","embeddable":true,"href":"https:\/\/www.europesays.com\/fr\/wp-json\/wp\/v2\/tags?post=317514"}],"curies":[{"name":"wp","href":"https:\/\/api.w.org\/{rel}","templated":true}]}}