{"id":317520,"date":"2025-08-14T01:09:14","date_gmt":"2025-08-14T01:09:14","guid":{"rendered":"https:\/\/www.europesays.com\/fr\/317520\/"},"modified":"2025-08-14T01:09:14","modified_gmt":"2025-08-14T01:09:14","slug":"supporters-bonheur-et-attentes-luis-enrique-ne-mache-pas-ses-mots","status":"publish","type":"post","link":"https:\/\/www.europesays.com\/fr\/317520\/","title":{"rendered":"Supporters, bonheur et attentes, Luis Enrique ne m\u00e2che pas ses mots"},"content":{"rendered":"<p><strong>Le Paris Saint-Germain s\u2019est impos\u00e9 (2-2, puis 4-3 aux tirs au but) f<\/strong><strong>ace \u00e0 Tottenham (<a href=\"https:\/\/www.parisfans.fr\/videos-psg\/resume-video-psg-tottenham-2-2-et-4-3-aux-tab-les-parisiens-renversent-les-spurs-865247.html\" target=\"_blank\" rel=\"noopener\">r\u00e9sum\u00e9 vid\u00e9o PSG\/Tottenham<\/a><b>)<\/b> ce mercredi au Stade Bluenergy d\u2019Udine dans le cadre de la Supercoupe d\u2019Europe 2025. Apr\u00e8s ce match, l\u2019entra\u00eeneur parisien Luis Enrique s\u2019est exprim\u00e9 au micro de Canal+.<\/strong><\/p>\n<p>Luis Enrique \u00ab\u00a0c\u2019est tr\u00e8s joli d\u2019avoir ce troph\u00e9e et d\u2019avoir gagn\u00e9 ce troph\u00e9e et de l\u2019offrir \u00e0 nos supporters.\u00a0\u00bb<\/p>\n<p><strong>On ne s\u2019en lasse pas ?<\/strong><\/p>\n<p>Je pense que c\u2019est difficile de parler de ce match parce qu\u2019on s\u2019est entra\u00een\u00e9 5 et 6 jours. C\u2019est incroyable, il y a nos supporters, ils sont l\u00e0 tout le temps, et peu importe le r\u00e9sultat, ils sont l\u00e0. Ils se tiennent l\u2019\u00e9quipe et pour nous, c\u2019est tr\u00e8s joli d\u2019avoir ce troph\u00e9e et d\u2019avoir gagn\u00e9 ce troph\u00e9e et de l\u2019offrir \u00e0 nos supporters.<\/p>\n<p><strong>Comment vos joueurs ont trouv\u00e9 ces ressources ?<\/strong><\/p>\n<p>Je pense que Tottenham a jou\u00e9 un tr\u00e8s bon match, ils \u00e9taient meilleurs que nous. On a eu la m\u00eame capacit\u00e9 de lutter et je pense que je suis pas s\u00fbr que ce soit juste mais on est content pour le supporter. On doit s\u2019am\u00e9liorer.<\/p>\n<p>Luis Enrique \u00ab\u00a0J\u2019esp\u00e8re \u00eatre encore plus surpris toujours.\u00a0\u00bb<\/p>\n<p><strong>Vous \u00eates surpris par vos joueurs ?<\/strong><\/p>\n<p>J\u2019esp\u00e8re \u00eatre encore plus surpris toujours.<\/p>\n<p><strong>Un mot sur Chevalier ?<\/strong><\/p>\n<p>Je suis tr\u00e8s content pour lui et pour toute l\u2019\u00e9quipe.<\/p>\n<p>\t\t\t\t\t\t\t\t\t\t\t\t\t\t\t\t\t\t\t\t\t\t\t<img loading=\"lazy\" src=\"https:\/\/www.europesays.com\/fr\/wp-content\/uploads\/2025\/04\/ParisFans_Logo.png\" decoding=\"async\" class=\"lazyload\" width=\"240\" height=\"54\" data-eio-rwidth=\"240\" data-eio-rheight=\"54\"\/><\/p>\n","protected":false},"excerpt":{"rendered":"Le Paris Saint-Germain s\u2019est impos\u00e9 (2-2, puis 4-3 aux tirs au but) face \u00e0 Tottenham (r\u00e9sum\u00e9 vid\u00e9o PSG\/Tottenham)&hellip;\n","protected":false},"author":2,"featured_media":317521,"comment_status":"","ping_status":"","sticky":false,"template":"","format":"standard","meta":{"footnotes":""},"categories":[2],"tags":[11,1011,27,921,12,39213],"class_list":{"0":"post-317520","1":"post","2":"type-post","3":"status-publish","4":"format-standard","5":"has-post-thumbnail","7":"category-actualites","8":"tag-actualites","9":"tag-fr","10":"tag-france","11":"tag-luis-enrique","12":"tag-news","13":"tag-psg-tottenham"},"share_on_mastodon":{"url":"https:\/\/pubeurope.com\/@fr\/115024452851998475","error":""},"_links":{"self":[{"href":"https:\/\/www.europesays.com\/fr\/wp-json\/wp\/v2\/posts\/317520","targetHints":{"allow":["GET"]}}],"collection":[{"href":"https:\/\/www.europesays.com\/fr\/wp-json\/wp\/v2\/posts"}],"about":[{"href":"https:\/\/www.europesays.com\/fr\/wp-json\/wp\/v2\/types\/post"}],"author":[{"embeddable":true,"href":"https:\/\/www.europesays.com\/fr\/wp-json\/wp\/v2\/users\/2"}],"replies":[{"embeddable":true,"href":"https:\/\/www.europesays.com\/fr\/wp-json\/wp\/v2\/comments?post=317520"}],"version-history":[{"count":0,"href":"https:\/\/www.europesays.com\/fr\/wp-json\/wp\/v2\/posts\/317520\/revisions"}],"wp:featuredmedia":[{"embeddable":true,"href":"https:\/\/www.europesays.com\/fr\/wp-json\/wp\/v2\/media\/317521"}],"wp:attachment":[{"href":"https:\/\/www.europesays.com\/fr\/wp-json\/wp\/v2\/media?parent=317520"}],"wp:term":[{"taxonomy":"category","embeddable":true,"href":"https:\/\/www.europesays.com\/fr\/wp-json\/wp\/v2\/categories?post=317520"},{"taxonomy":"post_tag","embeddable":true,"href":"https:\/\/www.europesays.com\/fr\/wp-json\/wp\/v2\/tags?post=317520"}],"curies":[{"name":"wp","href":"https:\/\/api.w.org\/{rel}","templated":true}]}}