{"id":317525,"date":"2025-08-14T01:15:15","date_gmt":"2025-08-14T01:15:15","guid":{"rendered":"https:\/\/www.europesays.com\/fr\/317525\/"},"modified":"2025-08-14T01:15:15","modified_gmt":"2025-08-14T01:15:15","slug":"la-directrice-du-camping-ou-eddie-goujit-travaillait-raconte","status":"publish","type":"post","link":"https:\/\/www.europesays.com\/fr\/317525\/","title":{"rendered":"la directrice du camping o\u00f9 Eddie Goujit travaillait raconte"},"content":{"rendered":"<p>    \u00c9crit par<\/p>\n<p>      <a class=\"authors__author__link\" href=\"https:\/\/france3-regions.franceinfo.fr\/redaction\/aissaoui-sofian\" data-name=\"Sofian Aissaoui\" data-region=\"https:\/\/france3-regions.franceinfo.fr\/provence-alpes-cote-d-azur\/\" rel=\"nofollow noopener\" target=\"_blank\"><br \/>\n                Sofian Aissaoui<br \/>\n              <\/a>    <\/p>\n<p>      Publi\u00e9 le13\/08\/2025 \u00e0 11h49<\/p>\n<p><a class=\"btn-text__default btn-text__primary btn-text__on-white has--icon\" href=\"https:\/\/france3-regions.franceinfo.fr\/provence-alpes-cote-d-azur\/\" data-region=\"provence-alpes-cote-d-azur\" rel=\"nofollow noopener\" target=\"_blank\"><\/p>\n<p>              Provence-Alpes-C\u00f4te d&rsquo;Azur<\/p>\n<p>  <\/a>    <\/p>\n<ul class=\"article-share--alt__lst\">\n<li class=\"article-share--alt__lst__itm\">\n<p>\t\t\t\tFrance3 R\u00e9gions sur Facebook (Nouvelle fen\u00eatre)<\/p>\n<\/li>\n<li class=\"article-share--alt__lst__itm\">\n<p>\t\t\t\tFrance3 R\u00e9gions sur whatsapp (Nouvelle fen\u00eatre)<\/p>\n<\/li>\n<li class=\"article-share--alt__lst__itm\">\n<p>\t\t\t\tcopier le lien<br \/>\n\t\t\t\tlien copi\u00e9<\/p>\n<\/li>\n<\/ul>\n<p class=\"article__intro\">Eddie Goujit, candidat d\u00e9clar\u00e9 \u00e0 la mairie de Toulon et vis\u00e9 par des plaintes de la R\u00e9gion pour usurpation de fonction et escroqueries, \u00e9tait recherch\u00e9 depuis des mois. Il travaillait ces derni\u00e8res semaines comme animateur saisonnier dans un camping ard\u00e9chois. La directrice, exc\u00e9d\u00e9e, raconte les semaines qui ont pr\u00e9c\u00e9d\u00e9 son interpellation et sa garde \u00e0 vue \u00e0 Toulon.<\/p>\n<p>\n      La Quotidienne Soci\u00e9t\u00e9\n    <\/p>\n<p>\n      De la vie quotidienne aux grands enjeux, recevez tous les jours les sujets qui font la soci\u00e9t\u00e9 locale, comme la justice, l\u2019\u00e9ducation, la sant\u00e9 et la famille.\n    <\/p>\n<p>    France T\u00e9l\u00e9visions utilise votre adresse e-mail afin de vous envoyer la newsletter \u00ab\u00a0La Quotidienne Soci\u00e9t\u00e9\u00a0\u00bb. Vous pouvez vous d\u00e9sinscrire \u00e0 tout moment via le lien en bas de cette newsletter. <a target=\"_blank\" href=\"https:\/\/www.francetelevisions.fr\/groupe\/confidentialite\/politique-de-confidentialite\/politique-de-confidentialite-de-france-televisions-6503\" rel=\"nofollow noopener\">Notre politique de confidentialit\u00e9<\/a><\/p>\n<p>Pendant l&rsquo;\u00e9t\u00e9, <a href=\"https:\/\/france3-regions.franceinfo.fr\/provence-alpes-cote-d-azur\/var\/toulon\/eddie-goujit-nie-s-etre-fait-passer-pour-un-conseiller-regional-pendant-plusieurs-mois-a-part-les-dires-ou-sont-les-faits-3111139.html\" target=\"_blank\" rel=\"noopener nofollow\">Eddie Goujit, 18 ans<\/a>, a travaill\u00e9 comme animateur saisonnier au camping du Lion, \u00e0 Bourg-Saint-And\u00e9ol en Ard\u00e8che. C\u2019est l\u00e0, bien loin de Toulon o\u00f9 il s&rsquo;\u00e9tait d\u00e9clar\u00e9 candidat aux municipales de 2026, qu\u2019il a \u00e9t\u00e9 interpell\u00e9 ce dimanche 11 ao\u00fbt.<\/p>\n<p>Alors que plusieurs plaintes avaient \u00e9t\u00e9 d\u00e9pos\u00e9es contre lui, le jeune homme a donc poursuivi ses mises en sc\u00e8ne dans ce camping familial. La g\u00e9rante raconte<\/p>\n<p>La g\u00e9rante de l\u2019\u00e9tablissement se dit aujourd&rsquo;hui rassur\u00e9e, m\u00eame si l&rsquo;appr\u00e9hension existe encore. \u00ab\u00a0On se dit qu&rsquo;il peut r\u00e9appara\u00eetre \u00e0 tout moment&#8230;\u00a0\u00bb<\/p>\n<p>La directrice de ce camping ard\u00e9chois raconte l\u2019avoir recrut\u00e9 sans v\u00e9rifier ses ant\u00e9c\u00e9dents : \u00ab\u00a0Je fais partie de la vieille \u00e9cole, je pr\u00e9f\u00e8re juger le salari\u00e9 par lui-m\u00eame. Il nous a envoy\u00e9 son CV, on a fait une visio, il \u00e9tait tr\u00e8s gentil. On l\u2019a donc embauch\u00e9 pour la saison. \u00c7a ne m&rsquo;est pas venu \u00e0 l\u2019id\u00e9e de regarder sur internet.\u00a0\u00bb<\/p>\n<p>Dans son CV, le jeune homme affiche notamment plusieurs exp\u00e9riences comme la \u00ab\u00a0gestion d&rsquo;une \u00e9quipe de cinq animateurs\u00a0\u00bb dans un camping ou des s\u00e9jours en tant qu&rsquo;animateur de colonies de vacances \u00e0 la montagne ou \u00e0 la plage.<\/p>\n<p>Tr\u00e8s vite pourtant, des incoh\u00e9rences apparaissent. \u00ab\u00a0Il disait \u00eatre en deuxi\u00e8me ann\u00e9e de Sciences Po alors qu\u2019il faisait des fautes incroyables. Il disait aussi que sa m\u00e8re \u00e9tait procureure, et son p\u00e8re actionnaire d&rsquo;une grande entreprise. Il me sortait des histoires pas possibles.\u00a0\u00bb <\/p>\n<p>Du propre aveu de la directrice, Eddie Goujit sait se montrer plein d&rsquo;affection, n&rsquo;h\u00e9sitant pas \u00e0 s&rsquo;engager dans de grandes d\u00e9clarations d&rsquo;amour.<\/p>\n<blockquote class=\"ftvi_content_quote\">\n<p class=\"ftvi_citation_quote\">Il me disait que je suis sa maman adoptive.<\/p>\n<p>La directrice du camping<\/p>\n<p class=\"ftvi_citation_source\">\u00e0 France 3 C\u00f4te d&rsquo;Azur<\/p>\n<\/blockquote>\n<p>Mais sur le terrain, l\u2019animateur ne convainc pas. \u00ab\u00a0\u00c0 part faire le pitre rigolo, il ne savait pas organiser quoi que ce soit. Ce qui \u00e9tait un gar\u00e7on sympathique au d\u00e9but s\u2019est vite transform\u00e9 en un baratineur.\u00a0\u00bb<\/p>\n<p>Selon la g\u00e9rante, Eddie Goujit savait s\u00e9duire et d\u00e9stabiliser. \u00ab\u00a0Il a une emprise. Il vous met hors de vous, mais il vous c\u00e2line ensuite. C\u2019est un vrai manipulateur.\u00a0\u00bb raconte-t-elle. Et dans les moments de frictions, le jeune homme n&rsquo;h\u00e9site pas non plus \u00e0 utiliser la peur. \u00ab\u00a0Il lui est arriv\u00e9 de me sortir des textes de loi.\u00a0\u00bb<\/p>\n<p>Avec les salari\u00e9s de l&rsquo;\u00e9tablissement, le jeune homme montre \u00e9galement des comportements pr\u00e9occupants. \u00ab\u00a0Il parlait aux femmes de m\u00e9nage d&rsquo;une mani\u00e8re totalement d\u00e9plac\u00e9e&#8230; Il leur disait d&rsquo;aller nettoyer leur merde.\u00a0\u00bb<\/p>\n<p>Au fur et \u00e0 mesure, la directrice prend conscience que plusieurs irr\u00e9gularit\u00e9s sont \u00e0 souligner : les clients commencent \u00e0 remonter des faits troublants : \u00ab\u00a0J\u2019ai appris des choses par les clients. Notamment qu&rsquo;il organisait des soir\u00e9es o\u00f9 il demandait des sous aux enfants.\u00a0\u00bb La directrice finit par rechercher son nom sur internet.<\/p>\n<blockquote class=\"ftvi_content_quote\">\n<p class=\"ftvi_citation_quote\">C\u2019est quand j\u2019ai tap\u00e9 son nom sur Google que j\u2019ai compris qu\u2019il \u00e9tait recherch\u00e9.<\/p>\n<p>La directrice du camping<\/p>\n<p class=\"ftvi_citation_source\">\u00e0 France 3 C\u00f4te d&rsquo;Azur<\/p>\n<\/blockquote>\n<p>Elle d\u00e9couvre notamment tous les faits pour lesquels il est accus\u00e9, ce qu&rsquo;il nie quand elle lui en parle.<\/p>\n<p>Face \u00e0 l\u2019accumulation des faits troublants, la g\u00e9rante d\u00e9cide d&rsquo;engager une discussion avec son salari\u00e9. \u00ab\u00a0Je lui ai fait comprendre que le mieux c\u2019\u00e9tait qu\u2019il s\u2019en aille, ce qu&rsquo;il refusait.\u00a0\u00bb La gendarmerie est pr\u00e9venue d\u00e8s le vendredi 8 ao\u00fbt que le jeune homme se trouve dans le camping. \u00ab\u00a0Ce n\u2019est que le dimanche qu\u2019ils l\u2019ont attrap\u00e9. Si on m\u2019avait dit qu\u2019il \u00e9tait recherch\u00e9, on aurait agi diff\u00e9remment&#8230;\u00a0\u00bb<\/p>\n<blockquote class=\"ftvi_content_quote\">\n<p class=\"ftvi_citation_quote\">Il est d\u00e9clar\u00e9 \u00e0 l&rsquo;Urssaf, comment ils ont pu ne pas l&rsquo;attraper avant ?<\/p>\n<p>La directrice du camping<\/p>\n<p class=\"ftvi_citation_source\">\u00e0 France 3 C\u00f4te d&rsquo;Azur<\/p>\n<\/blockquote>\n<p>Aujourd\u2019hui, la directrice garde un go\u00fbt amer de l\u2019exp\u00e9rience : \u00ab\u00a0Il a endormi je ne sais combien de personnes. Il a essay\u00e9 de nous prendre pour des idiots. C\u2019est un parleur, un tr\u00e8s beau parleur\u2026 \u00ab\u00a0<\/p>\n<p>Eddie Goujit est pour l&rsquo;instant toujours en garde \u00e0 vue \u00e0 Toulon. Il sera pr\u00e9sent\u00e9 au juge d&rsquo;instruction ce mercredi 13 ao\u00fbt.<\/p>\n","protected":false},"excerpt":{"rendered":"\u00c9crit par Sofian Aissaoui Publi\u00e9 le13\/08\/2025 \u00e0 11h49 Provence-Alpes-C\u00f4te d&rsquo;Azur France3 R\u00e9gions sur Facebook (Nouvelle fen\u00eatre) France3 R\u00e9gions&hellip;\n","protected":false},"author":2,"featured_media":317526,"comment_status":"","ping_status":"","sticky":false,"template":"","format":"standard","meta":{"footnotes":""},"categories":[9619],"tags":[1111,11,1777,674,1011,27,12,882,25,2310],"class_list":{"0":"post-317525","1":"post","2":"type-post","3":"status-publish","4":"format-standard","5":"has-post-thumbnail","7":"category-toulon","8":"tag-actu","9":"tag-actualites","10":"tag-eu","11":"tag-europe","12":"tag-fr","13":"tag-france","14":"tag-news","15":"tag-provence-alpes-cote-dazur","16":"tag-republique-francaise","17":"tag-toulon"},"share_on_mastodon":{"url":"https:\/\/pubeurope.com\/@fr\/115024476457193340","error":""},"_links":{"self":[{"href":"https:\/\/www.europesays.com\/fr\/wp-json\/wp\/v2\/posts\/317525","targetHints":{"allow":["GET"]}}],"collection":[{"href":"https:\/\/www.europesays.com\/fr\/wp-json\/wp\/v2\/posts"}],"about":[{"href":"https:\/\/www.europesays.com\/fr\/wp-json\/wp\/v2\/types\/post"}],"author":[{"embeddable":true,"href":"https:\/\/www.europesays.com\/fr\/wp-json\/wp\/v2\/users\/2"}],"replies":[{"embeddable":true,"href":"https:\/\/www.europesays.com\/fr\/wp-json\/wp\/v2\/comments?post=317525"}],"version-history":[{"count":0,"href":"https:\/\/www.europesays.com\/fr\/wp-json\/wp\/v2\/posts\/317525\/revisions"}],"wp:featuredmedia":[{"embeddable":true,"href":"https:\/\/www.europesays.com\/fr\/wp-json\/wp\/v2\/media\/317526"}],"wp:attachment":[{"href":"https:\/\/www.europesays.com\/fr\/wp-json\/wp\/v2\/media?parent=317525"}],"wp:term":[{"taxonomy":"category","embeddable":true,"href":"https:\/\/www.europesays.com\/fr\/wp-json\/wp\/v2\/categories?post=317525"},{"taxonomy":"post_tag","embeddable":true,"href":"https:\/\/www.europesays.com\/fr\/wp-json\/wp\/v2\/tags?post=317525"}],"curies":[{"name":"wp","href":"https:\/\/api.w.org\/{rel}","templated":true}]}}