{"id":317527,"date":"2025-08-14T01:16:11","date_gmt":"2025-08-14T01:16:11","guid":{"rendered":"https:\/\/www.europesays.com\/fr\/317527\/"},"modified":"2025-08-14T01:16:11","modified_gmt":"2025-08-14T01:16:11","slug":"toulon-fermeture-des-services-de-letat-dans-le-var-vendredi-15-aout","status":"publish","type":"post","link":"https:\/\/www.europesays.com\/fr\/317527\/","title":{"rendered":"TOULON : Fermeture des services de l\u2019\u00c9tat dans le Var, vendredi 15 ao\u00fbt"},"content":{"rendered":"<p><strong>Fermeture des services de l\u2019\u00c9tat dans le Var, le vendredi 15 ao\u00fbt 2025.<\/strong><\/p>\n<p>FERMETURE EXCEPTIONNELLE \u2013 Les services d\u00e9partementaux de l\u2019\u00c9tat seront ferm\u00e9s exceptionnellement vendredi 15 ao\u00fbt 2025.<\/p>\n<p><strong>La pr\u00e9fecture du Var informe les usagers que les services d\u00e9partementaux de l\u2019\u00c9tat recevant du public seront ferm\u00e9s exceptionnellement vendredi 15 ao\u00fbt 2025 :<\/strong><\/p>\n<blockquote>\n<p>la pr\u00e9fecture de Toulon,<br \/>&gt; les sous-pr\u00e9fectures de Brignoles et Draguignan,<br \/>&gt; la direction d\u00e9partementale de l\u2019emploi, du travail et des solidarit\u00e9s (DDETS),<br \/>&gt; la direction d\u00e9partementale de la protection des populations (DDPP),<br \/>&gt; la direction d\u00e9partementale des territoires et de la mer (DDTM),<br \/>&gt; la direction d\u00e9partementale des Finances Publiques (DDFIP).<\/p>\n<\/blockquote>\n<p>Les services de l\u2019\u00c9tat accueilleront de nouveau les usagers \u00e0 partir du lundi 18 ao\u00fbt 2025\u00a0aux horaires habituels consultables sur le site de la pr\u00e9fecture<a href=\"http:\/\/www.var.gouv.fr\" rel=\"nofollow noopener\" target=\"_blank\"> www.var.gouv.fr<\/a><strong> ou directement via le lien suivant<\/strong> :<a href=\"https:\/\/www.var.gouv.fr\/Outils\/Horaires-et-coordonnees\" rel=\"nofollow noopener\" target=\"_blank\">https:\/\/www.var.gouv.fr\/Outils\/Horaires-et-coordonnees<\/a><\/p>\n","protected":false},"excerpt":{"rendered":"Fermeture des services de l\u2019\u00c9tat dans le Var, le vendredi 15 ao\u00fbt 2025. FERMETURE EXCEPTIONNELLE \u2013 Les services&hellip;\n","protected":false},"author":2,"featured_media":92560,"comment_status":"","ping_status":"","sticky":false,"template":"","format":"standard","meta":{"footnotes":""},"categories":[9619],"tags":[1111,11,1777,674,1011,27,12,882,25,2310],"class_list":{"0":"post-317527","1":"post","2":"type-post","3":"status-publish","4":"format-standard","5":"has-post-thumbnail","7":"category-toulon","8":"tag-actu","9":"tag-actualites","10":"tag-eu","11":"tag-europe","12":"tag-fr","13":"tag-france","14":"tag-news","15":"tag-provence-alpes-cote-dazur","16":"tag-republique-francaise","17":"tag-toulon"},"share_on_mastodon":{"url":"https:\/\/pubeurope.com\/@fr\/115024480393315605","error":""},"_links":{"self":[{"href":"https:\/\/www.europesays.com\/fr\/wp-json\/wp\/v2\/posts\/317527","targetHints":{"allow":["GET"]}}],"collection":[{"href":"https:\/\/www.europesays.com\/fr\/wp-json\/wp\/v2\/posts"}],"about":[{"href":"https:\/\/www.europesays.com\/fr\/wp-json\/wp\/v2\/types\/post"}],"author":[{"embeddable":true,"href":"https:\/\/www.europesays.com\/fr\/wp-json\/wp\/v2\/users\/2"}],"replies":[{"embeddable":true,"href":"https:\/\/www.europesays.com\/fr\/wp-json\/wp\/v2\/comments?post=317527"}],"version-history":[{"count":0,"href":"https:\/\/www.europesays.com\/fr\/wp-json\/wp\/v2\/posts\/317527\/revisions"}],"wp:featuredmedia":[{"embeddable":true,"href":"https:\/\/www.europesays.com\/fr\/wp-json\/wp\/v2\/media\/92560"}],"wp:attachment":[{"href":"https:\/\/www.europesays.com\/fr\/wp-json\/wp\/v2\/media?parent=317527"}],"wp:term":[{"taxonomy":"category","embeddable":true,"href":"https:\/\/www.europesays.com\/fr\/wp-json\/wp\/v2\/categories?post=317527"},{"taxonomy":"post_tag","embeddable":true,"href":"https:\/\/www.europesays.com\/fr\/wp-json\/wp\/v2\/tags?post=317527"}],"curies":[{"name":"wp","href":"https:\/\/api.w.org\/{rel}","templated":true}]}}