{"id":317535,"date":"2025-08-14T01:24:15","date_gmt":"2025-08-14T01:24:15","guid":{"rendered":"https:\/\/www.europesays.com\/fr\/317535\/"},"modified":"2025-08-14T01:24:15","modified_gmt":"2025-08-14T01:24:15","slug":"om-rien-que-le-plaisir-de-reprendre-le-car-les-supporters-olympiens-impatients-de-se-rendre-a-rennes","status":"publish","type":"post","link":"https:\/\/www.europesays.com\/fr\/317535\/","title":{"rendered":"OM. \u00ab\u00a0Rien que le plaisir de reprendre le car\u2026\u00a0\u00bb, les supporters olympiens impatients de se rendre \u00e0 Rennes"},"content":{"rendered":"<p>C\u2019est bient\u00f4t le grand week-end. Pas celui du traditionnel chass\u00e9-crois\u00e9 entre juilletistes et ao\u00fbtiens, d\u00e9j\u00e0 pass\u00e9, ni celui de la cl\u00f4ture du mercato, pr\u00e9vu le 1er\u00a0septembre, mais <a href=\"https:\/\/www.laprovence.com\/article\/om\/2822139216479614\/football-abonnements-tarifs-promotions-distribution-tout-savoir-sur-ligue1-le-nouveau-diffuseur-du-championnat-de-france\" target=\"_blank\" rel=\"nofollow noopener\">celui des trois coups de la Ligue 1<\/a> et de son cort\u00e8ge de paillettes. L\u2019OM ayant l\u2019insigne honneur d\u2019ouvrir le bal du championnat de France loin du stade V\u00e9lodrome, vendredi soir (20h45) \u00e0 Rennes, ses supporters vont donc reprendre la route et le ballet des escortes polici\u00e8res apr\u00e8s une belle plage de repos. Ils seront ainsi 1250 \u00e0 garnir le parcage visiteurs du Roazhon Park (et sans doute quelques-uns aussi dans les autres tribunes) pour encourager l\u2019escouade de <a href=\"https:\/\/www.laprovence.com\/article\/om\/4038123634227614\/om-aston-villa-jaime-notre-attitude-a-reagi-de-zerbi\" target=\"_blank\" rel=\"nofollow noopener\">Roberto De Zerbi<\/a> et porter haut les couleurs de l\u2019Olympique de Marseille.<\/p>\n","protected":false},"excerpt":{"rendered":"C\u2019est bient\u00f4t le grand week-end. Pas celui du traditionnel chass\u00e9-crois\u00e9 entre juilletistes et ao\u00fbtiens, d\u00e9j\u00e0 pass\u00e9, ni celui&hellip;\n","protected":false},"author":2,"featured_media":317536,"comment_status":"","ping_status":"","sticky":false,"template":"","format":"standard","meta":{"footnotes":""},"categories":[2821],"tags":[17,1111,11,829,19564,1777,674,1011,27,151,12,149,9666,746,584,2860,25,24],"class_list":{"0":"post-317535","1":"post","2":"type-post","3":"status-publish","4":"format-standard","5":"has-post-thumbnail","7":"category-rennes","8":"tag-17","9":"tag-actu","10":"tag-actualites","11":"tag-bretagne","12":"tag-car","13":"tag-eu","14":"tag-europe","15":"tag-fr","16":"tag-france","17":"tag-les","18":"tag-news","19":"tag-om","20":"tag-plaisir","21":"tag-que","22":"tag-rennes","23":"tag-reprendre","24":"tag-republique-francaise","25":"tag-rien"},"share_on_mastodon":{"url":"https:\/\/pubeurope.com\/@fr\/115024511823168879","error":""},"_links":{"self":[{"href":"https:\/\/www.europesays.com\/fr\/wp-json\/wp\/v2\/posts\/317535","targetHints":{"allow":["GET"]}}],"collection":[{"href":"https:\/\/www.europesays.com\/fr\/wp-json\/wp\/v2\/posts"}],"about":[{"href":"https:\/\/www.europesays.com\/fr\/wp-json\/wp\/v2\/types\/post"}],"author":[{"embeddable":true,"href":"https:\/\/www.europesays.com\/fr\/wp-json\/wp\/v2\/users\/2"}],"replies":[{"embeddable":true,"href":"https:\/\/www.europesays.com\/fr\/wp-json\/wp\/v2\/comments?post=317535"}],"version-history":[{"count":0,"href":"https:\/\/www.europesays.com\/fr\/wp-json\/wp\/v2\/posts\/317535\/revisions"}],"wp:featuredmedia":[{"embeddable":true,"href":"https:\/\/www.europesays.com\/fr\/wp-json\/wp\/v2\/media\/317536"}],"wp:attachment":[{"href":"https:\/\/www.europesays.com\/fr\/wp-json\/wp\/v2\/media?parent=317535"}],"wp:term":[{"taxonomy":"category","embeddable":true,"href":"https:\/\/www.europesays.com\/fr\/wp-json\/wp\/v2\/categories?post=317535"},{"taxonomy":"post_tag","embeddable":true,"href":"https:\/\/www.europesays.com\/fr\/wp-json\/wp\/v2\/tags?post=317535"}],"curies":[{"name":"wp","href":"https:\/\/api.w.org\/{rel}","templated":true}]}}