{"id":317552,"date":"2025-08-14T01:39:10","date_gmt":"2025-08-14T01:39:10","guid":{"rendered":"https:\/\/www.europesays.com\/fr\/317552\/"},"modified":"2025-08-14T01:39:10","modified_gmt":"2025-08-14T01:39:10","slug":"previsions-du-jeudi-14-aout-2025-6","status":"publish","type":"post","link":"https:\/\/www.europesays.com\/fr\/317552\/","title":{"rendered":"pr\u00e9visions du jeudi 14 ao\u00fbt 2025"},"content":{"rendered":"<p>Un splendide soleil va briller sur Marseille et ce, tout au long de la journ\u00e9e. Le mercure affichera 28\u00b0C en moyenne. Les fortes chaleurs sont pr\u00e9sentes. Avec des temp\u00e9ratures comprises entre 26 et 30\u00b0C. Les valeurs afficheront entre 26 et 30\u00b0C durant la matin\u00e9e. Une l\u00e9g\u00e8re brise de sud sera ressentie par les habitants. La ville va p\u00e2tir d&rsquo;importantes chaleurs avec des temp\u00e9ratures qui devraient monter \u00e0 30\u00b0C l&rsquo;apr\u00e8s-midi. Les valeurs s&rsquo;\u00e9chelonneront entre 29\u00b0C et 30\u00b0C. Des pluies \u00e9parses vont tomber tout au long de la soir\u00e9e. Les temp\u00e9ratures s&rsquo;\u00e9chelonneront de 27 \u00e0 28\u00b0C. C&rsquo;est un ciel clair que conna\u00eetra la nuit de jeudi \u00e0 vendredi.<\/p>\n<p>Un bel ensoleillement est attendu demain \u00e0 Marseille. La p\u00e9riode de grosses chaleurs est bien l\u00e0, avec des valeurs qui risqueront de monter jusqu&rsquo;\u00e0 31\u00b0C. Les temp\u00e9ratures seront comprises entre 25 et 31\u00b0C. Les valeurs maximales pr\u00e9vues le matin sont \u00e9lev\u00e9es, avec 31\u00b0C. Les maximales pourront atteindre 31\u00b0C et les minimales seront de 26\u00b0C. Un vent de nord-est soufflera doucement. La ville va subir, demain apr\u00e8s-midi, une vague de fortes chaleurs avec des temp\u00e9ratures qui atteindront parfois les 31\u00b0C. Des pluies \u00e9parses sont pr\u00e9vues dans la soir\u00e9e. On pr\u00e9voit des valeurs d&rsquo;environ 27\u00b0C. Une petite brise d&rsquo;est soufflera.<\/p>\n<p>Pour la suite, la m\u00e9t\u00e9o ne bougera pas. Il va faire un temps plut\u00f4t ensoleill\u00e9 avec des temp\u00e9ratures autour de 32\u00b0C.<\/p>\n<p>C&rsquo;est l&rsquo;assomption demain. Une journ\u00e9e f\u00e9ri\u00e9e pour c\u00e9l\u00e9brer une f\u00eate religieuse, auparavant c&rsquo;\u00e9tait la f\u00eate nationale qu&rsquo;on c\u00e9l\u00e9brait \u00e0 cette m\u00eame date.<\/p>\n","protected":false},"excerpt":{"rendered":"Un splendide soleil va briller sur Marseille et ce, tout au long de la journ\u00e9e. Le mercure affichera&hellip;\n","protected":false},"author":2,"featured_media":317553,"comment_status":"","ping_status":"","sticky":false,"template":"","format":"standard","meta":{"footnotes":""},"categories":[2814],"tags":[1111,11,885,1777,674,1011,27,884,12,883,2119,882,25],"class_list":{"0":"post-317552","1":"post","2":"type-post","3":"status-publish","4":"format-standard","5":"has-post-thumbnail","7":"category-marseille","8":"tag-actu","9":"tag-actualites","10":"tag-bouches-du-rhone","11":"tag-eu","12":"tag-europe","13":"tag-fr","14":"tag-france","15":"tag-marseille","16":"tag-news","17":"tag-paca","18":"tag-previsions-meteo","19":"tag-provence-alpes-cote-dazur","20":"tag-republique-francaise"},"share_on_mastodon":{"url":"https:\/\/pubeurope.com\/@fr\/115024570878915574","error":""},"_links":{"self":[{"href":"https:\/\/www.europesays.com\/fr\/wp-json\/wp\/v2\/posts\/317552","targetHints":{"allow":["GET"]}}],"collection":[{"href":"https:\/\/www.europesays.com\/fr\/wp-json\/wp\/v2\/posts"}],"about":[{"href":"https:\/\/www.europesays.com\/fr\/wp-json\/wp\/v2\/types\/post"}],"author":[{"embeddable":true,"href":"https:\/\/www.europesays.com\/fr\/wp-json\/wp\/v2\/users\/2"}],"replies":[{"embeddable":true,"href":"https:\/\/www.europesays.com\/fr\/wp-json\/wp\/v2\/comments?post=317552"}],"version-history":[{"count":0,"href":"https:\/\/www.europesays.com\/fr\/wp-json\/wp\/v2\/posts\/317552\/revisions"}],"wp:featuredmedia":[{"embeddable":true,"href":"https:\/\/www.europesays.com\/fr\/wp-json\/wp\/v2\/media\/317553"}],"wp:attachment":[{"href":"https:\/\/www.europesays.com\/fr\/wp-json\/wp\/v2\/media?parent=317552"}],"wp:term":[{"taxonomy":"category","embeddable":true,"href":"https:\/\/www.europesays.com\/fr\/wp-json\/wp\/v2\/categories?post=317552"},{"taxonomy":"post_tag","embeddable":true,"href":"https:\/\/www.europesays.com\/fr\/wp-json\/wp\/v2\/tags?post=317552"}],"curies":[{"name":"wp","href":"https:\/\/api.w.org\/{rel}","templated":true}]}}