{"id":317558,"date":"2025-08-14T01:43:22","date_gmt":"2025-08-14T01:43:22","guid":{"rendered":"https:\/\/www.europesays.com\/fr\/317558\/"},"modified":"2025-08-14T01:43:22","modified_gmt":"2025-08-14T01:43:22","slug":"apres-le-soleil-et-des-temperatures-estivales-a-paris-et-en-ile-de-france-la-meteo-va-changer-brutalement","status":"publish","type":"post","link":"https:\/\/www.europesays.com\/fr\/317558\/","title":{"rendered":"Apr\u00e8s le soleil et des temp\u00e9ratures estivales \u00e0 Paris et en \u00cele-de-France, la m\u00e9t\u00e9o va changer brutalement"},"content":{"rendered":"<p>            Par<br \/>\n        <strong><br \/>\n            <a href=\"https:\/\/actu.fr\/auteur\/redaction-paris\" title=\"Consulter tous les articles de R\u00e9daction Paris\" target=\"_blank\" rel=\"noopener\">R\u00e9daction Paris<\/a><br \/>\n        <\/strong><\/p>\n<p>        Publi\u00e9 le<\/p>\n<p>            19 mars 2025 \u00e0 12h28        <\/p>\n<p>Le <strong>soleil<\/strong> gracie Paris et l\u2019\u00cele-de-France de ses rayons depuis quelques jours. Mais Franciliennes et Franciliens feraient mieux de ne pas s\u2019habituer au bleu du ciel\u2009: d\u2019apr\u00e8s les pr\u00e9visions de <a href=\"https:\/\/actu.fr\/tag\/meteo-france\" target=\"_blank\" rel=\"noopener\">M\u00e9t\u00e9o France<\/a>, grisaille et pluie font faire leur retour d\u00e8s vendredi 21\u00a0mars 2025.<\/p>\n<p>Des temp\u00e9ratures douces mais de la pluie<\/p>\n<p class=\" wall-content\">C\u2019est donc un d\u00e9but de printemps pluvieux qu\u2019annonce l\u2019institut de m\u00e9t\u00e9orologie. Si jeudi 20\u00a0mars 2025, jour officiel d\u2019entr\u00e9e dans cette nouvelle saison, l\u2019astre roi sera toujours l\u00e0 et sera accompagn\u00e9 d\u2019un mercure qui montera jusqu\u2019\u00e0 <strong>19\u00b0C<\/strong>.<\/p>\n<p class=\" wall-content\">D\u00e9sillusion vendredi 21\u00a0mars 2025, veille de week-end\u2009: M\u00e9t\u00e9o France parle d\u2019un \u00ab\u2009temps tr\u00e8s nuageux\u2009\u00bb, mais avec <strong>20\u00b0C<\/strong> au maximum, les temp\u00e9ratures seront \u00ab\u2009au-dessus des valeurs normalement observ\u00e9es.\u2009\u00bb<\/p>\n<p class=\" wall-content\">M\u00eame sc\u00e9nario samedi 22\u00a0mars 2025. La journ\u00e9e commencera sous les nuages et se finira sous la pluie. Les thermom\u00e8tres afficheront entre <strong>11\u00b0C et 18\u00b0C<\/strong>.<\/p>\n<p class=\" wall-content\">Dimanche 23\u00a0mars 2025, la pluie s\u2019invitera toute la journ\u00e9e avec plus ou moins d\u2019intensit\u00e9.\u00a0Il fera l\u00e9g\u00e8rement plus frais que la veille, entre <strong>10\u00b0C et 14\u00b0C<\/strong>.<\/p>\n<p class=\" wall-content\">Suivez toute l\u2019actualit\u00e9 de vos villes et m\u00e9dias favoris en vous inscrivant \u00e0 <a href=\"https:\/\/moncompte.actu.fr\" title=\"D\u00e9couvez Mon Actu\" rel=\"nofollow noopener\" data-trk=\"{&quot;cta&quot;:{&quot;action&quot;:&quot;https:\\\/\\\/moncompte.actu.fr&quot;,&quot;category&quot;:&quot;mon compte&quot;,&quot;from&quot;:&quot;article footer&quot;,&quot;name&quot;:&quot;Mon actu&quot;,&quot;type&quot;:&quot;cta&quot;}}\" target=\"_blank\">Mon Actu<\/a>.<\/p>\n","protected":false},"excerpt":{"rendered":"Par R\u00e9daction Paris Publi\u00e9 le 19 mars 2025 \u00e0 12h28 Le soleil gracie Paris et l\u2019\u00cele-de-France de ses&hellip;\n","protected":false},"author":2,"featured_media":317559,"comment_status":"","ping_status":"","sticky":false,"template":"","format":"standard","meta":{"footnotes":""},"categories":[1592],"tags":[1111,11,1777,674,1011,27,662,2487,2357,12,626,4459,25],"class_list":{"0":"post-317558","1":"post","2":"type-post","3":"status-publish","4":"format-standard","5":"has-post-thumbnail","7":"category-ile-de-france","8":"tag-actu","9":"tag-actualites","10":"tag-eu","11":"tag-europe","12":"tag-fr","13":"tag-france","14":"tag-ile-de-france","15":"tag-meteo","16":"tag-meteo-france","17":"tag-news","18":"tag-paris","19":"tag-pluie","20":"tag-republique-francaise"},"share_on_mastodon":{"url":"https:\/\/pubeurope.com\/@fr\/115024586645999332","error":""},"_links":{"self":[{"href":"https:\/\/www.europesays.com\/fr\/wp-json\/wp\/v2\/posts\/317558","targetHints":{"allow":["GET"]}}],"collection":[{"href":"https:\/\/www.europesays.com\/fr\/wp-json\/wp\/v2\/posts"}],"about":[{"href":"https:\/\/www.europesays.com\/fr\/wp-json\/wp\/v2\/types\/post"}],"author":[{"embeddable":true,"href":"https:\/\/www.europesays.com\/fr\/wp-json\/wp\/v2\/users\/2"}],"replies":[{"embeddable":true,"href":"https:\/\/www.europesays.com\/fr\/wp-json\/wp\/v2\/comments?post=317558"}],"version-history":[{"count":0,"href":"https:\/\/www.europesays.com\/fr\/wp-json\/wp\/v2\/posts\/317558\/revisions"}],"wp:featuredmedia":[{"embeddable":true,"href":"https:\/\/www.europesays.com\/fr\/wp-json\/wp\/v2\/media\/317559"}],"wp:attachment":[{"href":"https:\/\/www.europesays.com\/fr\/wp-json\/wp\/v2\/media?parent=317558"}],"wp:term":[{"taxonomy":"category","embeddable":true,"href":"https:\/\/www.europesays.com\/fr\/wp-json\/wp\/v2\/categories?post=317558"},{"taxonomy":"post_tag","embeddable":true,"href":"https:\/\/www.europesays.com\/fr\/wp-json\/wp\/v2\/tags?post=317558"}],"curies":[{"name":"wp","href":"https:\/\/api.w.org\/{rel}","templated":true}]}}