{"id":317574,"date":"2025-08-14T01:51:12","date_gmt":"2025-08-14T01:51:12","guid":{"rendered":"https:\/\/www.europesays.com\/fr\/317574\/"},"modified":"2025-08-14T01:51:12","modified_gmt":"2025-08-14T01:51:12","slug":"la-justice-valide-les-coupes-budgetaires-infligees-par-ladministration-trump-a-laide-internationale","status":"publish","type":"post","link":"https:\/\/www.europesays.com\/fr\/317574\/","title":{"rendered":"la justice valide les coupes budg\u00e9taires inflig\u00e9es par l\u2019administration Trump \u00e0 l\u2019aide internationale"},"content":{"rendered":"<p>                          <img loading=\"lazy\" decoding=\"async\" src=\"https:\/\/www.europesays.com\/fr\/wp-content\/uploads\/2025\/08\/01ee482_ftp-import-images-1-z848d5fpysim-2025-07-22t192718z-496454099-rc2urfa1can8-rtrmadp-3-usa-tru.jpeg\" alt=\"Les bureaux ferm\u00e9s de l\u2019Agence am\u00e9ricaine pour le d\u00e9veloppement international (Usaid), \u00e0 Washington, le 22\u00a0juillet\u00a02025.\"   width=\"664\" height=\"443\"\/>    Les bureaux ferm\u00e9s de l\u2019Agence am\u00e9ricaine pour le d\u00e9veloppement international (Usaid), \u00e0 Washington, le 22\u00a0juillet\u00a02025.  JONATHAN ERNST \/ REUTERS                          <\/p>\n<p class=\"article__paragraph  \">La justice a jug\u00e9, mercredi 13\u00a0ao\u00fbt, que le gouvernement de Donald Trump avait le droit de proc\u00e9der \u00e0 des coupes drastiques dans l\u2019aide internationale fournie par les Etats-Unis.<\/p>\n<p>   Lire plus tard  <\/p>\n<p class=\"article__paragraph  \">Par sa d\u00e9cision, une cour d\u2019appel f\u00e9d\u00e9rale de Washington est venue infirmer le jugement rendu par un tribunal qui estimait que les aides financi\u00e8res allou\u00e9es par le Congr\u00e8s pour les diff\u00e9rents programmes \u00e0 travers le monde devaient \u00eatre r\u00e9tablies. Selon la juridiction d\u2019appel, le premier tribunal aurait d\u00fb rejeter la requ\u00eate car \u00ab\u00a0les plaignants n\u2019avaient pas d\u2019int\u00e9r\u00eat \u00e0 agir\u00a0\u00bb, c\u2019est-\u00e0-dire qu\u2019ils ne disposaient pas de pr\u00e9judice dont ils pouvaient se pr\u00e9valoir.<\/p>\n<p class=\"article__paragraph  \">Donald Trump a gel\u00e9 des milliards de dollars de d\u00e9penses d\u2019aide internationale apr\u00e8s son retour en janvier \u00e0 la Maison Blanche. Ce d\u00e9sengagement brutal forme un trou b\u00e9ant dans le financement de l\u2019aide humanitaire\u00a0: avec un budget de 42,8\u00a0milliards de dollars (environ 40\u00a0milliards d\u2019euros) en\u00a02024, les Etats-Unis repr\u00e9sentaient 42\u00a0% de l\u2019aide mondiale.<\/p>\n<p>                    Plus de 14\u00a0millions de morts suppl\u00e9mentaires possibles d\u2019ici \u00e0 2030                    <\/p>\n<p class=\"article__paragraph  \">Le pr\u00e9sident am\u00e9ricain a aussi mis fin \u00e0 l\u2019Agence am\u00e9ricaine pour le d\u00e9veloppement international (Usaid), cr\u00e9\u00e9e en\u00a01961, une initiative \u00e0 l\u2019impact consid\u00e9rable. Plus importante agence humanitaire au niveau mondial, Usaid \u00e9tait impliqu\u00e9e dans des programmes de sant\u00e9 et d\u2019aide d\u2019urgence dans environ 120 pays.<\/p>\n<p class=\"article__paragraph  \">En juillet, <a href=\"https:\/\/www.lemonde.fr\/international\/article\/2025\/07\/01\/les-coupes-americaines-dans-l-aide-internationale-pourraient-causer-plus-de-14-millions-de-morts-d-ici-2030_6617032_3210.html?search-type=classic&amp;ise_click_rank=13\" rel=\"nofollow noopener\" target=\"_blank\">une \u00e9tude internationale avait r\u00e9v\u00e9l\u00e9 que l\u2019effondrement des financements am\u00e9ricains<\/a> d\u00e9di\u00e9s \u00e0 l\u2019aide internationale pourrait entra\u00eener plus de 14\u00a0millions de morts suppl\u00e9mentaires d\u2019ici \u00e0 2030 parmi les plus vuln\u00e9rables, dont un tiers d\u2019enfants.<\/p>\n<p>                                             <img loading=\"lazy\" decoding=\"async\" src=\"https:\/\/www.europesays.com\/fr\/wp-content\/uploads\/2025\/07\/9830a52_sirius-fs-upload-1-zyyfldu7qp9y-1747664447374-usaid.jpeg\" width=\"86\" height=\"86\"\/>      \u00c9couter aussi   <a href=\"https:\/\/www.lemonde.fr\/podcasts\/article\/2025\/05\/20\/usaid-les-consequences-devastatrices-de-la-fin-de-l-aide-internationale-americaine_6607243_5463015.html\" rel=\"nofollow noopener\" target=\"_blank\"> Usaid\u00a0: les cons\u00e9quences d\u00e9vastatrices de la fin de l\u2019aide internationale am\u00e9ricaine <\/a>                                               <\/p>\n<p>   Lire plus tard  <\/p>\n<p class=\"author__detail\">  Le Monde avec AFP  <\/p>\n<p>L\u2019espace des contributions est r\u00e9serv\u00e9 aux abonn\u00e9s.<\/p>\n<p>Abonnez-vous pour acc\u00e9der \u00e0 cet espace d\u2019\u00e9change et contribuer \u00e0 la discussion.<\/p>\n<p>    <a href=\"https:\/\/abo.lemonde.fr\/?lmd_medium=BOUTONS_LMFR&amp;lmd_campaign=CONTRIBUTION_ARTICLE\" class=\"btn btn--premium js-btn-premium\" rel=\"nofollow noopener\" target=\"_blank\">S\u2019abonner<\/a>          <\/p>\n<p class=\"comments__active comments__tooltip\">Contribuer<\/p>\n<p>      <a href=\"https:\/\/www.lemonde.fr\/syndication\/\" class=\"reuse__content\" title=\"R\u00e9utiliser ce contenu\" target=\"_blank\" rel=\"nofollow noopener\">R\u00e9utiliser ce contenu<\/a>      <\/p>\n","protected":false},"excerpt":{"rendered":"Les bureaux ferm\u00e9s de l\u2019Agence am\u00e9ricaine pour le d\u00e9veloppement international (Usaid), \u00e0 Washington, le 22\u00a0juillet\u00a02025. JONATHAN ERNST \/&hellip;\n","protected":false},"author":2,"featured_media":317575,"comment_status":"","ping_status":"","sticky":false,"template":"","format":"standard","meta":{"footnotes":""},"categories":[1589],"tags":[11,73,1866,12,1864,1865,1863,308],"class_list":{"0":"post-317574","1":"post","2":"type-post","3":"status-publish","4":"format-standard","5":"has-post-thumbnail","7":"category-etats-unis","8":"tag-actualites","9":"tag-etats-unis","10":"tag-etats-unis-damerique","11":"tag-news","12":"tag-united-states","13":"tag-united-states-of-america","14":"tag-us","15":"tag-usa"},"share_on_mastodon":{"url":"https:\/\/pubeurope.com\/@fr\/115024618078736285","error":""},"_links":{"self":[{"href":"https:\/\/www.europesays.com\/fr\/wp-json\/wp\/v2\/posts\/317574","targetHints":{"allow":["GET"]}}],"collection":[{"href":"https:\/\/www.europesays.com\/fr\/wp-json\/wp\/v2\/posts"}],"about":[{"href":"https:\/\/www.europesays.com\/fr\/wp-json\/wp\/v2\/types\/post"}],"author":[{"embeddable":true,"href":"https:\/\/www.europesays.com\/fr\/wp-json\/wp\/v2\/users\/2"}],"replies":[{"embeddable":true,"href":"https:\/\/www.europesays.com\/fr\/wp-json\/wp\/v2\/comments?post=317574"}],"version-history":[{"count":0,"href":"https:\/\/www.europesays.com\/fr\/wp-json\/wp\/v2\/posts\/317574\/revisions"}],"wp:featuredmedia":[{"embeddable":true,"href":"https:\/\/www.europesays.com\/fr\/wp-json\/wp\/v2\/media\/317575"}],"wp:attachment":[{"href":"https:\/\/www.europesays.com\/fr\/wp-json\/wp\/v2\/media?parent=317574"}],"wp:term":[{"taxonomy":"category","embeddable":true,"href":"https:\/\/www.europesays.com\/fr\/wp-json\/wp\/v2\/categories?post=317574"},{"taxonomy":"post_tag","embeddable":true,"href":"https:\/\/www.europesays.com\/fr\/wp-json\/wp\/v2\/tags?post=317574"}],"curies":[{"name":"wp","href":"https:\/\/api.w.org\/{rel}","templated":true}]}}