{"id":317576,"date":"2025-08-14T01:52:15","date_gmt":"2025-08-14T01:52:15","guid":{"rendered":"https:\/\/www.europesays.com\/fr\/317576\/"},"modified":"2025-08-14T01:52:15","modified_gmt":"2025-08-14T01:52:15","slug":"pres-de-150-personnes-ont-denonce-des-crimes-commis-par-mohamed-al-fayed","status":"publish","type":"post","link":"https:\/\/www.europesays.com\/fr\/317576\/","title":{"rendered":"pr\u00e8s de 150 personnes ont d\u00e9nonc\u00e9 des crimes commis par Mohamed Al-Fayed"},"content":{"rendered":"<p class=\"fig-paragraph\">Pr\u00e8s de 150 personnes ont contact\u00e9 la police britannique pour d\u00e9noncer des crimes commis par\u00a0<a href=\"http:\/\/www.lefigaro.fr\/faits-divers\/affaire-du-milliardaire-mohamed-al-fayed-plusieurs-femmes-demandent-a-etre-indemnisees-20250409\" target=\"_blank\" data-fig-type=\"NewsFlash\" rel=\"noopener\" data-gtm-custom-categorie=\"navigation\" data-gtm-custom-action=\"crossclick\" data-gtm-custom-label=\"Contextuel\" data-gtm-event=\"customEventSPE\" data-fig-domain=\"LEFIGARO\">Mohamed Al-Fayed<\/a>, l&rsquo;ancien propri\u00e9taire du grand magasin\u00a0<a href=\"http:\/\/www.lefigaro.fr\/international\/violences-sexuelles-harrods-a-recu-plus-de-250-demandes-de-compensation-apres-les-accusations-contre-al-fayed-20241022\" target=\"_blank\" data-fig-type=\"NewsFlash\" rel=\"noopener\" data-gtm-custom-categorie=\"navigation\" data-gtm-custom-action=\"crossclick\" data-gtm-custom-label=\"Contextuel\" data-gtm-event=\"customEventSPE\" data-fig-domain=\"LEFIGARO\">Harrods<\/a>, depuis que les autorit\u00e9s ont ouvert une nouvelle enqu\u00eate l&rsquo;ann\u00e9e derni\u00e8re, a confirm\u00e9 mercredi la police m\u00e9tropolitaine. \u00abL&rsquo;enqu\u00eate en cours sur les personnes qui auraient pu faciliter ou permettre les agissements criminels de Mohamed al-Fayed se poursuit\u00bb, a d\u00e9clar\u00e9 la police londonienne dans un communiqu\u00e9 transmis \u00e0 l&rsquo;AFP.<\/p>\n<p class=\"fig-paragraph\">Une enqu\u00eate diffus\u00e9e par la BBC en septembre d\u00e9taillait les all\u00e9gations selon lesquelles l&rsquo;homme d&rsquo;affaires \u00e9gyptien, d\u00e9c\u00e9d\u00e9 en 2023 \u00e0 l&rsquo;\u00e2ge de 94 ans, aurait viol\u00e9 et agress\u00e9 sexuellement plusieurs jeunes femmes employ\u00e9es dans le grand magasin londonien Harrods. Scotland Yard examine actuellement la mani\u00e8re dont ont \u00e9t\u00e9 men\u00e9es les enqu\u00eates pr\u00e9c\u00e9dentes afin d&rsquo;identifier les \u00aboccasions manqu\u00e9es\u00bb et a ouvert une nouvelle enqu\u00eate sur les all\u00e9gations d&rsquo;agressions sexuelles, y compris sur les personnes ayant permis ou facilit\u00e9 ces actes.<\/p>\n<p>                                    <a class=\"fig-a11y-skip a11y-hidden\" href=\"#fig-a11y-skip-main-inarticle\"><br \/>\n        Passer la publicit\u00e9<br \/>\n    <\/a><\/p>\n<p>90 victimes potentielles<\/p>\n<p class=\"fig-paragraph\">\u00abNous exhortons toute personne disposant d&rsquo;informations, qu&rsquo;elle ait \u00e9t\u00e9 directement touch\u00e9e par les actes de Mohamed Al Fayed ou qu&rsquo;elle connaisse d&rsquo;autres personnes qui auraient pu \u00eatre impliqu\u00e9es ou avoir commis des infractions, \u00e0 se manifester\u00bb, a ajout\u00e9 la police.<\/p>\n<p class=\"fig-paragraph\">En novembre, la police m\u00e9tropolitaine a d\u00e9clar\u00e9 avoir \u00e9t\u00e9 contact\u00e9e et avoir identifi\u00e9 90 victimes potentielles d&rsquo;agressions sexuelles et d&rsquo;autres crimes commis par le d\u00e9funt milliardaire.<\/p>\n<p class=\"fig-paragraph\">Harrods, qui a appartenu \u00e0 Mohamed Al-Fayed de 1985 \u00e0 2010, a annonc\u00e9 en mars un programme d&rsquo;indemnisation pour les femmes qui travaillaient dans le magasin ou qui y \u00e9taient li\u00e9es et affirment avoir \u00e9t\u00e9 victimes d&rsquo;abus de la part de l&rsquo;ancien patron. Plus de cent victimes pr\u00e9sum\u00e9es ont demand\u00e9 \u00e0 b\u00e9n\u00e9ficier du programme d&rsquo;indemnisation en juillet, selon le magasin de luxe.<\/p>\n","protected":false},"excerpt":{"rendered":"Pr\u00e8s de 150 personnes ont contact\u00e9 la police britannique pour d\u00e9noncer des crimes commis par\u00a0Mohamed Al-Fayed, l&rsquo;ancien propri\u00e9taire&hellip;\n","protected":false},"author":2,"featured_media":317577,"comment_status":"","ping_status":"","sticky":false,"template":"","format":"standard","meta":{"footnotes":""},"categories":[1588],"tags":[11,1401,1777,674,12,473,1853,1851,1850,1852],"class_list":{"0":"post-317576","1":"post","2":"type-post","3":"status-publish","4":"format-standard","5":"has-post-thumbnail","7":"category-royaume-uni","8":"tag-actualites","9":"tag-agressions-sexuelles","10":"tag-eu","11":"tag-europe","12":"tag-news","13":"tag-royaume-uni","14":"tag-royaume-uni-de-grande-bretagne-et-dirlande-du-nord","15":"tag-uk","16":"tag-united-kingdom","17":"tag-united-kingdom-of-great-britain-and-northern-ireland"},"share_on_mastodon":{"url":"https:\/\/pubeurope.com\/@fr\/115024622067843842","error":""},"_links":{"self":[{"href":"https:\/\/www.europesays.com\/fr\/wp-json\/wp\/v2\/posts\/317576","targetHints":{"allow":["GET"]}}],"collection":[{"href":"https:\/\/www.europesays.com\/fr\/wp-json\/wp\/v2\/posts"}],"about":[{"href":"https:\/\/www.europesays.com\/fr\/wp-json\/wp\/v2\/types\/post"}],"author":[{"embeddable":true,"href":"https:\/\/www.europesays.com\/fr\/wp-json\/wp\/v2\/users\/2"}],"replies":[{"embeddable":true,"href":"https:\/\/www.europesays.com\/fr\/wp-json\/wp\/v2\/comments?post=317576"}],"version-history":[{"count":0,"href":"https:\/\/www.europesays.com\/fr\/wp-json\/wp\/v2\/posts\/317576\/revisions"}],"wp:featuredmedia":[{"embeddable":true,"href":"https:\/\/www.europesays.com\/fr\/wp-json\/wp\/v2\/media\/317577"}],"wp:attachment":[{"href":"https:\/\/www.europesays.com\/fr\/wp-json\/wp\/v2\/media?parent=317576"}],"wp:term":[{"taxonomy":"category","embeddable":true,"href":"https:\/\/www.europesays.com\/fr\/wp-json\/wp\/v2\/categories?post=317576"},{"taxonomy":"post_tag","embeddable":true,"href":"https:\/\/www.europesays.com\/fr\/wp-json\/wp\/v2\/tags?post=317576"}],"curies":[{"name":"wp","href":"https:\/\/api.w.org\/{rel}","templated":true}]}}