{"id":317578,"date":"2025-08-14T01:53:17","date_gmt":"2025-08-14T01:53:17","guid":{"rendered":"https:\/\/www.europesays.com\/fr\/317578\/"},"modified":"2025-08-14T01:53:17","modified_gmt":"2025-08-14T01:53:17","slug":"jamais-plus-de-registres-des-personnes-marginalisees-%f0%9f%94%b4-info-libertaire","status":"publish","type":"post","link":"https:\/\/www.europesays.com\/fr\/317578\/","title":{"rendered":"Jamais plus de registres des personnes marginalis\u00e9es \u2013 \ud83d\udd34 Info Libertaire"},"content":{"rendered":"<p><\/p>\n<p><a href=\"https:\/\/gsxbcjvcrdl66ycimkwra2nxzwvy2idef4twi7elojuzm5ztt5abqyid.onion\/node\/531023\" rel=\"nofollow noopener\" target=\"_blank\">de.indymedia.org<\/a> \/ mardi 12 ao\u00fbt 2025<\/p>\n<p><strong>Apprendre de l\u2019histoire \u2013 Jamais plus de registres des personnes marginalis\u00e9es<\/strong><\/p>\n<p><a href=\"https:\/\/www.infolibertaire.net\/wp-content\/uploads\/2025\/08\/halle-sur-saale-allemagne-jamais-plus-de-registres-des-personnes-marginalisees.jpg?x28756\" rel=\"nofollow noopener\" target=\"_blank\"><img loading=\"lazy\" decoding=\"async\" class=\" wp-image-60259 alignright lazy\" src=\"\/wp-content\/uploads\/2025\/08\/178x134xhalle-sur-saale-allemagne-jamais-plus-de-registres-des-personnes-marginalisees.jpg,qx28756.pagespeed.ic.MeYPQmBwNt.jpg\" alt=\"\" width=\"178\" height=\"134\" data-pagespeed-url-hash=\"1538239017\" onload=\"pagespeed.CriticalImages.checkImageForCriticality(this);\"\/><\/a>Dans la nuit de lundi \u00e0 mardi, le si\u00e8ge cantonal de la CDU*, \u00e0 Halle, a \u00e9t\u00e9 enjoliv\u00e9.<\/p>\n<p><\/p>\n<p>La raison en est un projet du ministre de l\u2019Int\u00e9rieur Alexander Dobrindt (CSU) de cr\u00e9er un registre de toutes les personnes qui ont recouru\/recourront \u00e0 la loi SBGG**.<br \/>Sur le sol il y a \u00e9crit \u00ab\u00a0Apprendre de l\u2019histoire\u00a0\u00bb.<br \/>Sur le mur de la maison, on peut lire\u00a0: \u00ab\u00a0Jamais plus de registres des personnes marginalis\u00e9es\u00a0\u00bb.<br \/>Et la porte a maintenant les couleurs d\u2019un drapeau trans.<\/p>\n<p>Apr\u00e8s avoir souvent prouv\u00e9 qu\u2019elle pr\u00e9f\u00e8re devenir une partie du courant n\u00e9ofasciste en Allemagne plut\u00f4t que de le combattre, la CDU\/CSU pousse toujours plus loin son obsession de la surveillance.<\/p>\n<p>Nous nous souvenons des requ\u00eates, il n\u2019y a pas si longtemps, de tenir des registres des personnes \u00ab\u00a0malades mentales\u00a0\u00bb. Les personnes qui ne correspondent pas \u00e0 la norme sociale et politique voulue sont syst\u00e9matiquement pathologis\u00e9es et socialement d\u00e9grad\u00e9es. Maintenant, selon la CDU\/CSU, elles doivent aussi faire l\u2019objet d\u2019une suspicion g\u00e9n\u00e9ralis\u00e9e.<\/p>\n<p>Le ministre de l\u2019Int\u00e9rieur Alexander Dobrindt a maintenant eu la brillante id\u00e9e de dresser une liste de toutes les personnes qui ont recouru\/recourront \u00e0 la loi SBGG et de la transmettre \u00e0 une grande partie des autorit\u00e9s allemandes.<br \/>Sous pr\u00e9texte de soulager les autorit\u00e9s (pr\u00e9texte d\u2019ailleurs extr\u00eamement ridicule, puisque les personnes cisgenres changent d\u00e9j\u00e0 leurs noms et \u00e7a depuis le d\u00e9but de la BRD), un tel registre d\u2019un groupe de personnes, qui est d\u00e9j\u00e0 consid\u00e9r\u00e9 comme inf\u00e9rieure, dans ce syst\u00e8me, devrait \u00eatre transmis \u00e0 des nombreux fonctionnaires. Il est bien connu que ceux-ci n\u2019ont jamais eu de probl\u00e8mes de fascisme.<br \/>Notre vie devient encore moins s\u00fbre, car il est plus facile que jamais pour des extr\u00e9mistes de droite violents d\u2019acc\u00e9der \u00e0 nos donn\u00e9es.<br \/>Quiconque a d\u00e9j\u00e0 assist\u00e9 \u00e0 un cours d\u2019histoire devrait savoir \u00e0 quel point de telles requ\u00eates sont dangereuses. Soit Dobrindt a oubli\u00e9 l\u2019histoire, soit il sait exactement qui sont ses mod\u00e8les.<\/p>\n<p>Nous exigeons un revirement politique de la CDU\/CSU.<br \/>Loin de l\u2019autoritarisme. Loin de la lutte culturelle de droite. Et loin de l\u2019inhumanit\u00e9.<br \/>Pour une vie libre et autod\u00e9termin\u00e9e pour tou.tes nos fr\u00e8res et s\u0153urs opprim\u00e9.es. Force et amour pour tou.tes celles\/ceux qui en ont besoin.<br \/>Pour une vie meilleure pour tout le monde !<\/p>\n<p><a href=\"https:\/\/www.infolibertaire.net\/wp-content\/uploads\/2025\/08\/1_halle-sur-saale-allemagne-jamais-plus-de-registres-des-personnes-marginalisees.jpg?x28756\" rel=\"nofollow noopener\" target=\"_blank\"><img loading=\"lazy\" decoding=\"async\" class=\"size-full wp-image-60262 aligncenter lazy\" src=\"\/wp-content\/uploads\/2025\/08\/x1_halle-sur-saale-allemagne-jamais-plus-de-registres-des-personnes-marginalisees.jpg,qx28756.pagespeed.ic.IHJdsZFd2X.jpg\" alt=\"\" width=\"2560\" height=\"1920\" data-pagespeed-url-hash=\"1272615640\" onload=\"pagespeed.CriticalImages.checkImageForCriticality(this);\"\/><\/a><br \/><a href=\"https:\/\/www.anarchistfederation.net\/pixel.jpg\" rel=\"nofollow noopener\" target=\"_blank\"><img loading=\"lazy\" decoding=\"async\" class=\"size-full wp-image-60260 aligncenter lazy\" src=\"\" style=\"width:1px;height:1px;display:none!important\" alt=\"\" width=\"2560\" height=\"1920\" data-pagespeed-url-hash=\"1272615640\" onload=\"pagespeed.CriticalImages.checkImageForCriticality(this);\"\/><\/a><br \/><a href=\"https:\/\/www.infolibertaire.net\/wp-content\/uploads\/2025\/08\/2_halle-sur-saale-allemagne-jamais-plus-de-registres-des-personnes-marginalisees.jpg?x28756\" rel=\"nofollow noopener\" target=\"_blank\"><img loading=\"lazy\" decoding=\"async\" class=\"size-full wp-image-60261 aligncenter lazy\" src=\"\/wp-content\/uploads\/2025\/08\/x2_halle-sur-saale-allemagne-jamais-plus-de-registres-des-personnes-marginalisees.jpg,qx28756.pagespeed.ic.yNKWHqKVoq.jpg\" alt=\"\" width=\"1920\" height=\"2560\" data-pagespeed-url-hash=\"3227990442\" onload=\"pagespeed.CriticalImages.checkImageForCriticality(this);\"\/><\/a><\/p>\n<p>Notes d\u2019Attaque\u00a0:<br \/>* La Christlich Demokratische Union, \u00ab Union chr\u00e9tienne d\u00e9mocrate \u00bb, et sa d\u00e9clinaison bavaroise, la Christlich-Soziale Union, \u00ab Union chr\u00e9tienne-sociale \u00bb, sont deux partis-jumeaux de droite. L\u2019actuel chancelier f\u00e9d\u00e9ral F. Merz, originaire de Westphalie, est membre du premier, alors qu\u2019A. Dobrindt, bavarois, ministre f\u00e9d\u00e9ral de l\u2019Int\u00e9rieur, est membre du deuxi\u00e8me.<br \/>** La loi allemande sur \u00ab\u00a0l\u2019autod\u00e9termination du genre\u00a0\u00bb, qui assouplit les normes pour les changements d\u2019\u00e9tat civil, notamment pour les personnes trans et non-binaires.<\/p>\n<p><br clear=\"both\"\/><\/p>\n<p><\/p>\n<p><strong>Source:<\/strong> <a href=\"https:\/\/attaque.noblogs.org\/post\/2025\/08\/13\/halle-sur-saale-allemagne-jamais-plus-de-registres-des-personnes-marginalisees\/\" target=\"_blank\" rel=\"nofollow noopener\">Attaque.noblogs.org<\/a><br \/><\/p>\n","protected":false},"excerpt":{"rendered":"de.indymedia.org \/ mardi 12 ao\u00fbt 2025 Apprendre de l\u2019histoire \u2013 Jamais plus de registres des personnes marginalis\u00e9es Dans&hellip;\n","protected":false},"author":2,"featured_media":317579,"comment_status":"","ping_status":"","sticky":false,"template":"","format":"standard","meta":{"footnotes":""},"categories":[1587],"tags":[11,672,1804,1805,1803,1777,674,1801,12,1802],"class_list":{"0":"post-317578","1":"post","2":"type-post","3":"status-publish","4":"format-standard","5":"has-post-thumbnail","7":"category-allemagne","8":"tag-actualites","9":"tag-allemagne","10":"tag-bundesrepublik-deutschland","11":"tag-de","12":"tag-deutschland","13":"tag-eu","14":"tag-europe","15":"tag-germany","16":"tag-news","17":"tag-republique-federale-dallemagne"},"share_on_mastodon":{"url":"https:\/\/pubeurope.com\/@fr\/115024626136157539","error":""},"_links":{"self":[{"href":"https:\/\/www.europesays.com\/fr\/wp-json\/wp\/v2\/posts\/317578","targetHints":{"allow":["GET"]}}],"collection":[{"href":"https:\/\/www.europesays.com\/fr\/wp-json\/wp\/v2\/posts"}],"about":[{"href":"https:\/\/www.europesays.com\/fr\/wp-json\/wp\/v2\/types\/post"}],"author":[{"embeddable":true,"href":"https:\/\/www.europesays.com\/fr\/wp-json\/wp\/v2\/users\/2"}],"replies":[{"embeddable":true,"href":"https:\/\/www.europesays.com\/fr\/wp-json\/wp\/v2\/comments?post=317578"}],"version-history":[{"count":0,"href":"https:\/\/www.europesays.com\/fr\/wp-json\/wp\/v2\/posts\/317578\/revisions"}],"wp:featuredmedia":[{"embeddable":true,"href":"https:\/\/www.europesays.com\/fr\/wp-json\/wp\/v2\/media\/317579"}],"wp:attachment":[{"href":"https:\/\/www.europesays.com\/fr\/wp-json\/wp\/v2\/media?parent=317578"}],"wp:term":[{"taxonomy":"category","embeddable":true,"href":"https:\/\/www.europesays.com\/fr\/wp-json\/wp\/v2\/categories?post=317578"},{"taxonomy":"post_tag","embeddable":true,"href":"https:\/\/www.europesays.com\/fr\/wp-json\/wp\/v2\/tags?post=317578"}],"curies":[{"name":"wp","href":"https:\/\/api.w.org\/{rel}","templated":true}]}}