{"id":317582,"date":"2025-08-14T01:55:13","date_gmt":"2025-08-14T01:55:13","guid":{"rendered":"https:\/\/www.europesays.com\/fr\/317582\/"},"modified":"2025-08-14T01:55:13","modified_gmt":"2025-08-14T01:55:13","slug":"les-choix-de-livres-dete-pour-echapper-a-la-bulle-de-lue","status":"publish","type":"post","link":"https:\/\/www.europesays.com\/fr\/317582\/","title":{"rendered":"Les choix de livres d&rsquo;\u00e9t\u00e9 pour \u00e9chapper \u00e0 la bulle de l&rsquo;UE"},"content":{"rendered":"<\/p>\n<p>Le quartier europ\u00e9en est vide, les entreprises sont ferm\u00e9es et les d\u00e9put\u00e9s de d\u00e9put\u00e9s ont disparu \u2013 c\u2019est le moment id\u00e9al pour rattraper votre lecture d\u2019\u00e9t\u00e9.<\/p>\n<p>Il n\u2019y a plus personne dans la bulle pour impressionner. Alors d\u00e9pens\u00e9 cette politique terne non-papier (qui est venu avec ce nom?) Vous avez fait semblant de profiter et de vous offrir quelque chose en fait amusant. <\/p>\n<p>Et si vous avez besoin d\u2019inspiration?<\/p>\n<p>L\u2019Observatoire de l\u2019Europe vous apporte des recommandations de livres de fonctionnaires, de lecteurs, de nos propres journalistes, de politiciens et d\u2019autres initi\u00e9s de bulles. Si vous pr\u00e9f\u00e9rez \u00e9couter cet article, vous pouvez le faire dans le dernier \u00e9pisode de l\u2019UE Confidential \u2013 o\u00f9 vous trouverez \u00e9galement une liste compl\u00e8te de nos conseils de livre.<\/p>\n<p>Kaja Kallas, le haut repr\u00e9sentant de l\u2019UE, ne fait pas de pause dans la politique \u00e9trang\u00e8re, m\u00eame dans ses choix de lecture. Elle recommande de ramasser \u00abThe Great Game\u00bb de Peter Hopkirk, un livre historique repr\u00e9sentant la lutte de pouvoir du XIXe si\u00e8cle entre les empires russes et britanniques en Asie centrale, ainsi que \u00abne pas d\u00e9ranger\u00bb par la journaliste Michela tort, qui explore le paysage politique du Rwanda.<\/p>\n<p>De l\u2019autre c\u00f4t\u00e9 de l\u2019Atlantique, Kallas sugg\u00e8re un livre intitul\u00e9 \u00abLa salle de situation\u00bb de George Stephanopoulos, conseiller de l\u2019ancien pr\u00e9sident am\u00e9ricain Bill Clinton et co-animateur de Good Morning America, et de l\u2019auteur Lisa Dickey. Et pour une plong\u00e9e profonde dans le fonctionnement des r\u00e9gimes autoritaires modernes, elle pointe vers \u00abAutocracy, Inc. d\u2019Anne Applebaum\u00bb d\u2019Anne Applebaum \u00ab\u00a0<\/p>\n<p>Glenn Micallef, le commissaire \u00e0 la culture et au sport de l\u2019UE, a d\u00e9clar\u00e9 \u00e0 L\u2019Observatoire de l\u2019Europe qu\u2019il lisait \u00abI giorni di vetro\u00bb(\u00ab The Days of Glass \u00bb), un livre de Nicoletta Verna \u00e0 propos de la vie de deux femmes tr\u00e8s diff\u00e9rentes \u00e9tablies en Italie pendant la mont\u00e9e du fascisme. Micallef recommande \u00e9galement une collection de nouvelles de Pierre Mejlak, un auteur de Malte, intitul\u00e9\u00ab Ce qui vous permet de dire. \u00bb<\/p>\n<p>De la Su\u00e8de, la ministre des Affaires de l\u2019UE, Jessica Rosencrantz, recommande les \u00abactes humains\u00bb du laur\u00e9at du prix Nobel Han Kang. Le livre s\u2019approche du Gwangju Uprising, une s\u00e9rie de manifestations dirig\u00e9es par des \u00e9tudiants dans les ann\u00e9es 1980 contre la dictature qui ont \u00e9t\u00e9 brutalement supprim\u00e9es.<\/p>\n<p>Votre animateur confidentiel de L\u2019Observatoire de l\u2019Europe, Sarah Wheaton, recommande de lire une collection de po\u00e9sie: \u00abIl vit une jeune fille en moi qui ne mourra pas\u00bb, de l\u2019auteur danois Tove Ditlevsen. En tant qu\u2019Am\u00e9ricain vivant en Europe et retournant aux \u00c9tats-Unis pour les vacances, Sarah recommande \u00e9galement un livre populaire, \u00abJe suis un \u00e9tranger ici moi-m\u00eame\u00bb, par Bill Bryson, qui d\u00e9taille son r\u00e9ajustement \u00e0 la culture am\u00e9ricaine apr\u00e8s 20 ans en Angleterre. <\/p>\n<p>Si vous voulez lire quelque chose de vraiment diff\u00e9rent, consultez \u00abH Is For Hawk\u00bb de la passionn\u00e9e de Hawk Helen MacDonald. Un livre que Sarah d\u00e9crit comme une \u00abflexion de genre\u00bb est en partie une histoire d\u2019\u00e9criture de la nature, en partie un voyage spirituel, et en partie une biographie du romancier arthurien Th White que MacDonald a \u00e9crit alors qu\u2019elle essayait de danger un faucon qu\u2019elle a obtenu tout en faisant face \u00e0 la chagrin \u00e0 la mort de son p\u00e8re.<\/p>\n<p>Dionisios Sturis, productrice confidentielle de L\u2019Observatoire de l\u2019Europe, conseille la lecture du dernier livre d\u2019Olga Tokarczuk, \u00ab\u00a0The Empusium\u00a0\u00bb. Cette fois, le c\u00e9l\u00e8bre romancier polonais a \u00e9crit une histoire d\u2019horreur dans une station de sant\u00e9 dans les montagnes de la Sil\u00e9sie, inspir\u00e9e par \u00abThe Magic Mountain\u00bb de Thomas Mann, et racont\u00e9e d\u2019une voix collective \u00abnous\u00bb. Dionis recommande \u00e9galement \u00abTell Me Tell\u00bb d\u2019Elizabeth Strout, un livre qui combine l\u2019art de la narration et du drame de petite ville.<\/p>\n<p>  (TagStotranslate) Livres (T) F\u00eates d\u2019\u00e9t\u00e9 (T) Kaja Kallas<\/p>\n","protected":false},"excerpt":{"rendered":"Le quartier europ\u00e9en est vide, les entreprises sont ferm\u00e9es et les d\u00e9put\u00e9s de d\u00e9put\u00e9s ont disparu \u2013 c\u2019est&hellip;\n","protected":false},"author":2,"featured_media":317583,"comment_status":"","ping_status":"","sticky":false,"template":"","format":"standard","meta":{"footnotes":""},"categories":[1586],"tags":[11,1777,674,1779,1011,27,12,25,1778,364],"class_list":{"0":"post-317582","1":"post","2":"type-post","3":"status-publish","4":"format-standard","5":"has-post-thumbnail","7":"category-europe","8":"tag-actualites","9":"tag-eu","10":"tag-europe","11":"tag-european-union","12":"tag-fr","13":"tag-france","14":"tag-news","15":"tag-republique-francaise","16":"tag-ue","17":"tag-union-europeenne"},"share_on_mastodon":{"url":"https:\/\/pubeurope.com\/@fr\/115024633753797370","error":""},"_links":{"self":[{"href":"https:\/\/www.europesays.com\/fr\/wp-json\/wp\/v2\/posts\/317582","targetHints":{"allow":["GET"]}}],"collection":[{"href":"https:\/\/www.europesays.com\/fr\/wp-json\/wp\/v2\/posts"}],"about":[{"href":"https:\/\/www.europesays.com\/fr\/wp-json\/wp\/v2\/types\/post"}],"author":[{"embeddable":true,"href":"https:\/\/www.europesays.com\/fr\/wp-json\/wp\/v2\/users\/2"}],"replies":[{"embeddable":true,"href":"https:\/\/www.europesays.com\/fr\/wp-json\/wp\/v2\/comments?post=317582"}],"version-history":[{"count":0,"href":"https:\/\/www.europesays.com\/fr\/wp-json\/wp\/v2\/posts\/317582\/revisions"}],"wp:featuredmedia":[{"embeddable":true,"href":"https:\/\/www.europesays.com\/fr\/wp-json\/wp\/v2\/media\/317583"}],"wp:attachment":[{"href":"https:\/\/www.europesays.com\/fr\/wp-json\/wp\/v2\/media?parent=317582"}],"wp:term":[{"taxonomy":"category","embeddable":true,"href":"https:\/\/www.europesays.com\/fr\/wp-json\/wp\/v2\/categories?post=317582"},{"taxonomy":"post_tag","embeddable":true,"href":"https:\/\/www.europesays.com\/fr\/wp-json\/wp\/v2\/tags?post=317582"}],"curies":[{"name":"wp","href":"https:\/\/api.w.org\/{rel}","templated":true}]}}