{"id":317589,"date":"2025-08-14T02:01:13","date_gmt":"2025-08-14T02:01:13","guid":{"rendered":"https:\/\/www.europesays.com\/fr\/317589\/"},"modified":"2025-08-14T02:01:13","modified_gmt":"2025-08-14T02:01:13","slug":"ce-jeune-clermontois-de-19-ans-en-fin-de-contrat-qui-espere-percer-en-top-14-avec-lasm","status":"publish","type":"post","link":"https:\/\/www.europesays.com\/fr\/317589\/","title":{"rendered":"Ce jeune Clermontois de 19 ans en fin de contrat qui esp\u00e8re percer en Top 14 avec l&rsquo;ASM"},"content":{"rendered":"<p>Form\u00e9 \u00e0 l\u2019ASM Clermont depuis 2020, Tom Belkessa, 19 ans, voit son r\u00eave se rapprocher.<\/p>\n<p>Pass\u00e9 par l\u2019US Pithiviers, le jeune talonneur s\u2019entra\u00eene d\u00e9sormais avec le groupe professionnel, bien d\u00e9cid\u00e9 \u00e0 s\u2019offrir ses premi\u00e8res minutes en Top 14 cette saison.<\/p>\n<p>R\u00e9v\u00e9l\u00e9 chez les moins de 18 ans, il a marqu\u00e9 les esprits en terminant meilleur marqueur d\u2019essais du championnat 2023-2024 avec 19 r\u00e9alisations. D\u00e9sormais install\u00e9 \u00e0 son poste de pr\u00e9dilection, il fait partie des rares rescap\u00e9s de sa g\u00e9n\u00e9ration.<\/p>\n<p><strong>Il s\u2019est confi\u00e9 via <a href=\"https:\/\/www.lamontagne.fr\/pithiviers-45300\/sports\/tom-belkessa-originaire-de-pithiviers-espere-jouer-ses-premieres-minutes-en-top-14-a-l-asm-clermont_14733586\/\" rel=\"nofollow noopener\" target=\"_blank\">La Montagne<\/a> :\u00a0<\/strong><\/p>\n<p>\u00ab On \u00e9tait un groupe de 40, de la g\u00e9n\u00e9ration 2006-2005. Aujourd\u2019hui, beaucoup sont sortis de route. On doit \u00eatre seulement 7 ou 8 \u00e0 \u00eatre rest\u00e9s \u00bb.<\/p>\n<p>Depuis un an, il vit presque au rythme des pros : entra\u00eenements, repas et vie commune avec l\u2019effectif de Christophe Urios du lundi au jeudi, avant de redescendre jouer avec les Espoirs le week-end. Fini l\u2019internat, place \u00e0 un appartement fourni par le club et \u00e0 la vie de sportif quasi-professionnel.<\/p>\n<p>Mais \u00e0 l\u2019approche de la fin de son contrat, les choix de carri\u00e8re se profilent : \u00ab Faire une carri\u00e8re, pouvoir jouer jusqu\u2019\u00e0 35 ans, ce serait le mieux \u00bb, confie-t-il.<\/p>\n<p>D\u00e9cision attendue \u00ab au mois de janvier, apr\u00e8s la premi\u00e8re partie de saison \u00bb, avec l\u2019espoir d\u2019avoir d\u00e9j\u00e0 go\u00fbt\u00e9 \u00e0 la comp\u00e9tition avec l\u2019\u00e9quipe premi\u00e8re.<\/p>\n<p>Et peut-\u00eatre que Christophe Urios se souviendra de ce jeune audacieux qui, l\u2019\u00e9t\u00e9 dernier, avait imit\u00e9 son accent devant tout le club. Faussement vex\u00e9, le coach lui avait lanc\u00e9 : \u00ab On va se revoir, toi, l\u00e0-bas ?! \u00bb<\/p>\n<p>Une chose est s\u00fbre : Tom Belkessa compte bien que cette proph\u00e9tie se r\u00e9alise\u2026 sur la pelouse du Top 14.<\/p>\n","protected":false},"excerpt":{"rendered":"Form\u00e9 \u00e0 l\u2019ASM Clermont depuis 2020, Tom Belkessa, 19 ans, voit son r\u00eave se rapprocher. Pass\u00e9 par l\u2019US&hellip;\n","protected":false},"author":2,"featured_media":299715,"comment_status":"","ping_status":"","sticky":false,"template":"","format":"standard","meta":{"footnotes":""},"categories":[1416],"tags":[1011,27,479,1468,60],"class_list":{"0":"post-317589","1":"post","2":"type-post","3":"status-publish","4":"format-standard","5":"has-post-thumbnail","7":"category-rugby","8":"tag-fr","9":"tag-france","10":"tag-rugby","11":"tag-rugby-football","12":"tag-sports"},"share_on_mastodon":{"url":"https:\/\/pubeurope.com\/@fr\/115024657343769972","error":""},"_links":{"self":[{"href":"https:\/\/www.europesays.com\/fr\/wp-json\/wp\/v2\/posts\/317589","targetHints":{"allow":["GET"]}}],"collection":[{"href":"https:\/\/www.europesays.com\/fr\/wp-json\/wp\/v2\/posts"}],"about":[{"href":"https:\/\/www.europesays.com\/fr\/wp-json\/wp\/v2\/types\/post"}],"author":[{"embeddable":true,"href":"https:\/\/www.europesays.com\/fr\/wp-json\/wp\/v2\/users\/2"}],"replies":[{"embeddable":true,"href":"https:\/\/www.europesays.com\/fr\/wp-json\/wp\/v2\/comments?post=317589"}],"version-history":[{"count":0,"href":"https:\/\/www.europesays.com\/fr\/wp-json\/wp\/v2\/posts\/317589\/revisions"}],"wp:featuredmedia":[{"embeddable":true,"href":"https:\/\/www.europesays.com\/fr\/wp-json\/wp\/v2\/media\/299715"}],"wp:attachment":[{"href":"https:\/\/www.europesays.com\/fr\/wp-json\/wp\/v2\/media?parent=317589"}],"wp:term":[{"taxonomy":"category","embeddable":true,"href":"https:\/\/www.europesays.com\/fr\/wp-json\/wp\/v2\/categories?post=317589"},{"taxonomy":"post_tag","embeddable":true,"href":"https:\/\/www.europesays.com\/fr\/wp-json\/wp\/v2\/tags?post=317589"}],"curies":[{"name":"wp","href":"https:\/\/api.w.org\/{rel}","templated":true}]}}