{"id":317591,"date":"2025-08-14T02:04:20","date_gmt":"2025-08-14T02:04:20","guid":{"rendered":"https:\/\/www.europesays.com\/fr\/317591\/"},"modified":"2025-08-14T02:04:20","modified_gmt":"2025-08-14T02:04:20","slug":"bresil-argentine-arabie-saoudite-les-futures-courses-du-motogp","status":"publish","type":"post","link":"https:\/\/www.europesays.com\/fr\/317591\/","title":{"rendered":"Br\u00e9sil, Argentine, Arabie saoudite&#8230; Les futures courses du MotoGP"},"content":{"rendered":"<p>Depuis le d\u00e9but de l&rsquo;\u00e9t\u00e9, c&rsquo;est Liberty Media qui <a href=\"https:\/\/fr.motorsport.com\/motogp\/news\/liberty-media-boucle-rachat-motogp\/10739023\/\" target=\"_blank\" rel=\"noopener\">a en main les destin\u00e9es du MotoGP<\/a>. Le groupe am\u00e9ricain, d\u00e9j\u00e0 propri\u00e9taire de la Formule 1, a rachet\u00e9 Dorna Sports mais l&rsquo;entit\u00e9 espagnole n&rsquo;a pas attendu cette transaction pour pr\u00e9parer l&rsquo;avenir. Avant ce rachat, le MotoGP a <a href=\"https:\/\/fr.motorsport.com\/motogp\/news\/motogp-nouveau-logo-identite-visuelle\/10673732\/\" target=\"_blank\" rel=\"noopener\">modernis\u00e9 son identit\u00e9 visuelle<\/a> et s&rsquo;est lanc\u00e9 dans une qu\u00eate de nouveaux march\u00e9s pour faire grandir son audience.<\/p>\n<p>Ces derni\u00e8res ann\u00e9es, les projets de nouvelles courses ont \u00e9t\u00e9 nombreux mais n&rsquo;ont pas forc\u00e9ment abouti. Des Grands Prix ont \u00e9t\u00e9 annonc\u00e9s \u00e0 <a href=\"https:\/\/fr.motorsport.com\/motogp\/news\/grand-prix-bresil-calendrier-2022\/4555728\/\" target=\"_blank\" rel=\"noopener\">Rio au Br\u00e9sil<\/a>, au <a href=\"https:\/\/fr.motorsport.com\/motogp\/news\/grand-prix-finlande-2022-annulation\/10310444\/\" target=\"_blank\" rel=\"noopener\">KymiRing en Finlande<\/a> ou encore \u00e0 <a href=\"https:\/\/fr.motorsport.com\/motogp\/news\/kazakhstan-annule-deux-gp-misano-calendrier\/10633543\/\" target=\"_blank\" rel=\"noopener\">Sokol au Kazakhstan<\/a>, sans jamais se concr\u00e9tiser m\u00eame si les deux derniers ont chacun figur\u00e9 plusieurs fois au calendrier avant d&rsquo;\u00eatre annul\u00e9s. Le GP d&rsquo;Inde est lui bien apparu en 2023 mais a vite disparu.<\/p>\n<p>De nouveaux projets sont men\u00e9s \u00e0 bien. La Tha\u00eflande est pr\u00e9sente depuis 2018, le Portugal a int\u00e9gr\u00e9 un calendrier chamboul\u00e9 par le Covid en 2020 avant de devenir un rendez-vous r\u00e9gulier, l&rsquo;Indon\u00e9sie \u00e0 sa place depuis 2022, tandis que la R\u00e9publique tch\u00e8que a fait son retour cet \u00e9t\u00e9.<\/p>\n<p>Lire aussi :<\/p>\n<p>En Hongrie, un <a href=\"https:\/\/fr.motorsport.com\/motogp\/news\/projet-gp-hongrie-bascule-hungaroring\/10522469\/\" target=\"_blank\" rel=\"noopener\">premier projet \u00e0 Budapest<\/a> a \u00e9t\u00e9 abandonn\u00e9 mais le Balaton Park accueillera bien le MotoGP cette saison, la premi\u00e8re sans annulation en cours d&rsquo;ann\u00e9e depuis 2019. De nouvelles courses sont \u00e9galement pr\u00e9vues pour les prochaines saisons.<\/p>\n<p>GP du Br\u00e9sil\u00a0: un retour d\u00e8s 2026<\/p>\n<p>Bri\u00e8vement pr\u00e9sent au calendrier \u00e0 la fin des ann\u00e9es 1980 puis au d\u00e9but des ann\u00e9es 1990, le <a href=\"https:\/\/fr.motorsport.com\/motogp\/news\/gp-bresil-goiania-2026-motogp\/10681942\/\" target=\"_blank\" rel=\"noopener\">GP du Br\u00e9sil<\/a> va rena\u00eetre en 2026. Le MotoGP va faire son retour sur l&rsquo;Aut\u00f3dromo Internacional Ayrton Senna \u00e0 Goi\u00e2nia, d\u00e9j\u00e0 th\u00e9\u00e2tre de trois courses entre 1987 et 1989.<\/p>\n<p>Lire aussi :<\/p>\n<p>\u00ab\u00a0Le Grand Prix du Br\u00e9sil 2026 est pr\u00e9vu, il n&rsquo;y a pas de discussion\u00a0\u00bb, a rassur\u00e9 Carmelo Ezpeleta, interrog\u00e9 <a href=\"https:\/\/www.gpone.com\/it\/2025\/05\/14\/motogp\/ezpeleta-il-gp-di-ungheria-si-fara-e-pensiamo-allarabia-saudita-per-il-2028.html\" target=\"_blank\" rel=\"noopener\">par GPOne<\/a>. \u00ab\u00a0Il n&rsquo;y a pas besoin de gros changement sur la piste, mais les installations seront totalement r\u00e9nov\u00e9es.\u00a0\u00bb<\/p>\n<p>GP d&rsquo;Argentine\u00a0: un Buenos Aires r\u00e9nov\u00e9 en 2027<br \/>\n   <img decoding=\"async\" draggable=\"false\" src=\"https:\/\/www.europesays.com\/fr\/wp-content\/uploads\/2025\/08\/circuito-buenos-aires-motogp-3.jpg\" alt=\"Le circuit de Buenos Aires\" width=\"1200\" height=\"800\" loading=\"lazy\"\/> <\/p>\n<p class=\"title\">Le circuit de Buenos Aires<\/p>\n<p>En 2026, le Br\u00e9sil prendra la place d&rsquo;unique rendez-vous en Am\u00e9rique du Sud jusque-l\u00e0 occup\u00e9e par l&rsquo;Argentine, mais le MotoGP retrouvera vite le pays. Termas de R\u00edo Hondo, dont la course a \u00e9t\u00e9 annul\u00e9e en 2024 en raison de la politique de rigueur de Javier Milei, avant de revenir en 2025, a <a href=\"https:\/\/fr.motorsport.com\/motogp\/news\/gp-argentine-absent-calendrier-2026\/10741384\/\" target=\"_blank\" rel=\"noopener\">renonc\u00e9 \u00e0 l&rsquo;organisation de sa course la saison prochaine<\/a>.<\/p>\n<p>Lire aussi :<\/p>\n<p>Le championnat discutait d\u00e9j\u00e0 depuis plusieurs mois avec Buenos Aires, dont le retour pour 2027 <a href=\"https:\/\/fr.motorsport.com\/motogp\/news\/buenos-aires-plan-accueillir-motogp-f1\/10744102\/\" target=\"_blank\" rel=\"noopener\">a ensuite \u00e9t\u00e9 confirm\u00e9<\/a>. Vu au calendrier ponctuellement dans les ann\u00e9es 1960, 1980 et 1990, le circuit va \u00eatre totalement modernis\u00e9 pour les besoins du MotoGP.<\/p>\n<p>GP d&rsquo;Arabie saoudite\u00a0: une date encore incertaine<br \/>\n   <img decoding=\"async\" draggable=\"false\" src=\"https:\/\/www.europesays.com\/fr\/wp-content\/uploads\/2025\/08\/qiddiya-city-track-rendering.jpg\" alt=\"Le futur circuit de Qiddiya \" width=\"1200\" height=\"800\" loading=\"lazy\"\/> <\/p>\n<p class=\"title\">Le futur circuit de Qiddiya<\/p>\n<p class=\"photographer\">Photo de: Qiddiya Media<\/p>\n<p>En 2022, le MotoGP a sign\u00e9 un <a href=\"https:\/\/fr.motorsport.com\/motogp\/news\/projet-grand-prix-arabie-saoudite\/10364136\/\" target=\"_blank\" rel=\"noopener\">\u00ab\u00a0protocole d&rsquo;entente\u00a0\u00bb avec l&rsquo;Arabie saoudite<\/a>, avec pour objectif d&rsquo;y organiser une course \u00e0 Qiddiya, un gigantesque projet de divertissement et de tourisme \u00e0 Riyad, o\u00f9 la F1 a \u00e9galement pr\u00e9vu de rouler. Lors de la signature de ce protocole, l&rsquo;inauguration \u00e9tait pr\u00e9vue pour 2024 mais elle a depuis \u00e9t\u00e9 repouss\u00e9e, sans certitude sur la nouvelle \u00e9ch\u00e9ance. Ezpeleta insiste n\u00e9anmoins sur le maintien de l&rsquo;accord.<\/p>\n<p>\u00ab\u00a0L&rsquo;inauguration est pr\u00e9vue pour 2028 maintenant, mais ce pourrait aussi \u00eatre 2029. C&rsquo;est un projet d&rsquo;une complexit\u00e9 indescriptible, qui \u00e9clipse tout le reste. Jusqu&rsquo;\u00e0 ce qu&rsquo;il soit termin\u00e9, la Formule 1 continuera \u00e0 rouler sur le circuit de Djeddah.\u00a0\u00bb<\/p>\n<p>Et ensuite ?<\/p>\n<p>Aucun autre projet n&rsquo;a \u00e9t\u00e9 annonc\u00e9 par le moment mais avant m\u00eame la prise de contr\u00f4le par Liberty Media, le MotoGP faisait par de sa volont\u00e9 de se d\u00e9velopper sur le march\u00e9 am\u00e9ricain, ce qui pourrait passer par <a href=\"https:\/\/fr.motorsport.com\/motogp\/news\/motogp-organiser-plus-courses-etats-unis\/10652222\/\" target=\"_blank\" rel=\"noopener\">le retour de plusieurs courses aux \u00c9tats-Unis<\/a>. En 2013, le championnat se rendait \u00e0 Laguna Seca et Indianapolis en plus d&rsquo;Austin.<\/p>\n<p>La multiplication de ces projets ne doit pas \u00eatre consid\u00e9r\u00e9 comme une menace pour les courses europ\u00e9ennes selon Dan Rossomondo, directeur commercial du MotoGP.\u00a0\u00ab\u00a0Nous cherchons toujours \u00e0 \u00e9tendre notre pr\u00e9sence en dehors de l&rsquo;Europe, mais nous devons aussi un peu nourrir la b\u00eate\u00a0\u00bb, a-t-il <a href=\"https:\/\/fr.motorsport.com\/motogp\/news\/liberty-media-preserver-championnat-unique\/10748525\/\" target=\"_blank\" rel=\"noopener\">r\u00e9cemment r\u00e9sum\u00e9<\/a>.<\/p>\n<p>Lire aussi :<\/p>\n<p>Dans cet article<\/p>\n<p>Soyez le premier inform\u00e9 et souscrivez aux alertes mails pour recevoir les infos en temps r\u00e9el<\/p>\n<p>    S&rsquo;abonner aux alertes de news<\/p>\n","protected":false},"excerpt":{"rendered":"Depuis le d\u00e9but de l&rsquo;\u00e9t\u00e9, c&rsquo;est Liberty Media qui a en main les destin\u00e9es du MotoGP. Le groupe&hellip;\n","protected":false},"author":2,"featured_media":304823,"comment_status":"","ping_status":"","sticky":false,"template":"","format":"standard","meta":{"footnotes":""},"categories":[1413],"tags":[45606,6715,19362,1011,27,1457,1456,1458,60],"class_list":{"0":"post-317591","1":"post","2":"type-post","3":"status-publish","4":"format-standard","5":"has-post-thumbnail","7":"category-moto","8":"tag-arabie-saoudite-les-futures-courses-du-motogp","9":"tag-argentine","10":"tag-bru00e9sil","11":"tag-fr","12":"tag-france","13":"tag-moto","14":"tag-motocycle","15":"tag-motogp","16":"tag-sports"},"share_on_mastodon":{"url":"https:\/\/pubeurope.com\/@fr\/115024669239450803","error":""},"_links":{"self":[{"href":"https:\/\/www.europesays.com\/fr\/wp-json\/wp\/v2\/posts\/317591","targetHints":{"allow":["GET"]}}],"collection":[{"href":"https:\/\/www.europesays.com\/fr\/wp-json\/wp\/v2\/posts"}],"about":[{"href":"https:\/\/www.europesays.com\/fr\/wp-json\/wp\/v2\/types\/post"}],"author":[{"embeddable":true,"href":"https:\/\/www.europesays.com\/fr\/wp-json\/wp\/v2\/users\/2"}],"replies":[{"embeddable":true,"href":"https:\/\/www.europesays.com\/fr\/wp-json\/wp\/v2\/comments?post=317591"}],"version-history":[{"count":0,"href":"https:\/\/www.europesays.com\/fr\/wp-json\/wp\/v2\/posts\/317591\/revisions"}],"wp:featuredmedia":[{"embeddable":true,"href":"https:\/\/www.europesays.com\/fr\/wp-json\/wp\/v2\/media\/304823"}],"wp:attachment":[{"href":"https:\/\/www.europesays.com\/fr\/wp-json\/wp\/v2\/media?parent=317591"}],"wp:term":[{"taxonomy":"category","embeddable":true,"href":"https:\/\/www.europesays.com\/fr\/wp-json\/wp\/v2\/categories?post=317591"},{"taxonomy":"post_tag","embeddable":true,"href":"https:\/\/www.europesays.com\/fr\/wp-json\/wp\/v2\/tags?post=317591"}],"curies":[{"name":"wp","href":"https:\/\/api.w.org\/{rel}","templated":true}]}}