{"id":317592,"date":"2025-08-14T02:05:13","date_gmt":"2025-08-14T02:05:13","guid":{"rendered":"https:\/\/www.europesays.com\/fr\/317592\/"},"modified":"2025-08-14T02:05:13","modified_gmt":"2025-08-14T02:05:13","slug":"un-pro-du-bmx-saute-par-dessus-une-f1","status":"publish","type":"post","link":"https:\/\/www.europesays.com\/fr\/317592\/","title":{"rendered":"un pro du BMX saute par-dessus une F1"},"content":{"rendered":"<p>Selon ses propres mots, c\u2019\u00e9tait \u00ab l\u2019une des choses les plus terrifiantes \u00bb qu\u2019il ait jamais faites \u2014 et venant de lui, \u00e7a veut dire beaucoup ! Le rider \u00e9cossais de BMX Kriss Kyle vient de d\u00e9voiler une nouvelle vid\u00e9o spectaculaire, dans laquelle il saute litt\u00e9ralement au-dessus d\u2019une voiture de Formule 1 lanc\u00e9e \u00e0 pleine vitesse. Au volant ? Rien de moins que la l\u00e9gende \u00e9cossaise du sport automobile et ancien pilote Red\u00a0Bull, David Coulthard.<\/p>\n<p>Pour r\u00e9ussir cette cascade millim\u00e9tr\u00e9e, Kriss devait prendre suffisamment d\u2019\u00e9lan, d\u00e9coller \u00e0 la hauteur parfaite\u2026 et surtout, synchroniser son saut au milli\u00e8me de seconde. Ce n\u2019est qu\u2019\u00e0 ce prix que la Red\u00a0Bull RB7 a pu filer sous lui, alors qu\u2019il \u00e9tait en plein vol.<\/p>\n<p>Kyle est connu pour ses montages vid\u00e9o spectaculaires. <\/p>\n<p><a class=\"inline-image__link\" href=\"https:\/\/img.redbull.com\/images\/q_auto,f_auto\/redbullcom\/2025\/8\/6\/ov7jtjmlpkvu0lmr90ji\/kriss-kyle-red-bull-racing-bmx-f1-jump\" title=\"Kriss Kyle est connu pour sa cr\u00e9ativit\u00e9 et ses comp\u00e9tences techniques\" rel=\"nofollow noopener\" target=\"_blank\"><img decoding=\"async\" class=\"image-view__content\" src=\"data:image\/webp;base64,UklGRnICAABXRUJQVlA4IGYCAAAwFgCdASpkALIAP1moyV4yLCg0JXN6ooArCWdu3rtOFdAhn8rmtqrhcD99NFXxNcSzumc4QOeNLB2nNY8x5qs8dlz172V0rx+sxAcEIxNCofOLIKnirAjJOnKwhrGnCP+kC6fh1kqrMFkU+utXjf6\/IrQGL02VIbLbdfDWIL8yr4FCQPqWmVUqYNRNz54cF6wqxpyGr7j+jT5RIkGHRr5H5NY0yoDh9mOou0bXO746uf81FAHaYOW7VIAA2ypEsTF1LoT1s4zifTYWDHWJrAK1oQ6QY+jxqOw9UvgndWVbAFdz6\/ne75lP0NI0WmK1NhxWh6qq2mDWpT34R4TTTSp5bjRaa2k0It7LA6XfeadG9p4DTUFo6f3hfs2jD0XfhtcntgxTd1zl33ZEPuD0pXfKrzuJZ9CPP1qsC6\/g9XWV8Kst1ucnTjamK\/90X7qL8VfHctwqu3b3\/JQVEF\/p8\/JnDd6UReU+rFflRlxi3WTwg5JGIsXHjZ1bpMtR5Pv9YDvcn9IgVIB9WsqtmOR4MVUV9NxcRfJBFSLjZ75UJ4I0D7s332JModhLgBjTQnl\/krq\/AN9Z1KvgN3\/yuCI3j2N5QKlo9LFggoCbGHh86dzrkyAo5ug8MLxcxbL0V+Wts3ML6RRw9luTYY6uEk7Ncrr4G\/9XODYHBhsgln3mWm2TgDK1NqIKyp3PvzhqWWoy9hz76U4MCDugeOU7s+8xUYyaOl\/onzLZdFZ+JyWLAjhykvUYDD9XCXGuhvAynYaz6hAuM1uKWpCaQYJX+zxXMZPCQ7H\/ajsey\/hFpcpFKkSPqXiDFoAAAA==\" alt=\"Kriss Kyle saute par-dessus une voiture de F1 dans une vid\u00e9o incroyable\" title=\"Kriss Kyle est connu pour sa cr\u00e9ativit\u00e9 et ses comp\u00e9tences techniques\" data-id=\"rrn:content:images:36e966d5-351f-483e-94f5-287f8a089d05:fr-CA\" data-preview-src=\"https:\/\/www.europesays.com\/fr\/wp-content\/uploads\/2025\/08\/kriss-kyle-red-bull-racing-bmx-f1-jump.webp\"\/><\/a><\/p>\n<p class=\"cosmos-text cosmos-text--spacing-none cosmos-text--kind-normal cosmos-text--weight-regular cosmos-text--appearance-dark cosmos-text--size-xx-small@small cosmos-text--size-small@large sc-cosmos-text-11-0-2 sc-cosmos-text-11-0-2-s\" part=\"base\">Kriss Kyle est connu pour sa cr\u00e9ativit\u00e9 et ses comp\u00e9tences techniques<\/p>\n<p class=\"cosmos-text cosmos-text--spacing-none cosmos-text--kind-subtle cosmos-text--weight-regular cosmos-text--appearance-dark cosmos-text--size-xx-small sc-cosmos-text-11-0-2 sc-cosmos-text-11-0-2-s\" part=\"base\">\u00a9 Marcus Cole\/Red\u00a0Bull Content Pool<\/p>\n<p>Kriss Kyle est mont\u00e9 sur un BMX pour la premi\u00e8re fois \u00e0 l\u2019\u00e2ge de 10 ans, dans sa ville natale de Stranraer, en \u00c9cosse. Son r\u00eave de devenir pro ne l\u2019a jamais quitt\u00e9. Aujourd\u2019hui, il est devenu une v\u00e9ritable ic\u00f4ne du BMX, reconnu pour ses vid\u00e9os virales aussi cr\u00e9atives que risqu\u00e9es. Les cascades spectaculaires et les d\u00e9fis cr\u00e9atifs ne sont pas nouveaux pour lui : en 2024, Kriss Kyle a emmen\u00e9 son VTT dans les montagnes suisses &#8211; et a livr\u00e9 une vid\u00e9o qui a \u00e9tonn\u00e9 le monde entier avec une chevauch\u00e9e audacieuse \u00e0 travers un site du patrimoine culturel de l&rsquo;UNESCO.<\/p>\n<p class=\"cosmos-text cosmos-text--spacing-none cosmos-text--kind-normal cosmos-text--weight-medium cosmos-text--appearance-dark cosmos-text--size-x-small sc-cosmos-text-11-0-2 sc-cosmos-text-11-0-2-s\" part=\"base\">Partie de cette histoire<\/p>\n<p><a class=\"part-of-this-story-card part-of-this-story-card--large\" href=\"https:\/\/www.redbull.com\/ca-fr\/athlete\/kriss-kyle\" rel=\"nofollow noopener\" target=\"_blank\"><img decoding=\"async\" src=\"https:\/\/www.europesays.com\/fr\/wp-content\/uploads\/2025\/08\/kriss-kyle-copenhagen.jpeg\" class=\"plain-image-view plain-image-view--small-images\" alt=\"\" title=\"Kriss Kyle\" data-id=\"rrn:content:images:1299ee27-393f-4e92-89eb-f375512da8ee:en-INT\" loading=\"lazy\"\/>Kriss KyleV\u00e9ritable prodige du BMX, l&rsquo;\u00c9cossais Kriss Kyle est tout simplement l&rsquo;un des riders les plus excitants du globe.<\/a><\/p>\n","protected":false},"excerpt":{"rendered":"Selon ses propres mots, c\u2019\u00e9tait \u00ab l\u2019une des choses les plus terrifiantes \u00bb qu\u2019il ait jamais faites \u2014&hellip;\n","protected":false},"author":2,"featured_media":317593,"comment_status":"","ping_status":"","sticky":false,"template":"","format":"standard","meta":{"footnotes":""},"categories":[1412],"tags":[1451,1452,1453,1454,1455,1011,27,60],"class_list":{"0":"post-317592","1":"post","2":"type-post","3":"status-publish","4":"format-standard","5":"has-post-thumbnail","7":"category-f1","8":"tag-f1","9":"tag-formula-1","10":"tag-formula1","11":"tag-formule-1","12":"tag-formule1","13":"tag-fr","14":"tag-france","15":"tag-sports"},"share_on_mastodon":{"url":"https:\/\/pubeurope.com\/@fr\/115024673081877384","error":""},"_links":{"self":[{"href":"https:\/\/www.europesays.com\/fr\/wp-json\/wp\/v2\/posts\/317592","targetHints":{"allow":["GET"]}}],"collection":[{"href":"https:\/\/www.europesays.com\/fr\/wp-json\/wp\/v2\/posts"}],"about":[{"href":"https:\/\/www.europesays.com\/fr\/wp-json\/wp\/v2\/types\/post"}],"author":[{"embeddable":true,"href":"https:\/\/www.europesays.com\/fr\/wp-json\/wp\/v2\/users\/2"}],"replies":[{"embeddable":true,"href":"https:\/\/www.europesays.com\/fr\/wp-json\/wp\/v2\/comments?post=317592"}],"version-history":[{"count":0,"href":"https:\/\/www.europesays.com\/fr\/wp-json\/wp\/v2\/posts\/317592\/revisions"}],"wp:featuredmedia":[{"embeddable":true,"href":"https:\/\/www.europesays.com\/fr\/wp-json\/wp\/v2\/media\/317593"}],"wp:attachment":[{"href":"https:\/\/www.europesays.com\/fr\/wp-json\/wp\/v2\/media?parent=317592"}],"wp:term":[{"taxonomy":"category","embeddable":true,"href":"https:\/\/www.europesays.com\/fr\/wp-json\/wp\/v2\/categories?post=317592"},{"taxonomy":"post_tag","embeddable":true,"href":"https:\/\/www.europesays.com\/fr\/wp-json\/wp\/v2\/tags?post=317592"}],"curies":[{"name":"wp","href":"https:\/\/api.w.org\/{rel}","templated":true}]}}