{"id":317598,"date":"2025-08-14T02:08:13","date_gmt":"2025-08-14T02:08:13","guid":{"rendered":"https:\/\/www.europesays.com\/fr\/317598\/"},"modified":"2025-08-14T02:08:13","modified_gmt":"2025-08-14T02:08:13","slug":"emma-smet-transformee-ressemble-a-natasha-st-pier-la-nouvelle-tete-de-la-petite-fille-de-johnny-devoilee","status":"publish","type":"post","link":"https:\/\/www.europesays.com\/fr\/317598\/","title":{"rendered":"Emma Smet, transform\u00e9e, ressemble \u00e0 Natasha St-Pier : la nouvelle t\u00eate de la petite-fille de Johnny d\u00e9voil\u00e9e"},"content":{"rendered":"<p>      R\u00e9sum\u00e9<\/p>\n<p>Emma Smet d\u00e9voile un nouveau look saisissant dans le film Sous \u00e9crous, qui conna\u00eet un succ\u00e8s renouvel\u00e9 gr\u00e2ce \u00e0 sa diffusion sur MyCanal.<\/p>\n<p>        Sommaire<\/p>\n<p>Pour son nouveau film, sorti en salles le 18 d\u00e9cembre dernier, Hakim Bougheraba, fr\u00e8re de l&rsquo;humoriste <a href=\"https:\/\/vsd.fr\/6247-redouane-bougheraba\/\" target=\"_blank\" rel=\"noopener\">Redouane Bougheraba<\/a>, a r\u00e9alis\u00e9 un joli succ\u00e8s. Son long-m\u00e9trage <strong>Sous \u00e9crous<\/strong>, dans lequel toute la fratrie Bougheraba r\u00e9unie donne la r\u00e9plique \u00e0 Emma Smet et <a href=\"https:\/\/www.public.fr\/brahim-bouhlel-valide-l-acteur-de-la-serie-a-succes-place-en-garde-a-vue\" target=\"_blank\" rel=\"noopener\">Brahim Bouhlel<\/a> notamment,<strong> a convaincu pr\u00e8s de 700 000 personnes<\/strong> en salles.<\/p>\n<p>Dans cette com\u00e9die d\u00e9jant\u00e9e, Sammy, \u00e9tudiant en droit qui travaille aussi comme livreur de pizza, est inculp\u00e9 \u00e0 tort pour un braquage qu&rsquo;il n&rsquo;a pas commis. En r\u00e9alit\u00e9, <strong>Sammy est le sosie d&rsquo;un c\u00e9l\u00e8bre braqueur<\/strong>, qui a lui-m\u00eame orchestr\u00e9 ce pi\u00e8ge. Une proposition mitig\u00e9e, qui n&rsquo;a re\u00e7u qu&rsquo;un mesur\u00e9 2,3\/5 par les spectateurs sur Allocin\u00e9. Mais heureusement,<strong> le film, enfin propos\u00e9 par Canal, rencontre un joli succ\u00e8s<\/strong> ! De quoi ravir les protagonistes, comme Emma Smet.<\/p>\n<p>Emma Smet est le portrait crach\u00e9 de Natasha St-Pier<\/p>\n<p>En effet, sur Instagram, la petite-fille de Johnny Hallyday, <strong>fruit<\/strong> <strong>d&rsquo;une histoire d&rsquo;amour pass\u00e9e entre David Hallyday et Estelle Lef\u00e9bure<\/strong>, a partag\u00e9 la grande nouvelle. Quelques jours apr\u00e8s sa sortie sur la plateforme MyCanal, le film Sous \u00e9crous est d\u00e9j\u00e0 num\u00e9ro un. L&rsquo;occasion pour ceux qui ne l&rsquo;avaient pas encore vu de retrouver Emma Smet dans un look totalement nouveau ! Avec une perruque rousse tournant m\u00eame vers le rouge, <strong>la com\u00e9dienne ressemble tr\u00e8s fortement \u00e0 Natasha St-Pier<\/strong>. Le r\u00e9sultant est saisissant !<\/p>\n<p>Dans les commentaires, la jeune actrice que l&rsquo;on a aussi vue dans Demain nous appartient est f\u00e9licit\u00e9e par <a href=\"https:\/\/vsd.fr\/78255-clan-hallyday-la-petite-fille-de-johnny-enceinte\/\" target=\"_blank\" rel=\"noopener\">sa s\u0153ur Ilona<\/a>. La cascadeuse <strong>Aur\u00e9lia Agel<\/strong>, qui travaille r\u00e9guli\u00e8rement pour le cin\u00e9ma international, l&rsquo;a \u00e9galement f\u00e9licit\u00e9e. La jeune femme a notamment travaill\u00e9 pour Fast and Furious 10, Les Gardiens de la Galaxie Vol 3. et John Wick : Chapitre IV.<\/p>\n<p>Cette seconde vie accord\u00e9e \u00e0 Sous \u00e9crous semble \u00eatre aussi prolifique que la premi\u00e8re. Elle touche un nouveau public, plus large, et permet ainsi au film des fr\u00e8res Bougheraba de transformer l&rsquo;essai. A noter qu&rsquo;avant Sous \u00e9crous, la fratrie Bougheraba avait <a href=\"https:\/\/www.public.fr\/fermez-la-le-partenaire-d-emma-smet-la-petite-fille-de-johnny-s-en-prend-a-bfmtv-et-defend-les-segpa\" target=\"_blank\" rel=\"noopener\">aussi cartonn\u00e9 avec Les SEGPA puis Les SEGPA au ski<\/a>. Plus r\u00e9cemment, elle a sorti le film Les cond\u00e9s dans lequel joue Soprano.<\/p>\n<p>      Mentionn\u00e9s dans cet article<\/p>\n<p>      Sur le m\u00eame sujet<\/p>\n","protected":false},"excerpt":{"rendered":"R\u00e9sum\u00e9 Emma Smet d\u00e9voile un nouveau look saisissant dans le film Sous \u00e9crous, qui conna\u00eet un succ\u00e8s renouvel\u00e9&hellip;\n","protected":false},"author":2,"featured_media":317599,"comment_status":"","ping_status":"","sticky":false,"template":"","format":"standard","meta":{"footnotes":""},"categories":[1359],"tags":[1300,58,59,1299,31150,1011,27,22541,1304,15910,973],"class_list":{"0":"post-317598","1":"post","2":"type-post","3":"status-publish","4":"format-standard","5":"has-post-thumbnail","7":"category-people","8":"tag-david-hallyday","9":"tag-divertissement","10":"tag-entertainment","11":"tag-estelle-lefebure","12":"tag-film-francais","13":"tag-fr","14":"tag-france","15":"tag-ilona-smet","16":"tag-johnny-hallyday","17":"tag-laura-smet","18":"tag-people"},"share_on_mastodon":{"url":"https:\/\/pubeurope.com\/@fr\/115024684804495438","error":""},"_links":{"self":[{"href":"https:\/\/www.europesays.com\/fr\/wp-json\/wp\/v2\/posts\/317598","targetHints":{"allow":["GET"]}}],"collection":[{"href":"https:\/\/www.europesays.com\/fr\/wp-json\/wp\/v2\/posts"}],"about":[{"href":"https:\/\/www.europesays.com\/fr\/wp-json\/wp\/v2\/types\/post"}],"author":[{"embeddable":true,"href":"https:\/\/www.europesays.com\/fr\/wp-json\/wp\/v2\/users\/2"}],"replies":[{"embeddable":true,"href":"https:\/\/www.europesays.com\/fr\/wp-json\/wp\/v2\/comments?post=317598"}],"version-history":[{"count":0,"href":"https:\/\/www.europesays.com\/fr\/wp-json\/wp\/v2\/posts\/317598\/revisions"}],"wp:featuredmedia":[{"embeddable":true,"href":"https:\/\/www.europesays.com\/fr\/wp-json\/wp\/v2\/media\/317599"}],"wp:attachment":[{"href":"https:\/\/www.europesays.com\/fr\/wp-json\/wp\/v2\/media?parent=317598"}],"wp:term":[{"taxonomy":"category","embeddable":true,"href":"https:\/\/www.europesays.com\/fr\/wp-json\/wp\/v2\/categories?post=317598"},{"taxonomy":"post_tag","embeddable":true,"href":"https:\/\/www.europesays.com\/fr\/wp-json\/wp\/v2\/tags?post=317598"}],"curies":[{"name":"wp","href":"https:\/\/api.w.org\/{rel}","templated":true}]}}