{"id":317600,"date":"2025-08-14T02:10:15","date_gmt":"2025-08-14T02:10:15","guid":{"rendered":"https:\/\/www.europesays.com\/fr\/317600\/"},"modified":"2025-08-14T02:10:15","modified_gmt":"2025-08-14T02:10:15","slug":"comment-les-amis-de-dom-phillips-se-sont-reunis-pour-terminer-un-livre-sur-lamazonie","status":"publish","type":"post","link":"https:\/\/www.europesays.com\/fr\/317600\/","title":{"rendered":"Comment les amis de Dom Phillips se sont r\u00e9unis pour terminer un livre sur l&rsquo;Amazonie"},"content":{"rendered":"<p><img fetchpriority=\"high\" decoding=\"async\" src=\"https:\/\/www.europesays.com\/fr\/wp-content\/uploads\/2025\/08\/498cc3c0-46cc-11f0-8fec-b11f321e9298.jpg.webp.webp\"   alt=\"Dom et la chamane sont assis dans la partie ext\u00e9rieure de la maison ; elle parle tandis qu'il \u00e9coute.\" loading=\"eager\" width=\"718\" height=\"404\" style=\"aspect-ratio:718 \/ 404\" class=\"bbc-139onq\"\/><\/p>\n<p class=\"bbc-nyj3yn\" role=\"text\">Cr\u00e9dit photo, Nicol\u00f3 Lanfranchi<\/p>\n<p>L\u00e9gende image, Dom Phillips \u00e0 Raposa Serra Do Sol, interviewant Mariana Tobias, chamane du peuple Macuxi.<strong id=\"article-byline\" aria-hidden=\"true\" class=\"bbc-m04vo2\">Article Information<\/strong><\/p>\n<ul class=\"bbc-1rvtlej\">\n<li class=\"bbc-oe8da4\">\n<ul role=\"list\" class=\"bbc-r1yif8\">\n<li>Author, J\u00falia Dias Carneiro<\/li>\n<li>Role,  BBC News Brasil<\/li>\n<\/ul>\n<\/li>\n<li class=\"bbc-12x2qfl\">\n<p>il y a 8 heures<\/p>\n<\/li>\n<\/ul>\n<p dir=\"ltr\" class=\"bbc-1y32vyc e17g058b0\">L&rsquo;une des plus belles r\u00e9gions de la for\u00eat amazonienne, la vall\u00e9e du Javari, est \u00e9galement consid\u00e9r\u00e9e comme l&rsquo;une des plus dangereuses.<\/p>\n<p dir=\"ltr\" class=\"bbc-1y32vyc e17g058b0\">Le journaliste britannique Dom Phillips s&rsquo;y \u00e9tait rendu pour enqu\u00eater sur la p\u00eache ill\u00e9gale et le braconnage qui s\u00e9vissent dans le bassin fluvial florissant, et il \u00e9crivait un livre sur ses d\u00e9couvertes.<\/p>\n<p dir=\"ltr\" class=\"bbc-1y32vyc e17g058b0\">Le titre du projet de Phillips, How to Save the Amazon (Comment sauver l&rsquo;Amazonie), refl\u00e9tait sa passion farouche pour la for\u00eat tropicale et sa conviction que seuls ceux qui connaissaient vraiment le \u00ab poumon vert \u00bb de la plan\u00e8te pouvaient le sauver de la d\u00e9forestation massive.<\/p>\n<p dir=\"ltr\" class=\"bbc-1y32vyc e17g058b0\">Mais la vie de Phillips, ainsi que celle de l&rsquo;expert autochtone Bruno Pereira, s&rsquo;est termin\u00e9e en trag\u00e9die. Ils ont \u00e9t\u00e9 assassin\u00e9s lors d&rsquo;un voyage de recherche dans la vall\u00e9e le 5 juin 2022.<\/p>\n<p dir=\"ltr\" class=\"bbc-1y32vyc e17g058b0\">Une enqu\u00eate de la police f\u00e9d\u00e9rale a conclu en novembre que les activit\u00e9s de Pereira en faveur de la d\u00e9fense des peuples autochtones et de la d\u00e9nonciation des violations environnementales et de la p\u00eache ill\u00e9gale \u00e9taient la raison pour laquelle le duo avait \u00e9t\u00e9 pris pour cible.<\/p>\n<p dir=\"ltr\" class=\"bbc-1y32vyc e17g058b0\">Plusieurs suspects ont depuis \u00e9t\u00e9 arr\u00eat\u00e9s et attendent leur proc\u00e8s.<\/p>\n<p dir=\"ltr\" class=\"bbc-1y32vyc e17g058b0\">Le livre aurait pu dispara\u00eetre avec Phillips, mais lorsque sa femme, Alessandra Sampaio, est arriv\u00e9e \u00e0 Rio pour ses fun\u00e9railles, elle a apport\u00e9 avec elle une valise ab\u00eem\u00e9e.<\/p>\n<p dir=\"ltr\" class=\"bbc-1y32vyc e17g058b0\">Elle contenait tout son mat\u00e9riel de recherche : carnets de notes, disques durs et ordinateurs contenant des centaines d&rsquo;entretiens soigneusement class\u00e9s dans des dossiers par chapitre, mais avec un certain nombre de lacunes \u00e0 combler.<\/p>\n<p><strong id=\"A-lire-aussi-sur-BBC-Afrique\" data-testid=\"eoj-recommendations-heading\" dir=\"ltr\" class=\"bbc-12wkmmh e1mgz4ek1\">A lire aussi sur BBC Afrique:<\/strong><\/p>\n<p dir=\"ltr\" class=\"bbc-1y32vyc e17g058b0\">Les amis de Phillips ont alors d\u00e9cid\u00e9 que le projet devait voir le jour.<\/p>\n<p dir=\"ltr\" class=\"bbc-1y32vyc e17g058b0\">\u00ab J&rsquo;ai ramen\u00e9 ce mat\u00e9riel chez moi pour voir ce que nous pouvions en faire \u00bb, se souvient Andrew Fishman, un journaliste bas\u00e9 \u00e0 Rio qui \u00e9tait l&rsquo;un des amis les plus proches de Phillips.<\/p>\n<p dir=\"ltr\" class=\"bbc-1y32vyc e17g058b0\">C&rsquo;est ainsi que, trois ans apr\u00e8s son assassinat, le livre a \u00e9t\u00e9 publi\u00e9 au Br\u00e9sil, au Royaume-Uni et aux \u00c9tats-Unis. L&rsquo;ancien sous-titre du livre, qui refl\u00e9tait l&rsquo;approche de Phillips pour sauver l&rsquo;Amazonie \u2013 Ask the People that Know (Demandez \u00e0 ceux qui savent) \u2013 a \u00e9t\u00e9 remplac\u00e9 par un nouveau : A Deadly Search for Answers (Une qu\u00eate mortelle de r\u00e9ponses) (publi\u00e9 par Bonnier Books\/Companhia das Letras).<\/p>\n<p dir=\"ltr\" class=\"bbc-1y32vyc e17g058b0\">Fishman, fondateur du site d&rsquo;information The Intercept Brasil, a d\u00e9clar\u00e9 \u00e0 la BBC que faire face \u00e0 sa mort avait \u00e9t\u00e9 le plus difficile pour les 11 contributeurs impliqu\u00e9s dans le projet et qu&rsquo;ils avaient \u00e9t\u00e9 \u00ab extr\u00eamement boulevers\u00e9s \u00bb.<\/p>\n<p dir=\"ltr\" class=\"bbc-1y32vyc e17g058b0\">Mais la vision de Phillips a guid\u00e9 le projet, a-t-il ajout\u00e9.<\/p>\n<p dir=\"ltr\" class=\"bbc-1y32vyc e17g058b0\">\u00ab Lorsque Dom est d\u00e9c\u00e9d\u00e9, nombre de ses sources ont exprim\u00e9 leur tristesse, reconnaissant son amour pour l&rsquo;Amazonie, son respect pour ses habitants et la sensibilit\u00e9 avec laquelle il abordait les probl\u00e8mes \u00bb, a d\u00e9clar\u00e9 Fishman \u00e0 la BBC.<\/p>\n<p dir=\"ltr\" class=\"bbc-1y32vyc e17g058b0\">\u00ab Il suivait ce qu&rsquo;il aimait, pas l&rsquo;argent, la reconnaissance ou l&rsquo;aventure&#8230; Il aimait l&rsquo;Amazonie et voulait assurer sa pr\u00e9servation et la vitalit\u00e9 de ses communaut\u00e9s \u00bb, a-t-il ajout\u00e9.<\/p>\n<p><img decoding=\"async\" src=\"https:\/\/www.europesays.com\/fr\/wp-content\/uploads\/2025\/08\/f0f6c7b0-4761-11f0-af7d-d7c0845357d2.jpg.webp.webp\"   alt=\"Phillips \u00e9crit quelque chose sur un bloc-notes dans un espace ouvert avec du sable et de l'eau.\" loading=\"lazy\" width=\"1260\" height=\"708\" style=\"aspect-ratio:1260 \/ 708\" class=\"bbc-139onq\"\/><\/p>\n<p class=\"bbc-nyj3yn\" role=\"text\">Cr\u00e9dit photo, Jo\u00e3o Laet<\/p>\n<p>L\u00e9gende image, Les amis de Phillips ont essay\u00e9 de respecter l&rsquo;un des pr\u00e9ceptes \u00e9nonc\u00e9s par le journaliste britannique dans son livre : se rendre sur les lieux o\u00f9 les reportages \u00e9taient r\u00e9alis\u00e9s.<\/p>\n<p>Ce n&rsquo;est pas une d\u00e9claration, mais une invitation<\/p>\n<p dir=\"ltr\" class=\"bbc-1y32vyc e17g058b0\">Le livre commence par une introduction et trois chapitres et demi r\u00e9dig\u00e9s par Phillips lui-m\u00eame, dans lesquels il raconte son exp\u00e9rience \u00e0 la premi\u00e8re personne.<\/p>\n<p dir=\"ltr\" class=\"bbc-1y32vyc e17g058b0\">Phillips appara\u00eet ensuite \u00e0 la troisi\u00e8me personne, dans les chapitres r\u00e9dig\u00e9s ou presque enti\u00e8rement \u00e9crits par ses amis.<\/p>\n<p dir=\"ltr\" class=\"bbc-1y32vyc e17g058b0\">Phillips n&rsquo;a jamais eu l&rsquo;intention de proposer des solutions toutes faites dans son livre, mais plut\u00f4t de pr\u00e9senter diff\u00e9rentes perspectives, explique Fishman.<\/p>\n<p dir=\"ltr\" class=\"bbc-1y32vyc e17g058b0\">\u00ab Il s&rsquo;adressait \u00e0 la fois aux personnes qui d\u00e9truisent [l&rsquo;Amazonie] et \u00e0 celles qui tentent de mettre en place des initiatives innovantes pour mettre fin \u00e0 cette destruction.<\/p>\n<p dir=\"ltr\" class=\"bbc-1y32vyc e17g058b0\">\u00ab Ainsi, How to Save the Amazon n&rsquo;est pas une d\u00e9claration, mais une invitation \u00e0 tous \u00e0 commencer \u00e0 se poser cette question ensemble. Car il savait que ce qui se passe en Amazonie a des r\u00e9percussions sur le monde entier.<\/p>\n<p dir=\"ltr\" class=\"bbc-1y32vyc e17g058b0\">\u00ab Apr\u00e8s la mort de Dom, nous savions que son livre devait \u00eatre publi\u00e9, que nous ne pouvions pas laisser son assassinat tuer son r\u00eave de mener \u00e0 bien un projet aussi ambitieux \u00bb, a d\u00e9clar\u00e9 Fishman.<\/p>\n<p><img decoding=\"async\" src=\"https:\/\/www.europesays.com\/fr\/wp-content\/uploads\/2025\/08\/51b4dba0-459b-11f0-9637-6d459df37db0.jpg.webp.webp\"   alt=\"Dom sourit en parlant \u00e0 un homme appuy\u00e9 sur le rebord d'un balcon, avec des bananes qui pendent au-dessus.\" loading=\"lazy\" width=\"964\" height=\"542\" style=\"aspect-ratio:964 \/ 542\" class=\"bbc-139onq\"\/><\/p>\n<p class=\"bbc-nyj3yn\" role=\"text\">Cr\u00e9dit photo, Jo\u00e3o Laet<\/p>\n<p>L\u00e9gende image, Phillips au camp Dalc\u00eddio Jurandir \u00e0 Eldorado dos Caraj\u00e1s en 2019<\/p>\n<p dir=\"ltr\" class=\"bbc-1y32vyc e17g058b0\">Au milieu de leur chagrin, l&rsquo;\u00e9quipe a ressenti une profonde responsabilit\u00e9 de poursuivre sa vision.<\/p>\n<p dir=\"ltr\" class=\"bbc-1y32vyc e17g058b0\">\u00ab Tous ceux qui ont particip\u00e9 \u00e0 ce projet ont \u00e9t\u00e9 profond\u00e9ment boulevers\u00e9s par son assassinat, si injuste et insens\u00e9. Mais je crois que le d\u00e9vouement et l&rsquo;obsession que nous avons mis dans ce projet se refl\u00e8tent dans le r\u00e9sultat final, et que Dom aurait \u00e9t\u00e9 fier de nous pour avoir accompli quelque chose qui refl\u00e8te ce qu&rsquo;il voulait faire \u00bb, a d\u00e9clar\u00e9 Fishman.<\/p>\n<p dir=\"ltr\" class=\"bbc-1y32vyc e17g058b0\">La plupart des principaux contributeurs \u00e9taient des journalistes \u00e9trangers tr\u00e8s proches de Phillips et exp\u00e9riment\u00e9s dans la couverture de l&rsquo;Amazonie.<\/p>\n<p dir=\"ltr\" class=\"bbc-1y32vyc e17g058b0\">Fishman explique que ce choix a \u00e9t\u00e9 fait apr\u00e8s avoir m\u00fbrement r\u00e9fl\u00e9chi \u00e0 la meilleure fa\u00e7on de mener \u00e0 bien le projet de sa vie.<\/p>\n<p dir=\"ltr\" class=\"bbc-1y32vyc e17g058b0\">\u00ab Nous avons d\u00e9cid\u00e9 de r\u00e9aliser un livre avec ses amis, les personnes qui connaissaient le mieux Dom et qui se sentaient oblig\u00e9es d&rsquo;honorer son travail et sa vision \u00bb, a d\u00e9clar\u00e9 Fishman.<\/p>\n<p dir=\"ltr\" class=\"bbc-1y32vyc e17g058b0\">Plus de 36 contributeurs du monde entier ont particip\u00e9 \u00e0 l&rsquo;\u00e9dition, \u00e0 la v\u00e9rification des faits, \u00e0 la relecture et \u00e0 la recherche de photographies.<\/p>\n<p>Combler les lacunes<\/p>\n<p dir=\"ltr\" class=\"bbc-1y32vyc e17g058b0\">Malgr\u00e9 le fait que Phillips ait r\u00e9alis\u00e9 des centaines d&rsquo;entretiens, r\u00e9dig\u00e9 l&rsquo;introduction et plusieurs chapitres, l&rsquo;un des plus grands d\u00e9fis pour les collaborateurs lors de la compilation du livre a \u00e9t\u00e9 de combler les lacunes existantes. Et pour ce faire, ils ont estim\u00e9 qu&rsquo;ils devaient \u00eatre sur place.<\/p>\n<p dir=\"ltr\" class=\"bbc-1y32vyc e17g058b0\">\u00ab Dom \u00e9tait fermement convaincu qu&rsquo;il fallait se rendre sur place pour enrichir un r\u00e9cit, comprendre ce que ressentent les gens, voir ce qui se passe autour d&rsquo;eux, observer leur  posture et leur fa\u00e7on de parler \u00bb, explique Fishman.<\/p>\n<p dir=\"ltr\" class=\"bbc-1y32vyc e17g058b0\">\u00ab Nous avons donc d\u00e9cid\u00e9 qu&rsquo;il ne serait pas possible d&rsquo;honorer sa vision sans envoyer les auteurs en voyage. Certains ont retrac\u00e9 ses pas, d&rsquo;autres se sont rendus dans de nouveaux endroits. \u00bb<\/p>\n<p><img decoding=\"async\" src=\"https:\/\/www.europesays.com\/fr\/wp-content\/uploads\/2025\/08\/d0de1c70-459b-11f0-bace-e1270fc31f5e.jpg.webp.webp\"   alt=\"Des autochtones brandissent des affiches rendant hommage \u00e0 Dom et Bruno, sur lesquelles figurent des images des deux hommes.\" loading=\"lazy\" width=\"800\" height=\"536\" style=\"aspect-ratio:800 \/ 536\" class=\"bbc-139onq\"\/><\/p>\n<p class=\"bbc-nyj3yn\" role=\"text\">Cr\u00e9dit photo, Reuters<\/p>\n<p>L\u00e9gende image, Une manifestation en l&rsquo;honneur et \u00e0 la m\u00e9moire de Phillips et Pereira<\/p>\n<p dir=\"ltr\" class=\"bbc-1y32vyc e17g058b0\">Fishman, par exemple, s&rsquo;est rendu \u00e0 la conf\u00e9rence COP28 sur le changement climatique \u00e0 Duba\u00ef et en a parl\u00e9 dans son livre.<\/p>\n<p dir=\"ltr\" class=\"bbc-1y32vyc e17g058b0\">Phillips a \u00e9t\u00e9 tu\u00e9 \u00e0 l&rsquo;\u00e9poque o\u00f9 Jair Bolsonaro \u00e9tait pr\u00e9sident du Br\u00e9sil. Cette p\u00e9riode a \u00e9t\u00e9 marqu\u00e9e par le d\u00e9mant\u00e8lement d&rsquo;un certain nombre de mesures de protection de l&rsquo;environnement, quelques mois avant la r\u00e9\u00e9lection de Luiz In\u00e1cio Lula da Silva \u00e0 la pr\u00e9sidence en 2022.<\/p>\n<p dir=\"ltr\" class=\"bbc-1y32vyc e17g058b0\">Fishman a d\u00e9clar\u00e9 qu&rsquo;apr\u00e8s des ann\u00e9es \u00ab de coups durs inflig\u00e9s par le gouvernement Bolsonaro \u00bb, les gens esp\u00e9raient que le nouveau gouvernement Lula ferait pression pour obtenir de meilleures mesures de protection de l&rsquo;environnement.<\/p>\n<p dir=\"ltr\" class=\"bbc-1y32vyc e17g058b0\">\u00ab Mais lors de la COP28, et nous en parlons dans mon chapitre, cet optimisme s&rsquo;est heurt\u00e9 \u00e0 la r\u00e9alit\u00e9 \u00bb, a-t-il d\u00e9clar\u00e9.<\/p>\n<p dir=\"ltr\" class=\"bbc-1y32vyc e17g058b0\">\u00ab Le pr\u00e9sident de Petrobras a r\u00e9affirm\u00e9 qu&rsquo;il souhaitait exploiter tout le p\u00e9trole du Br\u00e9sil jusqu&rsquo;\u00e0 la derni\u00e8re goutte, et Lula a annonc\u00e9 que le Br\u00e9sil rejoindrait l&rsquo;OPEP+ [le groupe des pays producteurs de p\u00e9trole et leurs associ\u00e9s], r\u00e9affirmant ainsi son engagement envers les industries qui causent la d\u00e9vastation de la plan\u00e8te. \u00bb<\/p>\n<p>Un lien \u00e9motionnel<\/p>\n<p dir=\"ltr\" class=\"bbc-1y32vyc e17g058b0\">Le meurtre de ces deux hommes a suscit\u00e9 une \u00e9norme attention dans le monde entier, car ils \u00e9taient consid\u00e9r\u00e9s comme les symboles de la lutte pour les droits environnementaux et traditionnels en Amazonie.<\/p>\n<p dir=\"ltr\" class=\"bbc-1y32vyc e17g058b0\">Interrog\u00e9 sur l&rsquo;influence de Pereira sur Phillips, Fishman a \u00e9voqu\u00e9 son \u00ab esprit contagieux \u00bb.<\/p>\n<p dir=\"ltr\" class=\"bbc-1y32vyc e17g058b0\">\u00ab Il \u00e9tait g\u00e9n\u00e9reux de son temps et avec les journalistes, les aidant \u00e0 comprendre les choses et leur donnant le sentiment d&rsquo;\u00eatre les bienvenus et indispensables pour faire bouger les choses. Tous ceux qui \u00e9taient proches de lui avaient ce lien tr\u00e8s fort avec lui. \u00bb<\/p>\n<p><img decoding=\"async\" src=\"https:\/\/www.europesays.com\/fr\/wp-content\/uploads\/2025\/08\/67f8efa0-4762-11f0-af7d-d7c0845357d2.jpg.webp.webp\"   alt=\"Dom pose pour une photo devant un arbre gigantesque.\" loading=\"lazy\" width=\"1590\" height=\"895\" style=\"aspect-ratio:1590 \/ 895\" class=\"bbc-139onq\"\/><\/p>\n<p class=\"bbc-nyj3yn\" role=\"text\">Cr\u00e9dit photo, Alessandra Sampaio<\/p>\n<p>L\u00e9gende image, Les amis de Phillips ont d\u00e9clar\u00e9 qu&rsquo;il se sentait le plus \u00e0 l&rsquo;aise en Amazonie.<\/p>\n<p dir=\"ltr\" class=\"bbc-1y32vyc e17g058b0\">Pendant ce temps, les victimes autochtones et autres victimes locales re\u00e7oivent souvent peu d&rsquo;attention.<\/p>\n<p dir=\"ltr\" class=\"bbc-1y32vyc e17g058b0\">\u00ab Nous devons continuer \u00e0 faire pression pour qu&rsquo;il n&rsquo;y ait plus de cas comme ceux-ci, qu&rsquo;ils concernent des personnes \u00ab visibles \u00bb ou celles qui tentent de d\u00e9fendre leur famille, leur communaut\u00e9 et leur mode de vie contre d&rsquo;\u00e9normes int\u00e9r\u00eats financiers. \u00bb<\/p>\n<p dir=\"ltr\" class=\"bbc-1y32vyc e17g058b0\">Pour les journalistes qui tentent de faire ce que faisait Phillips et de rendre compte de la situation en Amazonie, il est toutefois difficile de se faire entendre.<\/p>\n<p dir=\"ltr\" class=\"bbc-1y32vyc e17g058b0\">\u00ab C&rsquo;est co\u00fbteux, cela prend du temps et c&rsquo;est impr\u00e9visible. Ces voyages n\u00e9cessitent des mois de pr\u00e9paration, sont \u00e9puisants et risqu\u00e9s. [Et] de moins en moins de m\u00e9dias sont pr\u00eats \u00e0 financer ou \u00e0 publier ce type de travail \u00bb, ajoute Fishman.<\/p>\n<p dir=\"ltr\" class=\"bbc-1y32vyc e17g058b0\">Dans son dernier message sur les r\u00e9seaux sociaux, Phillips a \u00e9crit : \u00ab Amazonie, tu es magnifique \u00bb. \u00c0 c\u00f4t\u00e9 de ces mots figurait une vid\u00e9o d&rsquo;une rivi\u00e8re traversant la for\u00eat, quelques jours avant sa mort.<\/p>\n<p dir=\"ltr\" class=\"bbc-1y32vyc e17g058b0\">Pour Fishman, le Br\u00e9sil offrait \u00e0 son ami l&rsquo;opportunit\u00e9 d&rsquo;une \u00ab seconde vie \u00bb.<\/p>\n<p dir=\"ltr\" class=\"bbc-1y32vyc e17g058b0\">\u00ab Il n&rsquo;avait pas besoin de faire ce dernier voyage pour terminer son livre [mais] il voulait \u00eatre pr\u00e9sent, ressentir l&rsquo;environnement. C&rsquo;est ce sentiment qu&rsquo;il voulait transmettre aux lecteurs lorsqu&rsquo;il a \u00e9crit ce livre, ce lien \u00e9motionnel avec l&rsquo;Amazonie. \u00bb<\/p>\n<p><img decoding=\"async\" src=\"https:\/\/www.europesays.com\/fr\/wp-content\/uploads\/2025\/08\/a3abb200-47b0-11f0-96d7-795fe3aefdde.jpg.webp.webp\"   alt=\"Une photo l\u00e9g\u00e8rement floue d'un groupe d'amis assis autour d'une table en train de manger et souriant \u00e0 l'appareil photo.\" loading=\"lazy\" width=\"1108\" height=\"623\" style=\"aspect-ratio:1108 \/ 623\" class=\"bbc-139onq\"\/><\/p>\n<p class=\"bbc-nyj3yn\" role=\"text\">Cr\u00e9dit photo, Andrew Fishman<\/p>\n<p>L\u00e9gende image, Andrew Fishman (\u00e0 gauche) \u00e9tait l&rsquo;un des plus proches amis de Dom Phillips.<\/p>\n","protected":false},"excerpt":{"rendered":"Cr\u00e9dit photo, Nicol\u00f3 Lanfranchi L\u00e9gende image, Dom Phillips \u00e0 Raposa Serra Do Sol, interviewant Mariana Tobias, chamane du&hellip;\n","protected":false},"author":2,"featured_media":317601,"comment_status":"","ping_status":"","sticky":false,"template":"","format":"standard","meta":{"footnotes":""},"categories":[1357],"tags":[1379,58,59,1011,27,1380],"class_list":{"0":"post-317600","1":"post","2":"type-post","3":"status-publish","4":"format-standard","5":"has-post-thumbnail","7":"category-livres","8":"tag-books","9":"tag-divertissement","10":"tag-entertainment","11":"tag-fr","12":"tag-france","13":"tag-livres"},"share_on_mastodon":{"url":"https:\/\/pubeurope.com\/@fr\/115024693038922716","error":""},"_links":{"self":[{"href":"https:\/\/www.europesays.com\/fr\/wp-json\/wp\/v2\/posts\/317600","targetHints":{"allow":["GET"]}}],"collection":[{"href":"https:\/\/www.europesays.com\/fr\/wp-json\/wp\/v2\/posts"}],"about":[{"href":"https:\/\/www.europesays.com\/fr\/wp-json\/wp\/v2\/types\/post"}],"author":[{"embeddable":true,"href":"https:\/\/www.europesays.com\/fr\/wp-json\/wp\/v2\/users\/2"}],"replies":[{"embeddable":true,"href":"https:\/\/www.europesays.com\/fr\/wp-json\/wp\/v2\/comments?post=317600"}],"version-history":[{"count":0,"href":"https:\/\/www.europesays.com\/fr\/wp-json\/wp\/v2\/posts\/317600\/revisions"}],"wp:featuredmedia":[{"embeddable":true,"href":"https:\/\/www.europesays.com\/fr\/wp-json\/wp\/v2\/media\/317601"}],"wp:attachment":[{"href":"https:\/\/www.europesays.com\/fr\/wp-json\/wp\/v2\/media?parent=317600"}],"wp:term":[{"taxonomy":"category","embeddable":true,"href":"https:\/\/www.europesays.com\/fr\/wp-json\/wp\/v2\/categories?post=317600"},{"taxonomy":"post_tag","embeddable":true,"href":"https:\/\/www.europesays.com\/fr\/wp-json\/wp\/v2\/tags?post=317600"}],"curies":[{"name":"wp","href":"https:\/\/api.w.org\/{rel}","templated":true}]}}