{"id":317602,"date":"2025-08-14T02:11:21","date_gmt":"2025-08-14T02:11:21","guid":{"rendered":"https:\/\/www.europesays.com\/fr\/317602\/"},"modified":"2025-08-14T02:11:21","modified_gmt":"2025-08-14T02:11:21","slug":"demain-nous-appartient-jordan-ma-deja-tout-raconte-le-resume-du-14-aout-spoilers","status":"publish","type":"post","link":"https:\/\/www.europesays.com\/fr\/317602\/","title":{"rendered":"Demain nous appartient : \u00ab\u00a0Jordan m\u2019a d\u00e9j\u00e0 tout racont\u00e9\u00a0\u00bb\u00a0Le r\u00e9sum\u00e9 du 14 ao\u00fbt (SPOILERS)"},"content":{"rendered":"<p>                    <a id=\"eztoc103264685_1\"\/>Le concert tourne mal<\/p>\n<p>  <a href=\"https:\/\/www.programme-television.org\/news\/series\/series-quotidiennes\/demain-nous-appartient-corinne-touzet-rejoint-la-serie-dans-le-role-de-la-soeur-de-4741087\" target=\"_self\" rel=\"nofollow noopener\">Annie se rend au commissariat pour signaler qu\u2019elle a renvers\u00e9 quelqu\u2019un en voiture.<\/a> La personne en question lui aurait assur\u00e9 qu\u2019elle irait \u00e0 l\u2019h\u00f4pital, mais Christelle lui indique qu\u2019aucun individu correspondant \u00e0 sa description ne s\u2019y est pr\u00e9sent\u00e9. Annie laisse tout de m\u00eame ses coordonn\u00e9es au poste de police, au cas o\u00f9 cette personne se manifesterait.<\/p>\n<p>Au Spoon, Fred d\u00e9jeune avec Soraya. Il exprime son agacement envers Victoire et ses soup\u00e7ons concernant Marine. Soraya lui conseille, ainsi qu\u2019\u00e0 Victoire, d\u2019agir de mani\u00e8re adulte. Ludo arrive, le visage l\u00e9g\u00e8rement bless\u00e9 : il explique \u00eatre tomb\u00e9 en faisant du sport. Fred re\u00e7oit alors un message d\u2019un de ses \u00e9l\u00e8ves qui l\u2019invite \u00e0 un concert caritatif. Il propose \u00e0 Ludo de l\u2019accompagner.<\/p>\n<p>Soraya retrouve Victoire, qui lui confie que Fred attend qu\u2019elle fasse le premier pas. Soraya l\u2019encourage \u00e0 aller lui parler. Elle propose ensuite \u00e0 Victoire de venir avec elle au Th\u00e9\u00e2tre de la Mer, car Fred y sera aussi. Victoire h\u00e9site, mais promet d\u2019essayer de venir.<\/p>\n<p>De son c\u00f4t\u00e9, Roxane a obtenu la liste des patients trait\u00e9s avec l\u2019Az\u00e9noril. Elle tente de croiser ces noms avec ceux des clients de la Paillote. Aurore lui sugg\u00e8re de se concentrer sur ceux d\u2019une trentaine d\u2019ann\u00e9es. Roxane pense \u00e9galement \u00e0 v\u00e9rifier parmi les anciens \u00e9tudiants en \u00e9cole d\u2019ing\u00e9nieur, car la personne recherch\u00e9e semble tr\u00e8s dou\u00e9e en \u00e9lectronique.<\/p>\n<p>Lizzie est ravie que Fran\u00e7ois ait accept\u00e9 de venir au Th\u00e9\u00e2tre de la Mer. Cependant, ce dernier finit par lui dire qu\u2019il ne veut plus y participer, estimant que c\u2019est un lieu r\u00e9serv\u00e9 aux professionnels. Sous la pression de Lizzie, il finit par c\u00e9der.<\/p>\n<p>Roxane et Sara ont toujours du mal \u00e0 identifier le client de la Paillote.<\/p>\n<p>Finalement, Fran\u00e7ois semble heureux de participer au concert avec M\u00e9lody et les enfants. Il filme la r\u00e9p\u00e9tition, et les deux enseignants regardent la vid\u00e9o ensemble.<\/p>\n<p>Une gardienne de prison a donn\u00e9 son num\u00e9ro \u00e0 Adam, car elle avait \u00e9t\u00e9 suivie par Soizic lorsqu\u2019elle \u00e9tait sa patiente. Soizic regarde donc la vid\u00e9o de la r\u00e9p\u00e9tition par le biais du portable de la surveillante et se montre tr\u00e8s \u00e9mue.<\/p>\n<p>Victoire arrive au concert avec Soraya. Fred est \u00e9galement pr\u00e9sent. L\u2019ambiance est tendue entre Fred et Victoire, et cette derni\u00e8re, toujours agac\u00e9e, finit par quitter les lieux avec Soraya. Elles croisent Simon, avec qui elles \u00e9changent quelques mots. Victoire et Soraya finissent par retourner s&rsquo;asseoir.<\/p>\n<p>Fred monte alors sur sc\u00e8ne avec tous les \u00e9l\u00e8ves, Fran\u00e7ois et M\u00e9lody. Alors qu\u2019ils terminent leur chanson, un d\u00e9tonateur d\u00e9clenche la chute d\u2019un \u00e9l\u00e9ment de d\u00e9cor. Il menace de tomber sur Lizzie, mais Simon se jette sur elle pour la prot\u00e9ger.<\/p>\n<p><a id=\"eztoc103264685_2\"\/>Violette demande des explications \u00e0 Judith<\/p>\n<p>Violette rend visite \u00e0 Judith pour entendre sa version de l\u2019histoire. Judith lui raconte comment elle a v\u00e9cu les \u00e9v\u00e9nements et l\u2019assure qu\u2019il ne s\u2019est rien pass\u00e9 de compromettant. Elle ajoute que Jordan lui a d\u00e9clar\u00e9 son amour pour Violette. Cette derni\u00e8re lui demande n\u00e9anmoins de rester \u00e0 l\u2019\u00e9cart de leur relation.<\/p>\n<p>Judith appelle ensuite Jordan pour lui dire que Violette est venue lui parler. Jordan la remercie de l\u2019avoir pr\u00e9venue.<\/p>\n<p>De son c\u00f4t\u00e9, Violette se confie \u00e0 Lilou. Elle lui explique que Jordan lui a racont\u00e9 la m\u00eame version que Judith. Elle est en col\u00e8re, mais ne veut pas quitter Jordan. Lilou lui conseille alors, en guise de revanche, d\u2019embrasser un autre gar\u00e7on : Marceau.<\/p>\n<p><a id=\"eztoc103264685_3\"\/>Aaron accepte d\u2019accompagner Simon<\/p>\n<p>Aaron annonce \u00e0 Simon qu\u2019il a d\u00e9cid\u00e9 de l\u2019accompagner lors de son voyage en Turquie. Il explique qu\u2019il ressent le besoin de comprendre ses origines pour pouvoir avancer dans sa vie.\n            <\/p>\n","protected":false},"excerpt":{"rendered":"Le concert tourne mal Annie se rend au commissariat pour signaler qu\u2019elle a renvers\u00e9 quelqu\u2019un en voiture. La&hellip;\n","protected":false},"author":2,"featured_media":317603,"comment_status":"","ping_status":"","sticky":false,"template":"","format":"standard","meta":{"footnotes":""},"categories":[1356],"tags":[58,59,1011,27,252,1364],"class_list":{"0":"post-317602","1":"post","2":"type-post","3":"status-publish","4":"format-standard","5":"has-post-thumbnail","7":"category-television","8":"tag-divertissement","9":"tag-entertainment","10":"tag-fr","11":"tag-france","12":"tag-television","13":"tag-tv"},"share_on_mastodon":{"url":"https:\/\/pubeurope.com\/@fr\/115024697088828215","error":""},"_links":{"self":[{"href":"https:\/\/www.europesays.com\/fr\/wp-json\/wp\/v2\/posts\/317602","targetHints":{"allow":["GET"]}}],"collection":[{"href":"https:\/\/www.europesays.com\/fr\/wp-json\/wp\/v2\/posts"}],"about":[{"href":"https:\/\/www.europesays.com\/fr\/wp-json\/wp\/v2\/types\/post"}],"author":[{"embeddable":true,"href":"https:\/\/www.europesays.com\/fr\/wp-json\/wp\/v2\/users\/2"}],"replies":[{"embeddable":true,"href":"https:\/\/www.europesays.com\/fr\/wp-json\/wp\/v2\/comments?post=317602"}],"version-history":[{"count":0,"href":"https:\/\/www.europesays.com\/fr\/wp-json\/wp\/v2\/posts\/317602\/revisions"}],"wp:featuredmedia":[{"embeddable":true,"href":"https:\/\/www.europesays.com\/fr\/wp-json\/wp\/v2\/media\/317603"}],"wp:attachment":[{"href":"https:\/\/www.europesays.com\/fr\/wp-json\/wp\/v2\/media?parent=317602"}],"wp:term":[{"taxonomy":"category","embeddable":true,"href":"https:\/\/www.europesays.com\/fr\/wp-json\/wp\/v2\/categories?post=317602"},{"taxonomy":"post_tag","embeddable":true,"href":"https:\/\/www.europesays.com\/fr\/wp-json\/wp\/v2\/tags?post=317602"}],"curies":[{"name":"wp","href":"https:\/\/api.w.org\/{rel}","templated":true}]}}