{"id":317606,"date":"2025-08-14T02:13:21","date_gmt":"2025-08-14T02:13:21","guid":{"rendered":"https:\/\/www.europesays.com\/fr\/317606\/"},"modified":"2025-08-14T02:13:21","modified_gmt":"2025-08-14T02:13:21","slug":"ces-7-images-viennent-elles-de-la-grande-vadrouille-la-7eme-compagnie-ou-le-corniaud","status":"publish","type":"post","link":"https:\/\/www.europesays.com\/fr\/317606\/","title":{"rendered":"ces 7 images viennent-elles de La Grande Vadrouille, La 7\u00e8me Compagnie ou Le Corniaud ?"},"content":{"rendered":"<p><p><a href=\"https:\/\/www.serieously.com\" rel=\"nofollow noopener\" target=\"_blank\">Accueil<\/a> &gt; <a href=\"https:\/\/www.serieously.com\/quiz\/\" rel=\"nofollow noopener\" target=\"_blank\">Quiz<\/a> &gt; Quiz : ces 7 images viennent-elles de La Grande Vadrouille, La 7\u00e8me Compagnie ou Le Corniaud ?<\/p>\n<\/p>\n<p class=\"o-article__published-by o-article__bullets\">\n            Publi\u00e9 le<br \/>\n                        13 ao\u00fbt 2025 \u00e0 19 h 20<\/p>\n<p>             Par<br \/>\n                <a href=\"https:\/\/www.serieously.com\/author\/drifa\/\" rel=\"nofollow noopener\" target=\"_blank\">Drifa<br \/>\n                    Maza<\/a><\/p>\n<p><strong>As-tu une bonne m\u00e9moire visuelle ? Alors on te propose de la tester avec ce quiz en 7 questions dans lequel tu dois deviner si les images suivantes viennent de La Grande Vadrouille, La 7\u00e8me Compagnie ou Le Corniaud ! <\/strong><\/p>\n<p>Cette image vient-elle de La Grande Vadrouille, La 7\u00e8me Compagnie ou Le Corniaud ? <\/p>\n<p>\t\t\t\t\t<img decoding=\"async\" src=\"https:\/\/www.europesays.com\/fr\/wp-content\/uploads\/2025\/08\/image-de-la-comedie-la-grande-vadrouille.jpg\" alt=\"\" width=\"400\" height=\"225\" loading=\"lazy\" style=\"aspect-ratio: 16\/9; object-fit: cover;\"\/><\/p>\n<p>Cette image vient de La Grande Vadrouille.\u00a0<\/p>\n<p>\u00a9 Valoria Films<\/p>\n<p>Cette image vient-elle de La Grande Vadrouille, La 7\u00e8me Compagnie ou Le Corniaud ? <\/p>\n<p>\t\t\t\t\t<img decoding=\"async\" src=\"https:\/\/www.europesays.com\/fr\/wp-content\/uploads\/2025\/08\/scene-du-film-la-grande-vadrouille-quiz-image.jpg\" alt=\"\" width=\"400\" height=\"225\" loading=\"lazy\" style=\"aspect-ratio: 16\/9; object-fit: cover;\"\/><\/p>\n<p>Ce plan est tir\u00e9 de La Grande Vadrouille.\u00a0<\/p>\n<p>\u00a9 Valoria Films<\/p>\n<p>Cette image vient-elle de La Grande Vadrouille, La 7\u00e8me Compagnie ou Le Corniaud ? <\/p>\n<p>\t\t\t\t\t<img decoding=\"async\" src=\"https:\/\/www.europesays.com\/fr\/wp-content\/uploads\/2025\/08\/filmcorniaudgrandevadrouille1-min.jpg\" alt=\"\" width=\"400\" height=\"225\" loading=\"lazy\" style=\"aspect-ratio: 16\/9; object-fit: cover;\"\/><\/p>\n<p>Cette image vient du Corniaud.<\/p>\n<p>\u00a9 Valoria Films<\/p>\n<p>Cette image vient-elle de La Grande Vadrouille, La 7\u00e8me Compagnie ou Le Corniaud ? <\/p>\n<p>\t\t\t\t\t<img decoding=\"async\" src=\"https:\/\/www.europesays.com\/fr\/wp-content\/uploads\/2025\/08\/image-la-grande-vadrouille-scene-spectacle-de-marionnettes.jpg\" alt=\"\" width=\"400\" height=\"225\" loading=\"lazy\" style=\"aspect-ratio: 16\/9; object-fit: cover;\"\/><\/p>\n<p>Ces enfants sont dans La Grande Vadrouille.\u00a0<\/p>\n<p>\u00a9 Valoria Films<\/p>\n<p>Cette image vient-elle de La Grande Vadrouille, La 7\u00e8me Compagnie ou Le Corniaud ? <\/p>\n<p>\t\t\t\t\t<img decoding=\"async\" src=\"https:\/\/www.europesays.com\/fr\/wp-content\/uploads\/2025\/08\/image-dun-char-de-guerre-dans-la-7eme-compagnie.jpg\" alt=\"\" width=\"400\" height=\"225\" loading=\"lazy\" style=\"aspect-ratio: 16\/9; object-fit: cover;\"\/><\/p>\n<p>Cette image est issue de la saga La 7\u00e8me Compagnie.\u00a0<\/p>\n<p>\u00a9 Gaumont<\/p>\n<p>Cette image vient-elle de La Grande Vadrouille, La 7\u00e8me Compagnie ou Le Corniaud ? <\/p>\n<p>\t\t\t\t\t<img decoding=\"async\" src=\"https:\/\/www.europesays.com\/fr\/wp-content\/uploads\/2025\/08\/image-de-la-7eme-compagnie-film.jpg\" alt=\"\" width=\"400\" height=\"225\" loading=\"lazy\" style=\"aspect-ratio: 16\/9; object-fit: cover;\"\/><\/p>\n<p>Ce personnage est dans La 7\u00e8me Compagnie.\u00a0<\/p>\n<p>\u00a9 Gaumont<\/p>\n<p>Cette image vient-elle de La Grande Vadrouille, La 7\u00e8me Compagnie ou Le Corniaud ? <\/p>\n<p>\t\t\t\t\t<img decoding=\"async\" src=\"https:\/\/www.europesays.com\/fr\/wp-content\/uploads\/2025\/08\/dernierplanlecorniaud-min.jpg\" alt=\"\" width=\"400\" height=\"225\" loading=\"lazy\" style=\"aspect-ratio: 16\/9; object-fit: cover;\"\/><\/p>\n<p>Il s\u2019agit du dernier plan du Corniaud.<\/p>\n<p>\u00a9 Valoria Films<\/p>\n<p>\t\tRecommencer le quiz<\/p>\n<p>\t\t\t<img decoding=\"async\" src=\"https:\/\/www.europesays.com\/fr\/wp-content\/uploads\/2025\/08\/1755137601_73_capture-decran-2024-07-08-a-17-20-25.png\" alt=\"Drifa Maza\" width=\"70\" height=\"70\" loading=\"lazy\"\/><\/p>\n<p class=\"m-user__name\">Drifa Maza<\/p>\n<p class=\"m-user__job\">Journaliste<\/p>\n<p class=\"m-user__description\">En plus d&rsquo;\u00eatre la fan num\u00e9ro un de La La Land et Paddington, je suis aussi une grande passionn\u00e9e de cin\u00e9ma de toutes les \u00e9poques, allant de ses d\u00e9buts \u00e0 aujourd&rsquo;hui. Mon enfance a \u00e9t\u00e9 berc\u00e9e par les Pixar et l&rsquo;\u00e8re Disney Channel. Je suis avec assiduit\u00e9 l&rsquo;actualit\u00e9 Marvel, cin\u00e9, s\u00e9ries, fran\u00e7aise comme \u00e9trang\u00e8re et je suis toujours \u00e0 la recherche d&rsquo;une nouvelle s\u00e9rie \u00e0 binger !<\/p>\n<p>\n\t\t\t\t\t\t\t\t\t\t\t\t\t\t\tContacter<br \/>\n\t\t\t\t\t\tDrifa\n\t\t\t\t\t\t\t\t\t<\/p>\n<p>Lundi&rsquo;spensable<\/p>\n<p class=\"mt-4 mb-4 text-xl text-center\">Le meilleur de <\/p>\n<p> dans ta boite mail<\/p>\n","protected":false},"excerpt":{"rendered":"Accueil &gt; Quiz &gt; Quiz : ces 7 images viennent-elles de La Grande Vadrouille, La 7\u00e8me Compagnie ou&hellip;\n","protected":false},"author":2,"featured_media":317607,"comment_status":"","ping_status":"","sticky":false,"template":"","format":"standard","meta":{"footnotes":""},"categories":[1354],"tags":[58,59,1346,1011,27,1360],"class_list":{"0":"post-317606","1":"post","2":"type-post","3":"status-publish","4":"format-standard","5":"has-post-thumbnail","7":"category-films","8":"tag-divertissement","9":"tag-entertainment","10":"tag-films","11":"tag-fr","12":"tag-france","13":"tag-movies"},"share_on_mastodon":{"url":"https:\/\/pubeurope.com\/@fr\/115024704840492844","error":""},"_links":{"self":[{"href":"https:\/\/www.europesays.com\/fr\/wp-json\/wp\/v2\/posts\/317606","targetHints":{"allow":["GET"]}}],"collection":[{"href":"https:\/\/www.europesays.com\/fr\/wp-json\/wp\/v2\/posts"}],"about":[{"href":"https:\/\/www.europesays.com\/fr\/wp-json\/wp\/v2\/types\/post"}],"author":[{"embeddable":true,"href":"https:\/\/www.europesays.com\/fr\/wp-json\/wp\/v2\/users\/2"}],"replies":[{"embeddable":true,"href":"https:\/\/www.europesays.com\/fr\/wp-json\/wp\/v2\/comments?post=317606"}],"version-history":[{"count":0,"href":"https:\/\/www.europesays.com\/fr\/wp-json\/wp\/v2\/posts\/317606\/revisions"}],"wp:featuredmedia":[{"embeddable":true,"href":"https:\/\/www.europesays.com\/fr\/wp-json\/wp\/v2\/media\/317607"}],"wp:attachment":[{"href":"https:\/\/www.europesays.com\/fr\/wp-json\/wp\/v2\/media?parent=317606"}],"wp:term":[{"taxonomy":"category","embeddable":true,"href":"https:\/\/www.europesays.com\/fr\/wp-json\/wp\/v2\/categories?post=317606"},{"taxonomy":"post_tag","embeddable":true,"href":"https:\/\/www.europesays.com\/fr\/wp-json\/wp\/v2\/tags?post=317606"}],"curies":[{"name":"wp","href":"https:\/\/api.w.org\/{rel}","templated":true}]}}